{"id":1157635,"date":"2026-08-30T16:30:14","date_gmt":"2026-08-30T16:30:14","guid":{"rendered":"https:\/\/www.europesays.com\/fr\/1157635\/"},"modified":"2026-08-30T16:30:14","modified_gmt":"2026-08-30T16:30:14","slug":"avec-bigger-picture-le-photographe-yanick-sorensen-part-a-la-rencontre-dun-liban-loin-des-gros-titres","status":"publish","type":"post","link":"https:\/\/www.europesays.com\/fr\/1157635\/","title":{"rendered":"Avec \u00ab Bigger Picture \u00bb, le photographe Yanick S\u00f8rensen part \u00e0 la rencontre d\u2019un Liban loin des gros titres"},"content":{"rendered":"\n<p>Il signe ses vid\u00e9os et ses photos d\u2019un simple pr\u00e9nom : Yanick. Dans sa vie, dans son esprit, le Liban a toujours exist\u00e9 quelque part entre les souvenirs familiaux et les gros titres de la presse internationale. Ses impressions et ses \u00e9motions se sont ainsi construites dans cet entre-deux. N\u00e9 au Danemark d\u2019une m\u00e8re danoise et d\u2019un p\u00e8re libanais contraint de partir pendant la guerre civile, Yanick S\u00f8rensen a grandi dans un environnement danois, tout en passant des semaines, parfois des mois, aupr\u00e8s d\u2019une partie de sa famille rest\u00e9e au Liban. Une proximit\u00e9 qui lui a permis, au fil des ann\u00e9es, de tisser un lien avec ce pays et d\u2019en construire une perception diff\u00e9rente, au-del\u00e0 de l\u2019image un peu superficielle, un peu fauss\u00e9e, qu\u2019il en avait \u00ab de l\u2019ext\u00e9rieur \u00bb.\u00ab Ce que j\u2019entendais sur le Liban au Danemark et ce que je vis au Liban sont tr\u00e8s&#8230;<\/p>\n<p>     Veuillez vous connecter pour visualiser les r\u00e9sultats       <\/p>\n<p>Il signe ses vid\u00e9os et ses photos d\u2019un simple pr\u00e9nom : Yanick. Dans sa vie, dans son esprit, le Liban a toujours exist\u00e9 quelque part entre les souvenirs familiaux et les gros titres de la presse internationale. Ses impressions et ses \u00e9motions se sont ainsi construites dans cet entre-deux. N\u00e9 au Danemark d\u2019une m\u00e8re danoise et d\u2019un p\u00e8re libanais contraint de partir pendant la guerre civile, Yanick S\u00f8rensen a grandi dans un environnement danois, tout en passant des semaines, parfois des mois, aupr\u00e8s d\u2019une partie de sa famille rest\u00e9e au Liban. Une proximit\u00e9 qui lui a permis, au fil des ann\u00e9es, de tisser un lien avec ce pays et d\u2019en construire une perception diff\u00e9rente, au-del\u00e0 de l\u2019image un peu superficielle, un peu fauss\u00e9e, qu\u2019il en avait \u00ab de l\u2019ext\u00e9rieur \u00bb.\u00ab Ce que j\u2019entendais sur le Liban au Danemark&#8230;<\/p>\n<p class=\"ql-align-center\">Cet \u00e9t\u00e9, restez inform\u00e9s.<\/p>\n<p class=\"ql-align-center\">3 mois d\u2019abonnement pour <strong>seulement 1 $.<\/strong><\/p>\n<p>  Cet article est r\u00e9serv\u00e9 aux abonn\u00e9s.Abonnez-vous pour 1$ et acc\u00e9dez \u00e0 une information ind\u00e9pendante.Dans votre abonnement num\u00e9rique : la version PDF du quotidien L\u2019Orient-Le Jour, des newsletters r\u00e9serv\u00e9es aux abonn\u00e9s ainsi qu&rsquo;un acc\u00e8s illimit\u00e9 \u00e0 3 m\u00e9dias en ligne : L\u2019Orient-Le Jour, L\u2019Orient Today et L\u2019Orient Litt\u00e9raire. <\/p>\n","protected":false},"excerpt":{"rendered":"Il signe ses vid\u00e9os et ses photos d\u2019un simple pr\u00e9nom : Yanick. Dans sa vie, dans son esprit,&hellip;\n","protected":false},"author":2,"featured_media":1157636,"comment_status":"","ping_status":"","sticky":false,"template":"","format":"standard","meta":{"footnotes":"","_share_on_mastodon":"0"},"categories":[1358],"tags":[1348,1384,1385,86151,1386,58,59,1011,27,2440,2745,938],"class_list":["post-1157635","post","type-post","status-publish","format-standard","has-post-thumbnail","category-arts-et-design","tag-arts","tag-arts-and-design","tag-arts-et-design","tag-beyrouth","tag-design","tag-divertissement","tag-entertainment","tag-fr","tag-france","tag-instagram","tag-photo","tag-reseaux-sociaux"],"share_on_mastodon":{"url":"https:\/\/pubeurope.com\/@fr\/117185414556953158","error":""},"_links":{"self":[{"href":"https:\/\/www.europesays.com\/fr\/wp-json\/wp\/v2\/posts\/1157635","targetHints":{"allow":["GET"]}}],"collection":[{"href":"https:\/\/www.europesays.com\/fr\/wp-json\/wp\/v2\/posts"}],"about":[{"href":"https:\/\/www.europesays.com\/fr\/wp-json\/wp\/v2\/types\/post"}],"author":[{"embeddable":true,"href":"https:\/\/www.europesays.com\/fr\/wp-json\/wp\/v2\/users\/2"}],"replies":[{"embeddable":true,"href":"https:\/\/www.europesays.com\/fr\/wp-json\/wp\/v2\/comments?post=1157635"}],"version-history":[{"count":0,"href":"https:\/\/www.europesays.com\/fr\/wp-json\/wp\/v2\/posts\/1157635\/revisions"}],"wp:featuredmedia":[{"embeddable":true,"href":"https:\/\/www.europesays.com\/fr\/wp-json\/wp\/v2\/media\/1157636"}],"wp:attachment":[{"href":"https:\/\/www.europesays.com\/fr\/wp-json\/wp\/v2\/media?parent=1157635"}],"wp:term":[{"taxonomy":"category","embeddable":true,"href":"https:\/\/www.europesays.com\/fr\/wp-json\/wp\/v2\/categories?post=1157635"},{"taxonomy":"post_tag","embeddable":true,"href":"https:\/\/www.europesays.com\/fr\/wp-json\/wp\/v2\/tags?post=1157635"}],"curies":[{"name":"wp","href":"https:\/\/api.w.org\/{rel}","templated":true}]}}