{"id":1157637,"date":"2026-08-30T16:32:17","date_gmt":"2026-08-30T16:32:17","guid":{"rendered":"https:\/\/www.europesays.com\/fr\/1157637\/"},"modified":"2026-08-30T16:32:17","modified_gmt":"2026-08-30T16:32:17","slug":"olivier-faure-invite-du-jt-de-20h-de-tf1-ce-dimanche-30-aout-tf1-info","status":"publish","type":"post","link":"https:\/\/www.europesays.com\/fr\/1157637\/","title":{"rendered":"Olivier Faure invit\u00e9 du JT de 20H de TF1 ce dimanche 30 ao\u00fbt &#8211; TF1 Info"},"content":{"rendered":"<ol>\n<li><a href=\"https:\/\/news.google.com\/rss\/articles\/CBMi4AFBVV95cUxQNmdCU3pweHZCSzRqQnJ6WW1ZZXNNSlRfUWJwNEpfaDRXeWhPSllXRE5xUFZ0SmJGN1pZVDJES2NXbktKT3dnRDRkS05tSS1kdHBPU2E3OTJsOFA3Mks0SWNTWDhYV3MyWFVLVmlOaVBpVjlRZVpSRjBxY3BYMUJCM2JlLTY4ZFQ5UER5cXh0VU5kMmg0dVJlczFQQi1BX2NoalNNb2dZbThFOVVfMXBxQVpoMEw2NFI5RWR5TDg4eTJHb2xRVFpBTEtnVTZZaVVuVUthVjlPSFZwODhBSnlsMA?oc=5\" target=\"_blank\" rel=\"nofollow noopener\">Olivier Faure invit\u00e9 du JT de 20H de TF1 ce dimanche 30 ao\u00fbt<\/a>&nbsp;&nbsp;TF1 Info<\/li>\n<li><a href=\"https:\/\/news.google.com\/rss\/articles\/CBMi2gFBVV95cUxPNzd6RnpCdGpvMnphVWJacGo5dG41bUZLOHFVS0I4MkdpanUtZUI5ZXdNaHJXbnpMOUNwM2dpallCaFVpMm5IRDlObFNncm9FVGdoOGV2NjdlNlVvMmdMdEtZTmx2UlQ5bV9vWUhKcmRPUjE3OE5BeVFjOFowMXRQam5sUDB3Q3lKZTlGZnc2ZHZBaHdLUHFpeFB4RnZPcW94NmI3U1J1Y3F5X3VFWHlyQ0YzaTJMZ0ZHX3IxUWVjbGxGR1E4RW1NREVDdWM4MVJEZ085elRJRU15UQ?oc=5\" target=\"_blank\" rel=\"nofollow noopener\">Pr\u00e9sidentielle 2027 : Olivier Faure candidat \u00e0 la primaire du PS et de Place publique, Glucksmann attend un moment de \u00abclarification<\/a>&nbsp;&nbsp;Lib\u00e9ration<\/li>\n<li><a href=\"https:\/\/news.google.com\/rss\/articles\/CBMi0wFBVV95cUxPQ0JtR1FDenBDNW1FY3JZTHJ5aVRUWDVFN3NhLS1ROGJZelJaZHpDYW5YMDBaTXlKdTBObk1XVXQxZ0w0OXZGNFF4cHFHbHdUcURKdF9lRGlrT054NlNVSlFCbkc1VFIyTmoyRVNSWnNVUFRHVUZxQUhwUmlOaFNvZ3VlTVc4YU5GSlVrTDE5cTZfX0o0clA3aWM1Y29teW9vYnpHbWEzbHdtbGJaS0Q2NkRsamZDSUNDTkJRV3F2bEhXdTRIQW1PT3h1d0hQRXJDRVJ3?oc=5\" target=\"_blank\" rel=\"nofollow noopener\">Les Picards dans la campagne pr\u00e9sidentielle 2027 : A. Ouizille ralli\u00e9 \u00e0 R. Gluskmann, F. Ruffin pourfend la primaire socialiste<\/a>&nbsp;&nbsp;Courrier picard<\/li>\n<li><a href=\"https:\/\/news.google.com\/rss\/articles\/CBMilgJBVV95cUxNUVhLbktjRC1WOS1iR2lSSlpjVE9wXzhnMW1pbzdlaUJpZEhVN0NMR2hmTE16bVJTVlhPX09Cb2g0bE5EZDZpRDlWVmF5ZXdZMnN6dmgwcE9lOE80d0ItYjY3ZllrdERwWjgwTkNjOXhDVTBaM0xWTHo4M2FhaDIxcE1uOHdMZDBrX1c2YVg0OF9aYmNrYU9kUmdiM1NYQnZPT0xnVlBkNmtMN000cTFRQXZDXzZLM1gwSG04Sm8wZl9Tb3RZNUF5bUVYUHgxTlNBWkNrdTUzMDZlbzNFdjUzN0pycDdRZXE0dkVDLVdjMnlhTE9EV0tVUTRtU1lQWDRmdXpUMmJpSFUwcm00aVotNEFXVzlUdw?oc=5\" target=\"_blank\" rel=\"nofollow noopener\">Rapha\u00ebl Glucksmann soutiendra la censure du gouvernement en cas de \u00ab\u00a0r\u00e9gression sociale et \u00e9cologique\u00a0\u00bb du budget 2027<\/a>&nbsp;&nbsp;franceinfo<\/li>\n<li><a href=\"https:\/\/news.google.com\/rss\/articles\/CBMi3wFBVV95cUxNVHROeGk2QUhjOTlqUThzQ0UxaEV2TXptekVTbTBDWFFVM1RRTHJsS2JUMllXcGhFTFF4bkRJV0tMQlZpdlZxbGhJdGZXXzNpRmlXX085R2x0Y2xJZEw3V1Vqc3Y5T01JY0tyT2dDOGt6TzFvRnA3VjlKSGVXeHdaYm51TENHRk0yeXROVHUwUVNNOHlsbFpvd1hvUWxJa0o5NFFOMHdGelNMS3FCckh1aGtoRFg2djFlR056LW15NXNnczZ5aEFFbXJ4Mk45TU1LdUY5RXRiTVE2dWhXQmUw?oc=5\" target=\"_blank\" rel=\"nofollow noopener\">\u00ab Je suis pr\u00eat \u00bb : Olivier Faure, les coulisses d\u2019une candidature imminente<\/a>&nbsp;&nbsp;La Tribune<\/li>\n<\/ol>\n","protected":false},"excerpt":{"rendered":"Olivier Faure invit\u00e9 du JT de 20H de TF1 ce dimanche 30 ao\u00fbt&nbsp;&nbsp;TF1 Info Pr\u00e9sidentielle 2027 : Olivier&hellip;\n","protected":false},"author":2,"featured_media":1157638,"comment_status":"","ping_status":"","sticky":false,"template":"","format":"standard","meta":{"footnotes":"","_share_on_mastodon":"0"},"categories":[1356],"tags":[1111,11,27438,1921,58,3079,117716,5949,59,1011,27,1922,47720,4393,3541,252,199,1364,133,4530],"class_list":["post-1157637","post","type-post","status-publish","format-standard","has-post-thumbnail","category-television","tag-actu","tag-actualites","tag-anne-claire-coudray","tag-article-video","tag-divertissement","tag-election-presidentielle-2027","tag-election-presidentielle-2027-la-course-aux-candidatures-est-lancee","tag-elections","tag-entertainment","tag-fr","tag-france","tag-info","tag-la-politique","tag-olivier-faure","tag-parti-socialiste","tag-television","tag-tf1","tag-tv","tag-video","tag-video-politique"],"share_on_mastodon":{"url":"https:\/\/pubeurope.com\/@fr\/117185422657391831","error":""},"_links":{"self":[{"href":"https:\/\/www.europesays.com\/fr\/wp-json\/wp\/v2\/posts\/1157637","targetHints":{"allow":["GET"]}}],"collection":[{"href":"https:\/\/www.europesays.com\/fr\/wp-json\/wp\/v2\/posts"}],"about":[{"href":"https:\/\/www.europesays.com\/fr\/wp-json\/wp\/v2\/types\/post"}],"author":[{"embeddable":true,"href":"https:\/\/www.europesays.com\/fr\/wp-json\/wp\/v2\/users\/2"}],"replies":[{"embeddable":true,"href":"https:\/\/www.europesays.com\/fr\/wp-json\/wp\/v2\/comments?post=1157637"}],"version-history":[{"count":0,"href":"https:\/\/www.europesays.com\/fr\/wp-json\/wp\/v2\/posts\/1157637\/revisions"}],"wp:featuredmedia":[{"embeddable":true,"href":"https:\/\/www.europesays.com\/fr\/wp-json\/wp\/v2\/media\/1157638"}],"wp:attachment":[{"href":"https:\/\/www.europesays.com\/fr\/wp-json\/wp\/v2\/media?parent=1157637"}],"wp:term":[{"taxonomy":"category","embeddable":true,"href":"https:\/\/www.europesays.com\/fr\/wp-json\/wp\/v2\/categories?post=1157637"},{"taxonomy":"post_tag","embeddable":true,"href":"https:\/\/www.europesays.com\/fr\/wp-json\/wp\/v2\/tags?post=1157637"}],"curies":[{"name":"wp","href":"https:\/\/api.w.org\/{rel}","templated":true}]}}