{"id":115765,"date":"2025-05-21T02:17:09","date_gmt":"2025-05-21T02:17:09","guid":{"rendered":"https:\/\/www.europesays.com\/fr\/115765\/"},"modified":"2025-05-21T02:17:09","modified_gmt":"2025-05-21T02:17:09","slug":"flamboyante-en-robe-fendue-virginie-efira-signe-sa-premiere-apparition-sur-le-tapis-rouge-de-cannes-2025","status":"publish","type":"post","link":"https:\/\/www.europesays.com\/fr\/115765\/","title":{"rendered":"Flamboyante en robe fendue, Virginie Efira signe sa premi\u00e8re apparition sur le tapis rouge de Cannes 2025"},"content":{"rendered":"<p>Sur le tapis rouge du film Vie priv\u00e9e de Rebecca Zlotowski, l\u2019actrice belge s\u2019est pr\u00e9sent\u00e9e v\u00eatue d\u2019une robe audacieuse et \u00e9l\u00e9gante sign\u00e9e Saint Laurent.<\/p>\n<p class=\"fig-paragraph\">Elle est, et restera s\u00fbrement, l\u2019une des actrices qui incarne le mieux le style de la maison\u00a0<a href=\"http:\/\/madame.lefigaro.fr\/celebrites\/en-robe-noire-saint-laurent-bella-hadid-defie-habilement-les-interdits-vestimentaires-du-tapis-rouge-de-cannes-20250513\" target=\"_blank\" data-fig-type=\"Article\" rel=\"noopener\" data-gtm-custom-categorie=\"navigation\" data-gtm-custom-action=\"crossclick\" data-gtm-custom-label=\"Contextuel\" data-gtm-event=\"customEventSPE\" data-fig-domain=\"MADAME\">Saint Laurent<\/a>. Ce 20 mai au\u00a0<a href=\"http:\/\/madame.lefigaro.fr\/style\/news\/les-photos-du-diner-d-ouverture-tres-prive-du-festival-de-cannes-20250514\" target=\"_blank\" data-fig-type=\"Article\" rel=\"noopener\" data-gtm-custom-categorie=\"navigation\" data-gtm-custom-action=\"crossclick\" data-gtm-custom-label=\"Contextuel\" data-gtm-event=\"customEventSPE\" data-fig-domain=\"MADAME\">Festival de Cannes<\/a>, en marge de la projection du film Vie priv\u00e9e de Rebecca Zlotowski dans lequel elle incarne le personnage de Paula Cohen-Solal,\u00a0<a href=\"http:\/\/madame.lefigaro.fr\/societe\/actu\/pourquoi-virginie-efira-est-au-coeur-d-une-polemique-depuis-qu-elle-va-incarner-gisele-halimi-20250204\" target=\"_blank\" data-fig-type=\"Article\" rel=\"noopener\" data-gtm-custom-categorie=\"navigation\" data-gtm-custom-action=\"crossclick\" data-gtm-custom-label=\"Contextuel\" data-gtm-event=\"customEventSPE\" data-fig-domain=\"MADAME\">Virginie Efira<\/a>\u00a0n\u2019a pas manqu\u00e9 \u00e0 ses habitudes. Chevelure blonde d\u00e9tach\u00e9e et l\u00e9g\u00e8rement ondul\u00e9e, elle s\u2019est pr\u00e9sent\u00e9e habill\u00e9e d\u2019une cr\u00e9ation sign\u00e9e Anthony Vaccarello, directeur artistique de la maison de luxe fran\u00e7aise.<\/p>\n<p>    Virginie Efira en Saint Laurent sur le tapis rouge du film Vie priv\u00e9e lors du 78e Festival de Cannes. (Cannes, le 20 mai 2025.)<br \/>\n                Gisela Schober \/ Getty Images<\/p>\n<p class=\"fig-paragraph\">Apr\u00e8s avoir adopt\u00e9 la veste de costume XXL \u00e0 la\u00a0<a href=\"http:\/\/madame.lefigaro.fr\/celebrites\/soirees\/nicole-kidman-paul-mescal-virginie-efira-charlie-xcx-a-cannes-les-stars-fetent-les-10-ans-de-women-in-motion-20250519\" target=\"_blank\" data-fig-type=\"Article\" rel=\"noopener\" data-gtm-custom-categorie=\"navigation\" data-gtm-custom-action=\"crossclick\" data-gtm-custom-label=\"Contextuel\" data-gtm-event=\"customEventSPE\" data-fig-domain=\"MADAME\">soir\u00e9e Women In Motion<\/a>\u00a0deux jours plus t\u00f4t, elle a cette fois jet\u00e9 son d\u00e9volu sur une robe portefeuille a\u00e9rienne d\u2019un bordeaux profond, d\u00e9licatement nou\u00e9e \u00e0 la taille par un maxin\u0153ud noir en satin. Une pi\u00e8ce couture caract\u00e9ris\u00e9e par des manches volumineuses serr\u00e9es aux poignets ainsi qu\u2019une fente audacieuse au niveau de la jambe gauche. Du c\u00f4t\u00e9 des chaussures, la femme de Niels Schneider &#8211; absent sur le tapis rouge ce soir-l\u00e0 -, a mis\u00e9 sur les sandales en satin et en cuir \u00abSalome\u00bb de Saint Laurent, reconnaissables par un talon compens\u00e9 recouvert de cuir dor\u00e9.<\/p>\n<p>\u00a0\u00bb<br \/>\n        data-script=\u00a0\u00bbhttps:\/\/static.lefigaro.fr\/widget-video\/short-ttl\/video\/index.js\u00a0\u00bb<br \/>\n    &gt;<\/p>\n<p>Lady Saint Laurent<\/p>\n<p class=\"fig-paragraph\">Que ce soit en pleine Fashion Week de Paris ou sur la Croisette, Virginie Efira manque rarement une occasion de se parer de pi\u00e8ces \u00abYSL\u00bb. En septembre 2024, c\u2019est tout en cuir et en dentelle qu\u2019elle s\u2019est pr\u00e9sent\u00e9e\u00a0<a href=\"http:\/\/madame.lefigaro.fr\/style\/news\/en-jupe-transparente-et-veste-en-cuir-virginie-efira-subjugue-la-nuit-parisienne-au-defile-saint-laurent-20240925\" target=\"_blank\" data-fig-type=\"Article\" rel=\"noopener\" data-gtm-custom-categorie=\"navigation\" data-gtm-custom-action=\"crossclick\" data-gtm-custom-label=\"Contextuel\" data-gtm-event=\"customEventSPE\" data-fig-domain=\"MADAME\">aux portes du show printemps-\u00e9t\u00e9 2025<\/a>\u00a0avec son mari. Plus r\u00e9cemment au mois de mars \u00e0 l\u2019occasion du d\u00e9fil\u00e9 automne-hiver 2025-2026 de la marque du groupe Kering, elle a de nouveau sorti le grand jeu mode\u00a0: maxiblouson en cuir port\u00e9 par-dessus une longue robe noire semi-transparente. Il fallait oser, Virginie Efira l\u2019a fait.<\/p>\n","protected":false},"excerpt":{"rendered":"Sur le tapis rouge du film Vie priv\u00e9e de Rebecca Zlotowski, l\u2019actrice belge s\u2019est pr\u00e9sent\u00e9e v\u00eatue d\u2019une robe&hellip;\n","protected":false},"author":2,"featured_media":115766,"comment_status":"","ping_status":"","sticky":false,"template":"","format":"standard","meta":{"footnotes":""},"categories":[8],"tags":[998,988,991,1000,993,58,994,59,992,5634,638,1011,27,997,977,999,989,11584,995,973,990,996,13453],"class_list":{"0":"post-115765","1":"post","2":"type-post","3":"status-publish","4":"format-standard","5":"has-post-thumbnail","7":"category-divertissement","8":"tag-accessoire","9":"tag-actu-mode","10":"tag-actualite-mode","11":"tag-celebrites","12":"tag-defiles","13":"tag-divertissement","14":"tag-egerie-mode","15":"tag-entertainment","16":"tag-fashion-week","17":"tag-festival-de-cannes","18":"tag-figaro","19":"tag-fr","20":"tag-france","21":"tag-lingerie","22":"tag-madame","23":"tag-mode-fashion-femme","24":"tag-mode-femme","25":"tag-montee-des-marches","26":"tag-nouvelle-tendance","27":"tag-people","28":"tag-tendance-mode","29":"tag-vetement","30":"tag-virginie-efira"},"share_on_mastodon":{"url":"https:\/\/pubeurope.com\/@fr\/114543424253329449","error":""},"_links":{"self":[{"href":"https:\/\/www.europesays.com\/fr\/wp-json\/wp\/v2\/posts\/115765","targetHints":{"allow":["GET"]}}],"collection":[{"href":"https:\/\/www.europesays.com\/fr\/wp-json\/wp\/v2\/posts"}],"about":[{"href":"https:\/\/www.europesays.com\/fr\/wp-json\/wp\/v2\/types\/post"}],"author":[{"embeddable":true,"href":"https:\/\/www.europesays.com\/fr\/wp-json\/wp\/v2\/users\/2"}],"replies":[{"embeddable":true,"href":"https:\/\/www.europesays.com\/fr\/wp-json\/wp\/v2\/comments?post=115765"}],"version-history":[{"count":0,"href":"https:\/\/www.europesays.com\/fr\/wp-json\/wp\/v2\/posts\/115765\/revisions"}],"wp:featuredmedia":[{"embeddable":true,"href":"https:\/\/www.europesays.com\/fr\/wp-json\/wp\/v2\/media\/115766"}],"wp:attachment":[{"href":"https:\/\/www.europesays.com\/fr\/wp-json\/wp\/v2\/media?parent=115765"}],"wp:term":[{"taxonomy":"category","embeddable":true,"href":"https:\/\/www.europesays.com\/fr\/wp-json\/wp\/v2\/categories?post=115765"},{"taxonomy":"post_tag","embeddable":true,"href":"https:\/\/www.europesays.com\/fr\/wp-json\/wp\/v2\/tags?post=115765"}],"curies":[{"name":"wp","href":"https:\/\/api.w.org\/{rel}","templated":true}]}}