{"id":1157652,"date":"2026-08-30T16:41:31","date_gmt":"2026-08-30T16:41:31","guid":{"rendered":"https:\/\/www.europesays.com\/fr\/1157652\/"},"modified":"2026-08-30T16:41:31","modified_gmt":"2026-08-30T16:41:31","slug":"inondations-au-nepal-qui-sont-les-quatre-francais-portes-disparus","status":"publish","type":"post","link":"https:\/\/www.europesays.com\/fr\/1157652\/","title":{"rendered":"Inondations au N\u00e9pal\u00a0: Qui sont les quatre Fran\u00e7ais port\u00e9s disparus\u00a0?"},"content":{"rendered":"<p><a href=\"https:\/\/www.20minutes.fr\/monde\/4241204-20260827-inondations-nepal-moins-quatre-francais-parmi-517-touristes-etrangers-portes-disparus\" target=\"_blank\" class=\"c-link c-link--is-underlined\" rel=\"nofollow noopener\">Quatre Fran\u00e7ais<\/a> sont encore, \u00e0 ce jour, port\u00e9s disparus apr\u00e8s <a href=\"https:\/\/www.20minutes.fr\/monde\/4241668-20260830-inondations-meurtrieres-nepal-operations-secours-compliquees-montee-eaux\" target=\"_blank\" class=\"c-link c-link--is-underlined\" rel=\"nofollow noopener\">les violentes inondations<\/a> qui ont touch\u00e9 mercredi le N\u00e9pal. Ils font partie des 3.000 personnes activement recherch\u00e9es par les secours sur place. Dans la r\u00e9gion frontali\u00e8re, <a href=\"https:\/\/www.20minutes.fr\/monde\/4241592-20260829-inondations-meurtrieres-nepal-femme-97-ans-engloutie-coulee-boue-sauvee-miracle\" target=\"_blank\" class=\"c-link c-link--is-underlined\" rel=\"nofollow noopener\">le bilan<\/a> continue de s\u2019alourdir\u00a0: ce dimanche, les autorit\u00e9s locales recensent au moins 797 morts. Mais les proches des ressortissants fran\u00e7ais tentent de garder espoir.<\/p>\n<p>Stella, amie de Betty Benredouane, <a href=\"https:\/\/www.bfmtv.com\/international\/asie\/c-etait-un-voyage-tres-important-pour-elle-que-sait-on-des-quatre-francais-disparus-dans-la-crue-au-nepal_AV-202608290088.html\" target=\"_blank\" class=\"c-link c-link--is-underlined\" rel=\"nofollow noopener\">confie \u00e0 BFMTV<\/a> sa \u00ab\u00a0d\u00e9tresse\u00a0\u00bb dans l\u2019attente de nouvelles de la Marseillaise de 47 ans. Cette derni\u00e8re \u00e9tait partie pour un \u00ab\u00a0voyage spirituel\u00a0\u00bb dans les montagnes. M\u00eame inqui\u00e9tude chez un proche de Kateryna Duzenko, Franco-Ukrainienne de 38 ans, qui s\u2019appr\u00eatait \u00e0 rentrer apr\u00e8s un trek de plusieurs jours dans l\u2019Himalaya, <a href=\"https:\/\/rmc.bfmtv.com\/actualites\/international\/temoignage-rmc-elle-a-fui-l-ukraine-pour-mourir-au-nepal-le-temoignage-exclusif-d-un-proche-d-un-des-francais-disparus_AN-202608280754.html\" target=\"_blank\" class=\"c-link c-link--is-underlined\" rel=\"nofollow noopener\">selon RMC<\/a>. \u00ab\u00a0Il y a 99\u00a0% de chances\u00a0\u00bb pour qu\u2019elle ne soit plus vivante, avoue-t-il douloureusement. \u00ab Tout son groupe de randonn\u00e9e ne r\u00e9pond plus, y compris leur guide.\u00a0\u00bb<\/p>\n<p>Partis en trek<\/p>\n<p>Selon Le Parisien, les deux autres disparus sont une femme, dont la famille a souhait\u00e9 conserver l\u2019anonymat, ainsi qu\u2019un homme, Kapil Mahajan, n\u00e9 en\u00a01980. Le quotidien pr\u00e9cise qu\u2019au moins trois des quatre Fran\u00e7ais \u00e9taient li\u00e9s \u00e0 l\u2019agence de voyages Trekkers Society. Celle-ci a \u00e9voqu\u00e9, aupr\u00e8s de <a href=\"https:\/\/www.franceinfo.fr\/environnement\/evenements-meteorologiques-extremes\/inondations-et-crues\/crues-meurtrieres-au-nepal-et-au-tibet\/le-ministere-des-affaires-etrangeres-confirme-que-quatre-francais-sont-portes-disparus-apres-les-crues-meurtrieres-au-nepal-et-au-tibet_8167124.html\" target=\"_blank\" class=\"c-link c-link--is-underlined\" rel=\"nofollow noopener\">franceinfo<\/a>, la possibilit\u00e9 qu\u2019ils se trouvaient au poste-fronti\u00e8re chinois de Gyirong lors de la crue.<\/p>\n<p>Dans le m\u00eame temps, le porte-parole adjoint du Quai d\u2019Orsay a d\u00e9clar\u00e9 que \u00ab\u00a0l\u2019ambassade de France \u00e0 Katmandou\u00a0\u00bb \u00e9tait \u00ab\u00a0en lien avec les autorit\u00e9s locales pour tenter de les retrouver\u00a0\u00bb. \u00ab Les \u00e9quipes du Centre de crise et de soutien\u00a0\u00bb sont \u00ab\u00a0en contact avec les familles de nos ressortissants\u00a0\u00bb, a-t-il pr\u00e9cis\u00e9.<\/p>\n","protected":false},"excerpt":{"rendered":"Quatre Fran\u00e7ais sont encore, \u00e0 ce jour, port\u00e9s disparus apr\u00e8s les violentes inondations qui ont touch\u00e9 mercredi le&hellip;\n","protected":false},"author":2,"featured_media":1157653,"comment_status":"","ping_status":"","sticky":false,"template":"","format":"standard","meta":{"footnotes":"","_share_on_mastodon":"0"},"categories":[5],"tags":[47,11,4732,11295,2715,1011,27,4458,14,74,29114,12,28],"class_list":["post-1157652","post","type-post","status-publish","format-standard","has-post-thumbnail","category-international","tag-actualite","tag-actualites","tag-catastrophe-naturelle","tag-crue","tag-disparition","tag-fr","tag-france","tag-inondation","tag-international","tag-monde","tag-nepal","tag-news","tag-world"],"share_on_mastodon":{"url":"https:\/\/pubeurope.com\/@fr\/117185457858622465","error":""},"_links":{"self":[{"href":"https:\/\/www.europesays.com\/fr\/wp-json\/wp\/v2\/posts\/1157652","targetHints":{"allow":["GET"]}}],"collection":[{"href":"https:\/\/www.europesays.com\/fr\/wp-json\/wp\/v2\/posts"}],"about":[{"href":"https:\/\/www.europesays.com\/fr\/wp-json\/wp\/v2\/types\/post"}],"author":[{"embeddable":true,"href":"https:\/\/www.europesays.com\/fr\/wp-json\/wp\/v2\/users\/2"}],"replies":[{"embeddable":true,"href":"https:\/\/www.europesays.com\/fr\/wp-json\/wp\/v2\/comments?post=1157652"}],"version-history":[{"count":0,"href":"https:\/\/www.europesays.com\/fr\/wp-json\/wp\/v2\/posts\/1157652\/revisions"}],"wp:featuredmedia":[{"embeddable":true,"href":"https:\/\/www.europesays.com\/fr\/wp-json\/wp\/v2\/media\/1157653"}],"wp:attachment":[{"href":"https:\/\/www.europesays.com\/fr\/wp-json\/wp\/v2\/media?parent=1157652"}],"wp:term":[{"taxonomy":"category","embeddable":true,"href":"https:\/\/www.europesays.com\/fr\/wp-json\/wp\/v2\/categories?post=1157652"},{"taxonomy":"post_tag","embeddable":true,"href":"https:\/\/www.europesays.com\/fr\/wp-json\/wp\/v2\/tags?post=1157652"}],"curies":[{"name":"wp","href":"https:\/\/api.w.org\/{rel}","templated":true}]}}