{"id":1157665,"date":"2026-08-30T16:56:15","date_gmt":"2026-08-30T16:56:15","guid":{"rendered":"https:\/\/www.europesays.com\/fr\/1157665\/"},"modified":"2026-08-30T16:56:15","modified_gmt":"2026-08-30T16:56:15","slug":"les-chasseurs-appeles-au-calme-un-train-qui-sarrete-a-la-demande-montpellier-se-souvient-de-la-liberation-lessentiel-de-lactu-en-region","status":"publish","type":"post","link":"https:\/\/www.europesays.com\/fr\/1157665\/","title":{"rendered":"Les chasseurs appel\u00e9s au calme, un train qui s\u2019arr\u00eate \u00e0 la demande, Montpellier se souvient de la Lib\u00e9ration\u2026 l\u2019essentiel de l\u2019actu en r\u00e9gion"},"content":{"rendered":"<p>\n                                                                Chaque soir \u00e0 20\u00a0h\u00a030, retrouvez les 5 informations r\u00e9gionales de la journ\u00e9e.\n                            <\/p>\n<p>Le pr\u00e9sident des chasseurs appelle au calme<\/p>\n<p><strong>#H\u00c9RAULT\u00a0&#8211; <\/strong>Max Alli\u00e8s, pr\u00e9sident de la f\u00e9d\u00e9ration d\u00e9partementale de chasse demande aux 15\u00a0000 chasseurs \u00ab\u00a0d\u2019\u00e9viter tout d\u00e9rapage apr\u00e8s cette provocation. Sandrine Rousseau fait le buzz. On ne voudrait pas que \u00e7a d\u00e9g\u00e9n\u00e8re et que \u00e7a se passe mal. Nos adh\u00e9rents sont indign\u00e9s par ces propos\u00a0\u00bb.<\/p>\n<p>\u00ab\u00a0Il va nous falloir nous affronter \u00e0 cette ouverture de la chasse [\u2026] Nous serons l\u00e0 debout, face \u00e0 eux, physiquement\u00a0!\u00a0\u00bb, a d\u00e9clar\u00e9 la d\u00e9put\u00e9e lors de l\u2019universit\u00e9 d\u2019\u00e9t\u00e9 du mouvement REV d\u2019Aymeric Caron. La f\u00e9d\u00e9ration nationale envisage de porter plainte. Il y a quelques jours, des associations avaient appel\u00e9 \u00e0 reporter l\u2019ouverture pour pr\u00e9server le gibier affaibli par la canicule.<\/p>\n<p>\u201cL\u2019Assomption de la Vierge\u201d retrouve la cath\u00e9drale de N\u00eemes<\/p>\n<p><strong>#GARD \u2013<\/strong> Apr\u00e8s vingt-sept mois de restauration, le tableau L\u2019Assomption de la Vierge de Nicolas Mignard r\u00e9int\u00e8gre la cath\u00e9drale Notre-Dame et Saint-Castor d\u00e9but septembre. L\u2019\u0153uvre de 5,5 m\u00e8tres de haut par 3,75 m\u00e8tres de large avait quitt\u00e9 l\u2019\u00e9difice religieux au XIXe\u00a0si\u00e8cle.<\/p>\n<p>Command\u00e9e en 1645 par les chanoines de N\u00eemes pour orner le ma\u00eetre-autel, la toile avait \u00e9t\u00e9 d\u00e9mont\u00e9e \u00e0 la R\u00e9volution fran\u00e7aise, puis red\u00e9couverte et restaur\u00e9e au XIXe avant de rejoindre les Beaux-Arts en 1919. Le tableau a longtemps \u00e9t\u00e9 expos\u00e9 au mus\u00e9e du Vieux-N\u00eemes avant qu\u2019un incendie ne vienne le fragiliser en 1987.<\/p>\n<p>C\u2019est en 2008 qu\u2019il est red\u00e9couvert dans les r\u00e9serves du mus\u00e9e puis transport\u00e9 en 2015 dans le centre interr\u00e9gional de restauration \u00e0 Marseille. Sa restauration est d\u00e9cid\u00e9e en 2022. Elle aura co\u00fbt\u00e9 378\u00a0000\u00a0\u20ac. Deux visites sont pr\u00e9vues pour le public, les 2 et 3\u00a0septembre.<\/p>\n<p>En Loz\u00e8re, le train r\u00e9gional s\u2019arr\u00eate \u00e0 la demande<\/p>\n<p><strong>#TRANSPORTS \u2013<\/strong> Fini les arr\u00eats syst\u00e9matiques dans toutes les gares. \u00c0 partir de ce lundi 31\u00a0ao\u00fbt, la R\u00e9gion Occitanie exp\u00e9rimente <a href=\"https:\/\/www.midilibre.fr\/2026\/08\/30\/dans-ces-gares-de-lozere-il-faudra-maintenant-faire-un-signe-au-conducteur-pour-que-le-train-sarrete-13525606.php\" target=\"_self\" rel=\"nofollow noopener\">un service \u00e0 la demande<\/a> dans une dizaine de \u201cpetites\u201d gares de la ligne Marvejols \u2013 La Bastide-Saint-Laurent-les-Bains.<\/p>\n<p>Les passagers devront se manifester pour monter ou descendre du train. Lors de la mont\u00e9e, le passager indique au chef de bord sa gare de destination. La R\u00e9gion, qui g\u00e8re la circulation des trains liO, veut ainsi mesurer l\u2019\u00e9conomie de carburant r\u00e9alis\u00e9e par l\u2019absence de phase de freinage et de d\u2019acc\u00e9l\u00e9ration. Selon les jours, deux trains sont concern\u00e9s entre Marvejols et Mende et quatre entre Mende et La Bastide sur cette ligne emprunt\u00e9e par 70\u00a0000 voyageurs par an.<\/p>\n<p>Le chiffre du jour\u00a0: 100<\/p>\n<p><strong>#OCCITANIE \u2013<\/strong> \u00c0 partir de cette rentr\u00e9e, 100 kin\u00e9s rejoindront l\u2019exp\u00e9rimentation men\u00e9e depuis un an en Occitanie pour rep\u00e9rer t\u00f4t un m\u00e9lanome. Lors d\u2019une premi\u00e8re phase, 13 kin\u00e9s, r\u00e9partis dans les 13 d\u00e9partements de la r\u00e9gion, ont \u00e9t\u00e9 form\u00e9s \u00e0 la d\u00e9tection des l\u00e9sions cutan\u00e9es suspectes. Une initiative qui prend tout son sens alors que le d\u00e9lai moyen pour obtenir un rendez-vous chez un dermatologue atteint d\u00e9sormais pr\u00e8s de cinq mois en Occitanie.<\/p>\n<p>Montpellier a f\u00eat\u00e9 les 82 ans de sa lib\u00e9ration<\/p>\n<p><strong>#H\u00c9RAULT \u2013 <\/strong>\u00ab\u00a0Quatre-vingt-deux ans apr\u00e8s il faut r\u00e9inventer notre mani\u00e8re de comm\u00e9morer pour faire en sorte que cet h\u00e9ritage si pr\u00e9cieux [\u2026] soit transmis et partag\u00e9\u00a0\u00bb, a lanc\u00e9 ce dimanche 30\u00a0ao\u00fbt le maire de Montpellier, Micha\u00ebl Delafosse lors de la <a href=\"https:\/\/www.midilibre.fr\/2026\/08\/30\/montpellier-liberee-se-souvient-82-ans-apres-pour-ne-pas-oublier-13528688.php\" target=\"_self\" rel=\"nofollow noopener\">comm\u00e9moration de la lib\u00e9ration de la ville en 1944<\/a>. D\u00e8s 10\u00a0h, la promenade royale du Peyrou a pris des airs de camp avanc\u00e9 militaire avec un rassemblement de v\u00e9hicules d\u2019\u00e9poque, d\u2019anciens combattants et de reconstitueurs des maquisards ayant pris part \u00e0 la d\u00e9livrance de la ville. Cette ann\u00e9e encore, une foule dense a particip\u00e9 \u00e0 l\u2019\u00e9v\u00e9nement.<\/p>\n","protected":false},"excerpt":{"rendered":"Chaque soir \u00e0 20\u00a0h\u00a030, retrouvez les 5 informations r\u00e9gionales de la journ\u00e9e. Le pr\u00e9sident des chasseurs appelle au&hellip;\n","protected":false},"author":2,"featured_media":1157666,"comment_status":"","ping_status":"","sticky":false,"template":"","format":"standard","meta":{"footnotes":"","_share_on_mastodon":"0"},"categories":[9599],"tags":[1111,11,1777,674,1011,27,7089,83451,2208,12,2680,83450,25],"class_list":["post-1157665","post","type-post","status-publish","format-standard","has-post-thumbnail","category-montpellier","tag-actu","tag-actualites","tag-eu","tag-europe","tag-fr","tag-france","tag-herault","tag-lessentiel-de-lactualite","tag-montpellier","tag-news","tag-occitanie","tag-rendez-vous-de-la-redaction","tag-republique-francaise"],"share_on_mastodon":{"url":"https:\/\/pubeurope.com\/@fr\/117185517036929666","error":""},"_links":{"self":[{"href":"https:\/\/www.europesays.com\/fr\/wp-json\/wp\/v2\/posts\/1157665","targetHints":{"allow":["GET"]}}],"collection":[{"href":"https:\/\/www.europesays.com\/fr\/wp-json\/wp\/v2\/posts"}],"about":[{"href":"https:\/\/www.europesays.com\/fr\/wp-json\/wp\/v2\/types\/post"}],"author":[{"embeddable":true,"href":"https:\/\/www.europesays.com\/fr\/wp-json\/wp\/v2\/users\/2"}],"replies":[{"embeddable":true,"href":"https:\/\/www.europesays.com\/fr\/wp-json\/wp\/v2\/comments?post=1157665"}],"version-history":[{"count":0,"href":"https:\/\/www.europesays.com\/fr\/wp-json\/wp\/v2\/posts\/1157665\/revisions"}],"wp:featuredmedia":[{"embeddable":true,"href":"https:\/\/www.europesays.com\/fr\/wp-json\/wp\/v2\/media\/1157666"}],"wp:attachment":[{"href":"https:\/\/www.europesays.com\/fr\/wp-json\/wp\/v2\/media?parent=1157665"}],"wp:term":[{"taxonomy":"category","embeddable":true,"href":"https:\/\/www.europesays.com\/fr\/wp-json\/wp\/v2\/categories?post=1157665"},{"taxonomy":"post_tag","embeddable":true,"href":"https:\/\/www.europesays.com\/fr\/wp-json\/wp\/v2\/tags?post=1157665"}],"curies":[{"name":"wp","href":"https:\/\/api.w.org\/{rel}","templated":true}]}}