{"id":1157669,"date":"2026-08-30T16:58:18","date_gmt":"2026-08-30T16:58:18","guid":{"rendered":"https:\/\/www.europesays.com\/fr\/1157669\/"},"modified":"2026-08-30T16:58:18","modified_gmt":"2026-08-30T16:58:18","slug":"beaucoup-de-pluie-un-peu-de-soleil-quelle-meteo-pour-cette-semaine-de-rentree-scolaire-en-seine-maritime","status":"publish","type":"post","link":"https:\/\/www.europesays.com\/fr\/1157669\/","title":{"rendered":"Beaucoup de pluie, un peu de soleil&#8230; Quelle m\u00e9t\u00e9o pour cette semaine de rentr\u00e9e scolaire en Seine-Maritime\u00a0?"},"content":{"rendered":"<p>                    Par<br \/>\n        <strong><br \/>\n            <a href=\"https:\/\/actu.fr\/auteur\/louise-boutard\" title=\"Consulter tous les articles de Louise Boutard\" rel=\"nofollow noopener\" target=\"_blank\">Louise Boutard<\/a><br \/>\n                    <\/strong><\/p>\n<p>        Publi\u00e9 le<\/p>\n<p>            30 ao\u00fbt 2026 \u00e0 17h04        <\/p>\n<p>Va-t-il pleuvoir toute la semaine\u2009?<a href=\"https:\/\/actu.fr\/76actu\/\" rel=\"nofollow noopener\" target=\"_blank\"> En Seine-Maritime<\/a>, le ciel fait une r\u00e9ponse de Normand\u2009: peut-\u00eatre que oui mais p\u2019t\u2019\u00eatre bin que non\u2026 Voici<strong> la m\u00e9t\u00e9o qui nous attend pour cette semaine<\/strong> de rentr\u00e9e scolaire, du lundi 31\u00a0ao\u00fbt au dimanche 6\u00a0septembre 2026.<\/p>\n<p>Pluie et vents forts<\/p>\n<p class=\" wall-content\">Lundi\u00a031, le mois d\u2019ao\u00fbt se termine par des <strong>averses \u00ab\u2009faibles\u2009\u00bb<\/strong> selon M\u00e9t\u00e9o France, mais l\u2019alerte jaune sur les orages sera pass\u00e9e. Le vent restera assez fort avec des rafales \u00e0 50\u00a0km\/h annonc\u00e9es.<\/p>\n<p class=\" wall-content\"><strong>Mardi et mercredi le ciel alternera entre nuages et \u00e9claircies,<\/strong> avec des temp\u00e9ratures autour de 24\u00b0 l\u2019apr\u00e8s-midi.<\/p>\n<p>Soleil pour le week-end<\/p>\n<p class=\" wall-content\">Ne rangez pas trop vite les parapluies, car <strong>jeudi et vendredi, le retour de la pluie<\/strong> est annonc\u00e9, avec toujours un vent tr\u00e8s pr\u00e9sent jeudi.<\/p>\n<p class=\" wall-content\">Enfin pour <strong>le week-end, le soleil est de retour<\/strong> avec des temp\u00e9ratures pr\u00e9vues autour de 27\u00b0. Il faudra bien profiter de ces moments ensoleill\u00e9s, car la semaine suivante sera pluvieuse \u00e0 nouveau.<\/p>\n<p>Vous souhaitez annoncer un \u00e9v\u00e9nement festif ou associatif, une initiative locale\u2009? Rendez-vous sur notre plateforme <a href=\"https:\/\/www.infolocale.fr\/decouvrir\/actu\/\" rel=\"nofollow noopener\" target=\"_blank\">Infolocale.<\/a><\/p>\n<p class=\" wall-content\">Personnalisez votre actualit\u00e9 en ajoutant vos villes et m\u00e9dias en favori avec <a href=\"https:\/\/moncompte.actu.fr\" title=\"D\u00e9couvez Mon Actu\" rel=\"nofollow noopener\" data-trk=\"{&quot;cta&quot;:{&quot;action&quot;:&quot;https:\\\/\\\/moncompte.actu.fr&quot;,&quot;category&quot;:&quot;mon compte&quot;,&quot;from&quot;:&quot;article footer&quot;,&quot;name&quot;:&quot;Mon actu&quot;,&quot;type&quot;:&quot;cta&quot;}}\" target=\"_blank\">Mon Actu<\/a>.<\/p>\n","protected":false},"excerpt":{"rendered":"Par Louise Boutard Publi\u00e9 le 30 ao\u00fbt 2026 \u00e0 17h04 Va-t-il pleuvoir toute la semaine\u2009? En Seine-Maritime, le&hellip;\n","protected":false},"author":2,"featured_media":1157670,"comment_status":"","ping_status":"","sticky":false,"template":"","format":"standard","meta":{"footnotes":"","_share_on_mastodon":"0"},"categories":[9587],"tags":[1111,11,1777,674,1011,27,2487,2357,12,5161,4459,25,9590,7919],"class_list":["post-1157669","post","type-post","status-publish","format-standard","has-post-thumbnail","category-rouen","tag-actu","tag-actualites","tag-eu","tag-europe","tag-fr","tag-france","tag-meteo","tag-meteo-france","tag-news","tag-normandie","tag-pluie","tag-republique-francaise","tag-rouen","tag-vent"],"share_on_mastodon":{"url":"https:\/\/pubeurope.com\/@fr\/117185524941290676","error":""},"_links":{"self":[{"href":"https:\/\/www.europesays.com\/fr\/wp-json\/wp\/v2\/posts\/1157669","targetHints":{"allow":["GET"]}}],"collection":[{"href":"https:\/\/www.europesays.com\/fr\/wp-json\/wp\/v2\/posts"}],"about":[{"href":"https:\/\/www.europesays.com\/fr\/wp-json\/wp\/v2\/types\/post"}],"author":[{"embeddable":true,"href":"https:\/\/www.europesays.com\/fr\/wp-json\/wp\/v2\/users\/2"}],"replies":[{"embeddable":true,"href":"https:\/\/www.europesays.com\/fr\/wp-json\/wp\/v2\/comments?post=1157669"}],"version-history":[{"count":0,"href":"https:\/\/www.europesays.com\/fr\/wp-json\/wp\/v2\/posts\/1157669\/revisions"}],"wp:featuredmedia":[{"embeddable":true,"href":"https:\/\/www.europesays.com\/fr\/wp-json\/wp\/v2\/media\/1157670"}],"wp:attachment":[{"href":"https:\/\/www.europesays.com\/fr\/wp-json\/wp\/v2\/media?parent=1157669"}],"wp:term":[{"taxonomy":"category","embeddable":true,"href":"https:\/\/www.europesays.com\/fr\/wp-json\/wp\/v2\/categories?post=1157669"},{"taxonomy":"post_tag","embeddable":true,"href":"https:\/\/www.europesays.com\/fr\/wp-json\/wp\/v2\/tags?post=1157669"}],"curies":[{"name":"wp","href":"https:\/\/api.w.org\/{rel}","templated":true}]}}