{"id":1157673,"date":"2026-08-30T17:00:28","date_gmt":"2026-08-30T17:00:28","guid":{"rendered":"https:\/\/www.europesays.com\/fr\/1157673\/"},"modified":"2026-08-30T17:00:28","modified_gmt":"2026-08-30T17:00:28","slug":"grenoble-baignade-dans-lisere-le-collectif-des-gens-qui-ont-chaud-sest-jete-a-leau","status":"publish","type":"post","link":"https:\/\/www.europesays.com\/fr\/1157673\/","title":{"rendered":"Grenoble. Baignade dans l\u2019Is\u00e8re\u00a0: le Collectif des gens qui ont chaud s\u2019est jet\u00e9 \u00e0 l\u2019eau"},"content":{"rendered":"<p>\u00ab\u00a0Elle est un peu fra\u00eeche mais la sensation quand on se laisse porter et qu\u2019on voit la ville tout autour, c\u2019est incomparable\u00a0\u00bb. H\u00e9l\u00e8ne et Julien, bou\u00e9es de nage autour de la taille, ressortent de l\u2019eau avec le sourire. Les deux membres du Collectif des gens qui ont chaud &#8211; qui milite depuis plusieurs mois pour rouvrir le d\u00e9bat <a href=\"https:\/\/www.ledauphine.com\/environnement\/2025\/07\/06\/on-a-besoin-de-points-de-fraicheur-a-grenoble-ils-veulent-se-baigner-dans-le-drac-quand-il-fait-trop-chaud\" target=\"_blank\" rel=\"nofollow noopener\">sur la baignabilit\u00e9 du Drac et de l\u2019Is\u00e8re<\/a> &#8211; reviennent d\u2019une baignade d\u00e9rivante entre l\u2019\u00eele verte et le pont de Chartreuse. C\u2019est sur ce m\u00eame parcours qu\u2019\u00e9tait pr\u00e9vue, ce dimanche 30\u00a0ao\u00fbt, la <a href=\"https:\/\/www.ledauphine.com\/environnement\/2026\/08\/28\/isere-grenoble-tout-comprendre-sur-la-baignade-dans-l-isere-prevue-le-30-aout-en-cinq-points\" target=\"_blank\" rel=\"nofollow noopener\">premi\u00e8re baignade organis\u00e9e par la Ville<\/a>. Mais, ce vendredi, apr\u00e8s le retour des derni\u00e8res analyses de la qualit\u00e9 de l\u2019eau &#8211; l\u2019une des valeurs d\u00e9passait les seuils de l\u2019Agence r\u00e9gionale de sant\u00e9-, la collectivit\u00e9 a report\u00e9 l\u2019\u00e9v\u00e9nement au <a href=\"https:\/\/www.ledauphine.com\/environnement\/2026\/08\/28\/isere-grenoble-prevue-ce-dimanche-30-aout-la-baignade-dans-l-isere-reportee-au-12-septembre\" target=\"_blank\" rel=\"nofollow noopener\">samedi 12\u00a0septembre<\/a>.<\/p>\n<p>Pas de quoi arr\u00eater ces militants de la baignade qui, avec quelques autres, ont r\u00e9pondu aux interrogations des curieux&#8230;<\/p>\n","protected":false},"excerpt":{"rendered":"\u00ab\u00a0Elle est un peu fra\u00eeche mais la sensation quand on se laisse porter et qu\u2019on voit la ville&hellip;\n","protected":false},"author":2,"featured_media":1157674,"comment_status":"","ping_status":"","sticky":false,"template":"","format":"standard","meta":{"footnotes":"","_share_on_mastodon":"0"},"categories":[9566],"tags":[1111,11,2430,6698,1687,112,1777,674,1011,27,2731,2732,108,8423,12,316,25,71,12817,104],"class_list":["post-1157673","post","type-post","status-publish","format-standard","has-post-thumbnail","category-grenoble","tag-actu","tag-actualites","tag-auvergne-rhone-alpes","tag-canicule","tag-culture-loisirs","tag-edition-grenoble-agglomeration","tag-eu","tag-europe","tag-fr","tag-france","tag-grenoble","tag-grenoble-bassin","tag-isere","tag-meteorologie-climat","tag-news","tag-politique","tag-republique-francaise","tag-sante","tag-secheresse","tag-societe"],"share_on_mastodon":{"url":"https:\/\/pubeurope.com\/@fr\/117185532886729406","error":""},"_links":{"self":[{"href":"https:\/\/www.europesays.com\/fr\/wp-json\/wp\/v2\/posts\/1157673","targetHints":{"allow":["GET"]}}],"collection":[{"href":"https:\/\/www.europesays.com\/fr\/wp-json\/wp\/v2\/posts"}],"about":[{"href":"https:\/\/www.europesays.com\/fr\/wp-json\/wp\/v2\/types\/post"}],"author":[{"embeddable":true,"href":"https:\/\/www.europesays.com\/fr\/wp-json\/wp\/v2\/users\/2"}],"replies":[{"embeddable":true,"href":"https:\/\/www.europesays.com\/fr\/wp-json\/wp\/v2\/comments?post=1157673"}],"version-history":[{"count":0,"href":"https:\/\/www.europesays.com\/fr\/wp-json\/wp\/v2\/posts\/1157673\/revisions"}],"wp:featuredmedia":[{"embeddable":true,"href":"https:\/\/www.europesays.com\/fr\/wp-json\/wp\/v2\/media\/1157674"}],"wp:attachment":[{"href":"https:\/\/www.europesays.com\/fr\/wp-json\/wp\/v2\/media?parent=1157673"}],"wp:term":[{"taxonomy":"category","embeddable":true,"href":"https:\/\/www.europesays.com\/fr\/wp-json\/wp\/v2\/categories?post=1157673"},{"taxonomy":"post_tag","embeddable":true,"href":"https:\/\/www.europesays.com\/fr\/wp-json\/wp\/v2\/tags?post=1157673"}],"curies":[{"name":"wp","href":"https:\/\/api.w.org\/{rel}","templated":true}]}}