{"id":1157675,"date":"2026-08-30T17:01:40","date_gmt":"2026-08-30T17:01:40","guid":{"rendered":"https:\/\/www.europesays.com\/fr\/1157675\/"},"modified":"2026-08-30T17:01:40","modified_gmt":"2026-08-30T17:01:40","slug":"stade-lavallois-cest-un-match-a-oublier-contre-grenoble-laval-a-pris-sa-premiere","status":"publish","type":"post","link":"https:\/\/www.europesays.com\/fr\/1157675\/","title":{"rendered":"Stade lavallois. \u00ab\u00a0C\u2019est un match \u00e0 oublier\u00a0\u00bb\u00a0: contre Grenoble, Laval a pris sa premi\u00e8re"},"content":{"rendered":"<tr wp_automatic_readability=\"6.8833333333333\">\n<td valign=\"middle\" align=\"center\" class=\"col-logo\" wp_automatic_readability=\"5\">\n    <img decoding=\"async\" src=\"https:\/\/www.maville.com\/design\/images\/logo-of-monetise.svg?version=20130627\" alt=\"logo Ouest-France\" height=\"66\" loading=\"lazy\"\/><\/p>\n<p>Contenu r\u00e9serv\u00e9 aux abonn\u00e9s<\/p>\n<\/td>\n<td class=\"col-titre\">\n\t\t\tSamedi 29 ao\u00fbt 2026 19:30<br \/>\n\t\t\t<a class=\"icon-bulle sizeL count\" href=\"#ancreAvis\"><br \/>\n\t&#8230;<br \/>\n<\/a><\/td>\n<\/tr>\n<p>\t\t<a class=\"mavillebox2 elmt-photo\" href=\"https:\/\/www.maville.com\/photosmvi\/2026\/08\/29\/P36099443D7455864G.jpg\" title=\" Jules Gaudin et le Stade lavallois sont pass\u00e9s \u00e0 c\u00f4t\u00e9 de leur match face \u00e0 Grenoble, vendredi. Trop de d\u00e9chets. Trop de cadeaux. Et \u00e0 l\u2019arriv\u00e9e une claque trois \u00e0 z\u00e9ro.  \u00a9  K\u00e9vin Guyot \/ Ouest-France  \" rel=\"galerie_actu nofollow noopener\" target=\"_blank\"><br \/>\n\t<img decoding=\"async\" src=\"https:\/\/www.europesays.com\/fr\/wp-content\/uploads\/2026\/08\/P36099443D7455864G_crop_640-330_.jpg\" alt=\"photo  jules gaudin et le stade lavallois sont pass\u00e9s \u00e0 c\u00f4t\u00e9 de leur match face \u00e0 grenoble, vendredi. trop de d\u00e9chets. trop de cadeaux. et \u00e0 l\u2019arriv\u00e9e une claque trois \u00e0 z\u00e9ro.  \u00a9  k\u00e9vin guyot \/ ouest-france \" loading=\"lazy\"\/><br \/>\n\t1<br \/>\n<\/a><\/p>\n<p class=\"elmt-legende\"> Jules Gaudin et le Stade lavallois sont pass\u00e9s \u00e0 c\u00f4t\u00e9 de leur match face \u00e0 Grenoble, vendredi. Trop de d\u00e9chets. Trop de cadeaux. Et \u00e0 l\u2019arriv\u00e9e une claque trois \u00e0 z\u00e9ro.  \u00a9  K\u00e9vin Guyot \/ Ouest-France  <\/p>\n<p>\t\tL\u2019histoire du Stade lavallois avec David Vignes avait jusqu\u2019ici relativement bien commenc\u00e9. Mais il fallait bien qu\u2019un jour les choses se corsent. C\u2019est tomb\u00e9 sur la 4e journ\u00e9e de Ligue 2, vendredi 28\u00a0ao\u00fbt. Face \u00e0 Grenoble, les Mayennais, \u00e0 c\u00f4t\u00e9 de leurs pompes, ont livr\u00e9 une triste prestation et ont \u00e9t\u00e9 punis\u00a0(0-3).<\/p>\n<p><b>Cet article est r\u00e9serv\u00e9 aux abonn\u00e9s<\/b><\/p>\n<p>Pour un acc\u00e8s imm\u00e9diat, abonnez-vous<\/p>\n<p><b>1er mois \u00e0 1\u20ac<\/b><\/p>\n<p>\t\t M\u00e9lina Nicolleau \u00a0\u00a0<br \/>\n\t\tOuest-France<\/p>\n<p>Retrouvez d&rsquo;autres actus sur la commune de :<\/p>\n","protected":false},"excerpt":{"rendered":"Contenu r\u00e9serv\u00e9 aux abonn\u00e9s Samedi 29 ao\u00fbt 2026 19:30 &#8230; 1 Jules Gaudin et le Stade lavallois sont&hellip;\n","protected":false},"author":2,"featured_media":1157676,"comment_status":"","ping_status":"","sticky":false,"template":"","format":"standard","meta":{"footnotes":"","_share_on_mastodon":"0"},"categories":[9566],"tags":[1111,11,2430,3809,1465,1777,674,63,1011,27,2731,1792,1922,12,584,25,479,517,1470],"class_list":["post-1157675","post","type-post","status-publish","format-standard","has-post-thumbnail","category-grenoble","tag-actu","tag-actualites","tag-auvergne-rhone-alpes","tag-ball","tag-basket","tag-eu","tag-europe","tag-football","tag-fr","tag-france","tag-grenoble","tag-handball","tag-info","tag-news","tag-rennes","tag-republique-francaise","tag-rugby","tag-sport","tag-volley"],"share_on_mastodon":{"url":"https:\/\/pubeurope.com\/@fr\/117185538697701728","error":""},"_links":{"self":[{"href":"https:\/\/www.europesays.com\/fr\/wp-json\/wp\/v2\/posts\/1157675","targetHints":{"allow":["GET"]}}],"collection":[{"href":"https:\/\/www.europesays.com\/fr\/wp-json\/wp\/v2\/posts"}],"about":[{"href":"https:\/\/www.europesays.com\/fr\/wp-json\/wp\/v2\/types\/post"}],"author":[{"embeddable":true,"href":"https:\/\/www.europesays.com\/fr\/wp-json\/wp\/v2\/users\/2"}],"replies":[{"embeddable":true,"href":"https:\/\/www.europesays.com\/fr\/wp-json\/wp\/v2\/comments?post=1157675"}],"version-history":[{"count":0,"href":"https:\/\/www.europesays.com\/fr\/wp-json\/wp\/v2\/posts\/1157675\/revisions"}],"wp:featuredmedia":[{"embeddable":true,"href":"https:\/\/www.europesays.com\/fr\/wp-json\/wp\/v2\/media\/1157676"}],"wp:attachment":[{"href":"https:\/\/www.europesays.com\/fr\/wp-json\/wp\/v2\/media?parent=1157675"}],"wp:term":[{"taxonomy":"category","embeddable":true,"href":"https:\/\/www.europesays.com\/fr\/wp-json\/wp\/v2\/categories?post=1157675"},{"taxonomy":"post_tag","embeddable":true,"href":"https:\/\/www.europesays.com\/fr\/wp-json\/wp\/v2\/tags?post=1157675"}],"curies":[{"name":"wp","href":"https:\/\/api.w.org\/{rel}","templated":true}]}}