{"id":115769,"date":"2025-05-21T02:19:15","date_gmt":"2025-05-21T02:19:15","guid":{"rendered":"https:\/\/www.europesays.com\/fr\/115769\/"},"modified":"2025-05-21T02:19:15","modified_gmt":"2025-05-21T02:19:15","slug":"au-g7-finances-le-canada-met-lukraine-en-avant-pour-envoyer-un-message-fort-actualites-2","status":"publish","type":"post","link":"https:\/\/www.europesays.com\/fr\/115769\/","title":{"rendered":"Au G7 Finances, le Canada met l&rsquo;Ukraine en avant pour envoyer un \u00ab\u00a0message fort\u00a0\u00bb : Actualit\u00e9s"},"content":{"rendered":"<p class=\"lead \">Le Canada a voulu mardi envoyer un \u00ab\u00a0message fort\u00a0\u00bb au monde en conviant un ministre ukrainien au G7 Finances, dont les membres sont tiraill\u00e9s sur l&rsquo;ampleur du soutien \u00e0 apporter au pays en guerre contre la Russie, et secou\u00e9s par l&rsquo;offensive protectionniste de Donald Trump.<\/p>\n<p class=\"lead \">H\u00f4te cette ann\u00e9e de la r\u00e9union des argentiers du G7 (Etats-Unis, Japon, Allemagne, Royaume-Uni, France, Italie et Canada), le ministre canadien Fran\u00e7ois-Philippe Champagne a invit\u00e9 son homologue ukrainien Sergii Marchenko.<\/p>\n<p class=\"lead \">\u00ab\u00a0C&rsquo;est un vrai message pour le monde (&#8230;) un message tr\u00e8s fort d&rsquo;unit\u00e9 du G7 en soutien \u00e0 l&rsquo;Ukraine\u00a0\u00bb, a expliqu\u00e9 M. Champagne, lors d&rsquo;une conf\u00e9rence de presse commune avec M. Marchenko.<\/p>\n<p class=\"lead \">Il s&rsquo;agit \u00ab\u00a0aussi de dire qu&rsquo;on est unis dans nos actions face \u00e0 l&rsquo;agresseur russe\u00a0\u00bb, a-t-il insist\u00e9 un peu plus tard lors d&rsquo;un entretien avec l&rsquo;AFP.<\/p>\n<p class=\"lead \">\u00ab\u00a0C&rsquo;est un grand honneur pour nous, parce que cela nous permet de mieux communiquer (aux membres du G7) des informations importantes sur la situation sur le terrain, de comprendre comment on peut agir ensemble\u00a0\u00bb, a d\u00e9clar\u00e9 Sergii Marchenko devant la presse. <\/p>\n<p class=\"lead \">Il a ajout\u00e9 qu&rsquo;il allait plaider pour que des \u00ab\u00a0sanctions plus fortes\u00a0\u00bb soient prises \u00e0 l&rsquo;encontre de la Russie, afin de pousser Moscou \u00e0 faire taire les armes.<\/p>\n<p class=\"lead \">&#8211; \u00ab\u00a0Prudemment optimiste\u00a0\u00bb &#8211;<\/p>\n<p class=\"lead \">L&rsquo;intervention des deux hommes avait tout l&rsquo;air d&rsquo;un appel du pied \u00e0 l&rsquo;intention du gouvernement de Donald Trump qui a op\u00e9r\u00e9 un spectaculaire rapprochement avec Moscou au d\u00e9triment de Kiev.<\/p>\n<p class=\"lead \">Les pays europ\u00e9ens ont pouss\u00e9 dans la m\u00eame direction mardi. <\/p>\n<p class=\"lead \">L&rsquo;Union europ\u00e9enne (UE) a adopt\u00e9 un 17e paquet de sanctions contre Moscou et dit esp\u00e9rer une \u00ab\u00a0r\u00e9action forte\u00a0\u00bb de l&rsquo;ex\u00e9cutif am\u00e9ricain si Moscou campe sur sa position.<\/p>\n<p class=\"lead \">Pour les Europ\u00e9ens, une des priorit\u00e9s du G7 Finances sera de faire en sorte que la d\u00e9l\u00e9gation am\u00e9ricaine accepte d&rsquo;afficher un soutien sans \u00e9quivoque \u00e0 l&rsquo;Ukraine dans le texte final issu de cette r\u00e9union, sur lequel travaille la pr\u00e9sidence canadienne.<\/p>\n<p class=\"lead \">\u00ab\u00a0Nous devons envoyer un signal clair indiquant que le G7 reste fermement aux c\u00f4t\u00e9s de l&rsquo;Ukraine\u00a0\u00bb, a estim\u00e9 le vice-chancelier et ministre allemand des Finances Lars Klingbeil, avant d&rsquo;arriver au Canada. <\/p>\n<p class=\"lead \">\u00ab\u00a0Nous ne pourrons pas accepter un langage qui serait compl\u00e8tement \u00e9dulcor\u00e9\u00a0\u00bb, a fait savoir de son c\u00f4t\u00e9 le minist\u00e8re fran\u00e7ais de l&rsquo;Economie.<\/p>\n<p class=\"lead \">Le G7 Finances se tient jusqu&rsquo;\u00e0 jeudi au sein des Rocheuses canadiennes, dans l&rsquo;\u00e9crin du parc national de Banff (ouest), et dans un paysage \u00e9conomique boulevers\u00e9 par les nouveaux droits de douane de Donald Trump, qui font craindre un ralentissement g\u00e9n\u00e9ralis\u00e9.<\/p>\n<p class=\"lead \">Le ministre canadien des Finances a mis en avant mardi la n\u00e9cessit\u00e9 de \u00ab\u00a0restaurer la stabilit\u00e9 et la croissance\u00a0\u00bb.<\/p>\n<p class=\"lead \">Lorsque les r\u00e8gles du commerce sont \u00ab\u00a0\u00e9quitables et pr\u00e9visibles\u00a0\u00bb alors \u00ab\u00a0tout le monde y gagne\u00a0\u00bb, a-t-il estim\u00e9 aupr\u00e8s de l&rsquo;AFP. Il s&rsquo;est pr\u00e9sent\u00e9 comme \u00ab\u00a0prudemment optimiste\u00a0\u00bb quant \u00e0 l&rsquo;issue de ces discussions qui feront date, selon lui.<\/p>\n<p class=\"lead \">&#8211; \u00ab\u00a0Tendre la main\u00a0\u00bb &#8211;<\/p>\n<p class=\"lead \">Les membres du G7 cherchent \u00e0 convaincre l&rsquo;administration Trump de revenir compl\u00e8tement sur ses droits de douane et devraient se presser \u00e0 Banff autour de son ministre Scott Bessent. <\/p>\n<p class=\"lead \">Tokyo a indiqu\u00e9 \u00e0 l&rsquo;AFP que la d\u00e9l\u00e9gation japonaise se tenait pr\u00eate \u00e0 \u00e9changer avec lui sur \u00ab\u00a0plusieurs probl\u00e9matiques entre les deux pays, y compris le taux de change\u00a0\u00bb entre dollar et yen.<\/p>\n<p class=\"lead \">\u00ab\u00a0Les diff\u00e9rends commerciaux actuels doivent \u00eatre r\u00e9gl\u00e9s le plus rapidement possible dans l&rsquo;int\u00e9r\u00eat de tous\u00a0\u00bb, a plaid\u00e9 de son c\u00f4t\u00e9 le ministre allemand des Finances, soulignant que l&rsquo;UE continuait de \u00ab\u00a0tendre la main\u00a0\u00bb aux Am\u00e9ricains. <\/p>\n<p class=\"lead \">Scott Bessent, secr\u00e9taire am\u00e9ricain au Tr\u00e9sor, a sembl\u00e9, \u00e0 plusieurs reprises, adoucir les positions de Donald Trump. Il a aussi r\u00e9cemment n\u00e9goci\u00e9 avec P\u00e9kin une d\u00e9tente apr\u00e8s que les droits de douane eurent atteint un niveau exorbitant des deux c\u00f4t\u00e9s. <\/p>\n<p class=\"lead \">Au sein du gouvernement Trump, \u00ab\u00a0il a montr\u00e9 qu&rsquo;il pouvait \u00eatre la figure raisonnable\u00a0\u00bb, note Carl Weinberg, chef \u00e9conomiste au cabinet d&rsquo;analyses High Frequency Economics.<\/p>\n<p class=\"lead \">Le ministre, ajoute-t-il, reste toutefois \u00ab\u00a0sous pression pour d\u00e9rouler les promesses\u00a0\u00bb du pr\u00e9sident.<\/p>\n<p class=\"small font-weight-bold text-gray3 \"> publi\u00e9 le 21 mai \u00e0 03h03, AFP<\/p>\n<p>                             Partager<\/p>\n","protected":false},"excerpt":{"rendered":"Le Canada a voulu mardi envoyer un \u00ab\u00a0message fort\u00a0\u00bb au monde en conviant un ministre ukrainien au G7&hellip;\n","protected":false},"author":2,"featured_media":115770,"comment_status":"","ping_status":"","sticky":false,"template":"","format":"standard","meta":{"footnotes":""},"categories":[6],"tags":[13790,35,574,215,312,2822,33,34,1011,27,23564,418,316,1778,220,308],"class_list":{"0":"post-115769","1":"post","2":"type-post","3":"status-publish","4":"format-standard","5":"has-post-thumbnail","7":"category-economie","8":"tag-conomie","9":"tag-business","10":"tag-canada","11":"tag-commerce","12":"tag-diplomatie","13":"tag-douanes","14":"tag-economie","15":"tag-economy","16":"tag-fr","17":"tag-france","18":"tag-g7","19":"tag-gouvernement","20":"tag-politique","21":"tag-ue","22":"tag-ukraine","23":"tag-usa"},"share_on_mastodon":{"url":"https:\/\/pubeurope.com\/@fr\/114543432297795540","error":""},"_links":{"self":[{"href":"https:\/\/www.europesays.com\/fr\/wp-json\/wp\/v2\/posts\/115769","targetHints":{"allow":["GET"]}}],"collection":[{"href":"https:\/\/www.europesays.com\/fr\/wp-json\/wp\/v2\/posts"}],"about":[{"href":"https:\/\/www.europesays.com\/fr\/wp-json\/wp\/v2\/types\/post"}],"author":[{"embeddable":true,"href":"https:\/\/www.europesays.com\/fr\/wp-json\/wp\/v2\/users\/2"}],"replies":[{"embeddable":true,"href":"https:\/\/www.europesays.com\/fr\/wp-json\/wp\/v2\/comments?post=115769"}],"version-history":[{"count":0,"href":"https:\/\/www.europesays.com\/fr\/wp-json\/wp\/v2\/posts\/115769\/revisions"}],"wp:featuredmedia":[{"embeddable":true,"href":"https:\/\/www.europesays.com\/fr\/wp-json\/wp\/v2\/media\/115770"}],"wp:attachment":[{"href":"https:\/\/www.europesays.com\/fr\/wp-json\/wp\/v2\/media?parent=115769"}],"wp:term":[{"taxonomy":"category","embeddable":true,"href":"https:\/\/www.europesays.com\/fr\/wp-json\/wp\/v2\/categories?post=115769"},{"taxonomy":"post_tag","embeddable":true,"href":"https:\/\/www.europesays.com\/fr\/wp-json\/wp\/v2\/tags?post=115769"}],"curies":[{"name":"wp","href":"https:\/\/api.w.org\/{rel}","templated":true}]}}