{"id":1157708,"date":"2026-08-30T17:22:18","date_gmt":"2026-08-30T17:22:18","guid":{"rendered":"https:\/\/www.europesays.com\/fr\/1157708\/"},"modified":"2026-08-30T17:22:18","modified_gmt":"2026-08-30T17:22:18","slug":"croix-rousse-un-plancher-saffaisse-17-habitants-evacues-dun-immeuble-a-lyon","status":"publish","type":"post","link":"https:\/\/www.europesays.com\/fr\/1157708\/","title":{"rendered":"Croix-Rousse : un plancher s\u2019affaisse, 17 habitants \u00e9vacu\u00e9s d\u2019un immeuble \u00e0 Lyon"},"content":{"rendered":"<p itemprop=\"description\"><strong>Dix-sept personnes ont d\u00fb quitter en urgence leur immeuble samedi soir dans le 4e arrondissement de Lyon. Des \u00e9l\u00e9ments de fa\u00e7ade se sont d\u00e9tach\u00e9s et le sol d\u2019un appartement s\u2019est affaiss\u00e9, conduisant la Ville \u00e0 interdire l\u2019acc\u00e8s au b\u00e2timent.<\/strong><\/p>\n<p>Un immeuble de la Croix-Rousse a \u00e9t\u00e9 plac\u00e9 sous arr\u00eat\u00e9 de p\u00e9ril apr\u00e8s plusieurs signes inqui\u00e9tants apparus samedi 29 ao\u00fbt.<\/p>\n<p>Vers 20h, des morceaux de corniche se sont d\u00e9tach\u00e9s au 20 rue Valentin-Couturier dans le 4e arrondissement de Lyon. Dans le m\u00eame temps, le plancher d\u2019un appartement situ\u00e9 entre le 4e et le 5e \u00e9tage s\u2019est affaiss\u00e9.<\/p>\n<p>Les pompiers puis le service d\u2019astreinte de la Ville de Lyon sont intervenus et ont d\u00e9cid\u00e9 d\u2019\u00e9vacuer imm\u00e9diatement les 17 personnes pr\u00e9sentes.<\/p>\n<p>Une famille de trois personnes a \u00e9t\u00e9 prise en charge pour \u00eatre relog\u00e9e par la municipalit\u00e9. Les autres occupants ont trouv\u00e9 une solution d\u2019h\u00e9bergement de leur c\u00f4t\u00e9.<\/p>\n<p>Un vigile pour emp\u00eacher toute entr\u00e9e<\/p>\n<p>L\u2019acc\u00e8s \u00e0 l\u2019immeuble est d\u00e9sormais strictement interdit. Des rubalises portant la mention \u00ab\u00a0Danger de mort, franchissement interdit\u00a0\u00bb ont \u00e9t\u00e9 install\u00e9es et un vigile surveille l\u2019entr\u00e9e.<\/p>\n<p>Certains habitants, absents au moment de l\u2019\u00e9vacuation, ont d\u00e9couvert la situation \u00e0 leur retour dimanche et ne peuvent plus acc\u00e9der \u00e0 leur logement.<\/p>\n<p>L\u2019origine de l\u2019affaissement et des d\u00e9gradations de la fa\u00e7ade reste \u00e0 d\u00e9terminer.<\/p>\n","protected":false},"excerpt":{"rendered":"Dix-sept personnes ont d\u00fb quitter en urgence leur immeuble samedi soir dans le 4e arrondissement de Lyon. Des&hellip;\n","protected":false},"author":2,"featured_media":1157709,"comment_status":"","ping_status":"","sticky":false,"template":"","format":"standard","meta":{"footnotes":"","_share_on_mastodon":"0"},"categories":[1889],"tags":[42568,1111,47,11,2430,1777,674,6017,1011,27,2808,19615,1922,6417,1114,7285,2428,45213,2487,19618,45212,12,316,1404,4049,25,801,2812],"class_list":["post-1157708","post","type-post","status-publish","format-standard","has-post-thumbnail","category-lyon","tag-42568","tag-actu","tag-actualite","tag-actualites","tag-auvergne-rhone-alpes","tag-eu","tag-europe","tag-fait-divers","tag-fr","tag-france","tag-grand-lyon","tag-gratuitement","tag-info","tag-information","tag-infos","tag-jours","tag-lyon","tag-m-lyon","tag-meteo","tag-meteos","tag-mlyon","tag-news","tag-politique","tag-quotidien","tag-quotidienne","tag-republique-francaise","tag-social","tag-sociale"],"share_on_mastodon":{"url":"https:\/\/pubeurope.com\/@fr\/117185619389806987","error":""},"_links":{"self":[{"href":"https:\/\/www.europesays.com\/fr\/wp-json\/wp\/v2\/posts\/1157708","targetHints":{"allow":["GET"]}}],"collection":[{"href":"https:\/\/www.europesays.com\/fr\/wp-json\/wp\/v2\/posts"}],"about":[{"href":"https:\/\/www.europesays.com\/fr\/wp-json\/wp\/v2\/types\/post"}],"author":[{"embeddable":true,"href":"https:\/\/www.europesays.com\/fr\/wp-json\/wp\/v2\/users\/2"}],"replies":[{"embeddable":true,"href":"https:\/\/www.europesays.com\/fr\/wp-json\/wp\/v2\/comments?post=1157708"}],"version-history":[{"count":0,"href":"https:\/\/www.europesays.com\/fr\/wp-json\/wp\/v2\/posts\/1157708\/revisions"}],"wp:featuredmedia":[{"embeddable":true,"href":"https:\/\/www.europesays.com\/fr\/wp-json\/wp\/v2\/media\/1157709"}],"wp:attachment":[{"href":"https:\/\/www.europesays.com\/fr\/wp-json\/wp\/v2\/media?parent=1157708"}],"wp:term":[{"taxonomy":"category","embeddable":true,"href":"https:\/\/www.europesays.com\/fr\/wp-json\/wp\/v2\/categories?post=1157708"},{"taxonomy":"post_tag","embeddable":true,"href":"https:\/\/www.europesays.com\/fr\/wp-json\/wp\/v2\/tags?post=1157708"}],"curies":[{"name":"wp","href":"https:\/\/api.w.org\/{rel}","templated":true}]}}