{"id":1157710,"date":"2026-08-30T17:24:21","date_gmt":"2026-08-30T17:24:21","guid":{"rendered":"https:\/\/www.europesays.com\/fr\/1157710\/"},"modified":"2026-08-30T17:24:21","modified_gmt":"2026-08-30T17:24:21","slug":"le-recap-des-temps-forts-de-la-semaine-3","status":"publish","type":"post","link":"https:\/\/www.europesays.com\/fr\/1157710\/","title":{"rendered":"Le r\u00e9cap\u2019 des temps forts de la semaine"},"content":{"rendered":"<p>                            <img loading=\"lazy\" width=\"1200\" height=\"555\" class=\"attachment-article size-article wp-post-image lazyload\" alt=\"\" decoding=\"async\" src=\"https:\/\/www.europesays.com\/fr\/wp-content\/uploads\/2026\/08\/IMG_20260829_144122.png\" data-eio-rwidth=\"1200\" data-eio-rheight=\"555\"\/><\/p>\n<p>Le Lyonnais Baptiste Chassagne f\u00e9licit\u00e9 apr\u00e8s sa deuxi\u00e8me place \u00e0 l\u2019UTMB. <\/p>\n<p class=\"content\" style=\"font-size:1.2em;font-weight:700\">Tirage de la Ligue Europa, v\u00e9g\u00e9talisation de la ville, UTMB&#8230; Retour sur les faits marquants de la semaine du 24 au 30 ao\u00fbt \u00e0 Lyon et ses alentours.<\/p>\n<p class=\"wp-block-paragraph\">Selon les donn\u00e9es de Particulier \u00e0 Particulier relay\u00e9es par Lyon Capitale, le prix moyen des appartements \u00e0 Lyon s\u2019\u00e9tablit d\u00e9sormais \u00e0 4 509 euros le m\u00e8tre carr\u00e9.<\/p>\n<p class=\"wp-block-paragraph\">Sur cinq ans, les prix ont chut\u00e9 de 11,5 %, tandis que la baisse atteint 1,3 % sur un an. Lyon fait ainsi partie des grandes m\u00e9tropoles fran\u00e7aises o\u00f9 la correction des prix est la plus marqu\u00e9e.<\/p>\n<p class=\"wp-block-paragraph\">Apr\u00e8s plusieurs ann\u00e9es de forte hausse, le march\u00e9 immobilier lyonnais semble donc continuer \u00e0 se r\u00e9\u00e9quilibrer.<\/p>\n<p class=\"wp-block-paragraph\">La v\u00e9g\u00e9talisation reste au c\u0153ur de la politique de Gr\u00e9gory Doucet. Jeudi 27 ao\u00fbt, le maire de Lyon s\u2019est rendu au centre horticole de Cibeins, dans l\u2019Ain, qui fournit 98 % des v\u00e9g\u00e9taux utilis\u00e9s par la Ville. <\/p>\n<p class=\"wp-block-paragraph\">En cinq ans, la production d\u2019arbres y a \u00e9t\u00e9 multipli\u00e9e par cinq. La municipalit\u00e9 souhaite poursuivre le \u00ab\u00a0d\u00e9bitumage\u00a0\u00bb de Lyon, avec davantage d\u2019espaces v\u00e9g\u00e9talis\u00e9s. Parmi les objectifs : lutter contre les fortes chaleurs et favoriser la biodiversit\u00e9.<\/p>\n<p class=\"wp-block-paragraph\">Apr\u00e8s son \u00e9limination en barrage de Ligue des champions face \u00e0 Fenerbah\u00e7e, l\u2019OL conna\u00eet d\u00e9sormais son parcours en Ligue Europa. <\/p>\n<p class=\"wp-block-paragraph\">Le tirage au sort a r\u00e9serv\u00e9 aux Lyonnais plusieurs adversaires de taille, dont le Bayer Leverkusen, la Real Sociedad et Crystal Palace. L&rsquo;occasion de retrouvailles avec Pierre Sage, ancien entra\u00eeneur rhodanien, devenu cette ann\u00e9e le nouveau coach du club anglais.<\/p>\n<p class=\"wp-block-paragraph\">C&rsquo;est l&rsquo;une des saisies les plus importantes de la semaine. Deux hommes de 35 et 42 ans ont \u00e9t\u00e9 interpell\u00e9s le 24 ao\u00fbt alors qu&rsquo;ils se dirigeaient vers l&rsquo;Espagne \u00e0 bord de v\u00e9hicules vol\u00e9s.<\/p>\n<p class=\"wp-block-paragraph\">Les enqu\u00eateurs ont d\u00e9couvert 529 kilos de coca\u00efne, dont la valeur est estim\u00e9e \u00e0 4,1 millions d&rsquo;euros, ainsi que 3 880 euros en liquide. Les deux suspects ont \u00e9t\u00e9 pr\u00e9sent\u00e9s au parquet de Lyon.<\/p>\n<p class=\"wp-block-paragraph\">Le Lyonnais Baptiste Chassagne a d\u00e9croch\u00e9 la deuxi\u00e8me place de l\u2019Ultra Trail du Mont-Blanc, samedi 29 ao\u00fbt, deux ans apr\u00e8s avoir d\u00e9j\u00e0 termin\u00e9 deuxi\u00e8me de la mythique course. Il a boucl\u00e9 le parcours en 18 h 47&rsquo;44\u00a0\u00bb.<\/p>\n<p class=\"wp-block-paragraph\">Autre performance lyonnaise : Virgile Moriset, natif de Lyon, a termin\u00e9 quatri\u00e8me en 19 h 00&rsquo;29\u00a0\u00bb. Une belle performance pour sa premi\u00e8re participation.<\/p>\n","protected":false},"excerpt":{"rendered":"Le Lyonnais Baptiste Chassagne f\u00e9licit\u00e9 apr\u00e8s sa deuxi\u00e8me place \u00e0 l\u2019UTMB. Tirage de la Ligue Europa, v\u00e9g\u00e9talisation de&hellip;\n","protected":false},"author":2,"featured_media":1157711,"comment_status":"","ping_status":"","sticky":false,"template":"","format":"standard","meta":{"footnotes":"","_share_on_mastodon":"0"},"categories":[1889],"tags":[1111,11,2430,1777,674,1011,27,2428,12,25],"class_list":["post-1157710","post","type-post","status-publish","format-standard","has-post-thumbnail","category-lyon","tag-actu","tag-actualites","tag-auvergne-rhone-alpes","tag-eu","tag-europe","tag-fr","tag-france","tag-lyon","tag-news","tag-republique-francaise"],"share_on_mastodon":{"url":"https:\/\/pubeurope.com\/@fr\/117185628904886483","error":""},"_links":{"self":[{"href":"https:\/\/www.europesays.com\/fr\/wp-json\/wp\/v2\/posts\/1157710","targetHints":{"allow":["GET"]}}],"collection":[{"href":"https:\/\/www.europesays.com\/fr\/wp-json\/wp\/v2\/posts"}],"about":[{"href":"https:\/\/www.europesays.com\/fr\/wp-json\/wp\/v2\/types\/post"}],"author":[{"embeddable":true,"href":"https:\/\/www.europesays.com\/fr\/wp-json\/wp\/v2\/users\/2"}],"replies":[{"embeddable":true,"href":"https:\/\/www.europesays.com\/fr\/wp-json\/wp\/v2\/comments?post=1157710"}],"version-history":[{"count":0,"href":"https:\/\/www.europesays.com\/fr\/wp-json\/wp\/v2\/posts\/1157710\/revisions"}],"wp:featuredmedia":[{"embeddable":true,"href":"https:\/\/www.europesays.com\/fr\/wp-json\/wp\/v2\/media\/1157711"}],"wp:attachment":[{"href":"https:\/\/www.europesays.com\/fr\/wp-json\/wp\/v2\/media?parent=1157710"}],"wp:term":[{"taxonomy":"category","embeddable":true,"href":"https:\/\/www.europesays.com\/fr\/wp-json\/wp\/v2\/categories?post=1157710"},{"taxonomy":"post_tag","embeddable":true,"href":"https:\/\/www.europesays.com\/fr\/wp-json\/wp\/v2\/tags?post=1157710"}],"curies":[{"name":"wp","href":"https:\/\/api.w.org\/{rel}","templated":true}]}}