{"id":1157716,"date":"2026-08-30T17:29:18","date_gmt":"2026-08-30T17:29:18","guid":{"rendered":"https:\/\/www.europesays.com\/fr\/1157716\/"},"modified":"2026-08-30T17:29:18","modified_gmt":"2026-08-30T17:29:18","slug":"a-paris-le-president-dune-association-lgbt-victime-dune-violente-agression-homophobe","status":"publish","type":"post","link":"https:\/\/www.europesays.com\/fr\/1157716\/","title":{"rendered":"\u00c0 Paris, le pr\u00e9sident d\u2019une association LGBT+ victime d\u2019une violente agression homophobe"},"content":{"rendered":"<p class=\"mb-4 text-lg md:leading-8 break-words\">Le pr\u00e9sident de l&rsquo;association LGBT+ des policiers et fonctionnaires de justice a \u00e9t\u00e9 gri\u00e8vement bless\u00e9 dans une agression dans la nuit de vendredi \u00e0 samedi \u00e0 Paris, a fait savoir Stop Homophobie ce dimanche 30\u00a0ao\u00fbt. Le parquet a pr\u00e9cis\u00e9 que l&rsquo;auteur pr\u00e9sum\u00e9 avait \u00e9t\u00e9 interpell\u00e9. Une enqu\u00eate pour \u00ab\u00a0violence suivie d&rsquo;incapacit\u00e9 sup\u00e9rieure \u00e0 huit jours commise en raison de l&rsquo;orientation sexuelle de la victime\u00a0\u00bb a \u00e9t\u00e9 ouverte, a indiqu\u00e9 \u00e0 l&rsquo;AFP le parquet de Paris.<\/p>\n<p class=\"mb-4 text-lg md:leading-8 break-words\">L&rsquo;association Stop Homophobie a d\u00e9nonc\u00e9 une \u00ab\u00a0agression \u00e0 caract\u00e8re homophobe\u00a0\u00bb \u00e0 l&rsquo;encontre de Pierre Picavet, policier et pr\u00e9sident de FLAG\u00a0!, association de lutte contre les discriminations et violences LGBTphobes regroupant des agents des minist\u00e8res de l&rsquo;Int\u00e9rieur et de la Justice.<\/p>\n<p class=\"mb-4 text-lg md:leading-8 break-words\"><a data-ylk=\"slk:La marche des fiert\u00e9s de Paris, annul\u00e9e \u00e0 cause de la canicule, a sa date de report;elm:context_link;itc:0;sec:content-canvas;\" data-yga=\"{&quot;yLinkElement&quot;:&quot;link&quot;,&quot;yLinkElementType&quot;:&quot;article_link&quot;}\" href=\"https:\/\/www.huffingtonpost.fr\/france\/article\/la-marche-des-fiertes-de-paris-annulee-a-cause-de-la-canicule-a-sa-date-de-report_308156.html\" rel=\"noopener noreferrer nofollow\" target=\"_blank\">La marche des fiert\u00e9s de Paris, annul\u00e9e \u00e0 cause de la canicule, a sa date de report<\/a><\/p>\n<p class=\"mb-4 text-lg md:leading-8 break-words\">Agress\u00e9 un peu avant 4\u00a0h du matin samedi \u00e0 la sortie d&rsquo;un bar dans le quartier du Marais, au c\u0153ur de la capitale, il pr\u00e9sente de nombreuses traces de blessures (h\u00e9morragie interne, cr\u00e2ne ouvert\u2026), \u00e0 la suite notamment d&rsquo;un jet de bouteille, pr\u00e9cise le parquet. \u00ab\u00a0Je souffre de multiples fractures au visage. Des fractures au niveau des sinus et l&rsquo;orbite de l&rsquo;\u0153il a explos\u00e9. J&rsquo;ai eu tr\u00e8s, tr\u00e8s mal. Aujourd&rsquo;hui, je sors de l&rsquo;h\u00f4pital et demain matin, je dois aller \u00e0 la Piti\u00e9 Salp\u00eatri\u00e8re en chirurgie maxillo-faciale. J&rsquo;ai un risque de m\u00e9ningite parce qu&rsquo;il y a un \u00e9panchement de sang qui va au cerveau\u00a0\u00bb, a pr\u00e9cis\u00e9 l&rsquo;homme au <a data-ylk=\"slk:Parisien;elm:context_link;itc:0;sec:content-canvas;\" data-yga=\"{&quot;yLinkElement&quot;:&quot;link&quot;,&quot;yLinkElementType&quot;:&quot;article_link&quot;}\" href=\"https:\/\/www.leparisien.fr\/faits-divers\/sale-p-je-vais-te-tuer-un-policier-president-dune-association-lgbt-roue-de-coups-a-la-sortie-dun-bar-a-paris-30-08-2026-J2OJHQBGTRFYTMMPNAKWE6732A.php?ts=1788106008334\" rel=\"noopener noreferrer nofollow\" target=\"_blank\">Parisien<\/a>.<\/p>\n<p>\u00ab\u00a0Sale p\u00e9d\u00e9, sale p\u00e9d\u00e9, je vais te tuer\u00a0\u00bb<\/p>\n<p class=\"mb-4 text-lg md:leading-8 break-words\">Dans sa plainte, la victime a indiqu\u00e9 que l&rsquo;auteur de l&rsquo;agression l&rsquo;avait trait\u00e9 de \u00ab\u00a0sale p\u00e9d\u00e9\u00a0\u00bb \u00e0 plusieurs reprises, d\u00e9taille le parquet. \u00ab\u00a0Hier, je suis sorti boire un verre avec des amis, et en rentrant chez moi, je me suis fait agresser par un jeune homme. Au d\u00e9but, il a fonc\u00e9 sur moi, comme pour me faire peur. Je l&rsquo;ai \u00e9vit\u00e9. Il est revenu, puis je lui ai dit\u00a0: &lsquo;Qu&rsquo;est-ce que tu veux\u00a0?&rsquo; Il a r\u00e9pondu\u00a0: &lsquo;Sale p\u00e9d\u00e9, sale p\u00e9d\u00e9, je vais te tuer&rsquo;. Je ne comprenais pas\u00a0\u00bb, raconte-t-il au <a data-ylk=\"slk:Parisien;elm:context_link;itc:0;sec:content-canvas;\" data-yga=\"{&quot;yLinkElement&quot;:&quot;link&quot;,&quot;yLinkElementType&quot;:&quot;article_link&quot;}\" href=\"https:\/\/www.leparisien.fr\/faits-divers\/sale-p-je-vais-te-tuer-un-policier-president-dune-association-lgbt-roue-de-coups-a-la-sortie-dun-bar-a-paris-30-08-2026-J2OJHQBGTRFYTMMPNAKWE6732A.php?ts=1788106008334\" rel=\"noopener noreferrer nofollow\" target=\"_blank\">Parisien<\/a>.<\/p>\n<p class=\"mb-4 text-lg md:leading-8 break-words\">Dans la plainte, il est \u00e9galement indiqu\u00e9 que la victime \u00ab\u00a0lui a d\u00e9clin\u00e9 sa qualit\u00e9 de policier imm\u00e9diatement tout en lui montrant sa carte professionnelle, sans dissuader le mis en cause de s&rsquo;en prendre \u00e0 elle\u00a0\u00bb. Pierre Picavet ajoute\u00a0: \u00ab\u00a0Je l&rsquo;ai assez mal v\u00e9cu dans le sens o\u00f9 je me bats tous les jours dans le cadre associatif pour lutter contre ce genre de faits \u00bb.<\/p>\n<p class=\"mb-4 text-lg md:leading-8 break-words\">Le parquet a pr\u00e9cis\u00e9 que l&rsquo;auteur pr\u00e9sum\u00e9 des faits, au casier judiciaire vierge, \u00e9tait n\u00e9 en 2006 et \u00e9tait alcoolis\u00e9 au moment des faits. Il va \u00eatre auditionn\u00e9 dans le cadre d&rsquo;une enqu\u00eate ouverte du chef de \u00ab\u00a0violence suivie d&rsquo;incapacit\u00e9 sup\u00e9rieure \u00e0 8\u00a0jours commise en raison de l&rsquo;orientation sexuelle de la victime\u00a0\u00bb. Le jeune homme est d&rsquo;ailleurs d\u00e9favorablement connu de la justice pour avoir agress\u00e9 un chauffeur de taxi avec une bouteille.<\/p>\n<p class=\"mb-4 text-lg md:leading-8 break-words\">Sur X, le maire PS de Paris Emmanuel Gr\u00e9goire a condamn\u00e9 \u00ab\u00a0cette odieuse agression homophobe\u00a0\u00bb au c\u0153ur de la capitale, apportant son soutien au pr\u00e9sident de FLAG\u00a0!. Val\u00e9rie P\u00e9cresse, pr\u00e9sidente LR de la r\u00e9gion \u00cele-de-France, a \u00e9galement d\u00e9nonc\u00e9 sur X cette \u00ab\u00a0violente agression homophobe\u00a0\u00bb.<\/p>\n<p class=\"mb-4 text-lg md:leading-8 break-words\"><a data-ylk=\"slk:Le centre LGBT et le planning familial de La Roche-sur-Yon vis\u00e9s par une action homophobe et anti-avortement;elm:context_link;itc:0;sec:content-canvas;\" data-yga=\"{&quot;yLinkElement&quot;:&quot;link&quot;,&quot;yLinkElementType&quot;:&quot;article_link&quot;}\" href=\"https:\/\/www.huffingtonpost.fr\/france\/article\/le-centre-lgbt-et-le-planning-familial-de-la-roche-sur-yon-vises-par-une-action-homophobe-et-anti-avortement_265619.html\" rel=\"noopener noreferrer nofollow\" target=\"_blank\">Le centre LGBT et le planning familial de La Roche-sur-Yon vis\u00e9s par une action homophobe et anti-avortement<\/a><\/p>\n<p class=\"mb-4 text-lg md:leading-8 break-words\"><a data-ylk=\"slk:\u00ab\u00a0J&#039;ai renou\u00e9 avec le sport\u00a0\u00bb : Pourquoi les clubs et tournois LGBT+ sont vitaux;elm:context_link;itc:0;sec:content-canvas;\" data-yga=\"{&quot;yLinkElement&quot;:&quot;link&quot;,&quot;yLinkElementType&quot;:&quot;article_link&quot;}\" href=\"https:\/\/www.huffingtonpost.fr\/life\/article\/j-ai-renoue-avec-le-sport-pourquoi-les-clubs-et-tournois-lgbt-sont-vitaux_263926.html\" rel=\"noopener noreferrer nofollow\" target=\"_blank\">\u00ab\u00a0J&rsquo;ai renou\u00e9 avec le sport\u00a0\u00bb : Pourquoi les clubs et tournois LGBT+ sont vitaux<\/a><\/p>\n","protected":false},"excerpt":{"rendered":"Le pr\u00e9sident de l&rsquo;association LGBT+ des policiers et fonctionnaires de justice a \u00e9t\u00e9 gri\u00e8vement bless\u00e9 dans une agression&hellip;\n","protected":false},"author":2,"featured_media":1157717,"comment_status":"","ping_status":"","sticky":false,"template":"","format":"standard","meta":{"footnotes":"","_share_on_mastodon":"0"},"categories":[1888],"tags":[1111,1928,11,1927,118677,44289,118674,118668,118688,118684,118678,3170,8186,1777,674,118675,1011,27,118669,118680,118681,118686,118666,757,118664,118676,118670,118682,118683,118679,43373,12,1926,626,1925,118667,118672,118657,19924,118687,118673,118671,118685,8298,25,118655,118663,2328,118665],"class_list":["post-1157716","post","type-post","status-publish","format-standard","has-post-thumbnail","category-paris","tag-actu","tag-actu-paris","tag-actualites","tag-actualites-paris","tag-agresse-un-peu-avant-4-h-du-matin-samedi-a-la","tag-agression-homophobe","tag-association-de-lutte-contre-les","tag-coeur-de-paris","tag-condamne-cette","tag-connu-de-la","tag-crane-ouvert","tag-elle","tag-emmanuel-gregoire","tag-eu","tag-europe","tag-faire-peur","tag-fr","tag-france","tag-getty-images-lagression","tag-hemorragie-interne","tag-il-est-revenu","tag-il-va-etre-auditionne-dans-le","tag-jai-un-risque-de-meningite","tag-je","tag-je-ne","tag-judiciaire-vierge","tag-la-marche-des-fiertes","tag-lgbt-et-le","tag-lr-de-la-region-ile-de-france","tag-lutter-contre-ce-genre-de","tag-marais","tag-news","tag-news-paris","tag-paris","tag-paris-news","tag-pierre-picavet-ajoute","tag-pitie-salpetriere-en-chirurgie-maxillo","tag-policier-et-president-de-flag","tag-presidente","tag-ps-de-paris","tag-quest-ce-que-tu-veux","tag-quil-y","tag-renoue-avec-le-sport","tag-repondu","tag-republique-francaise","tag-soutien-au-president-de-flag","tag-stop-homophobie-ce-dimanche-30-aout","tag-valerie-pecresse","tag-yuriko-nakao"],"share_on_mastodon":{"url":"","error":"Validation failed: Text character limit of 500 exceeded"},"_links":{"self":[{"href":"https:\/\/www.europesays.com\/fr\/wp-json\/wp\/v2\/posts\/1157716","targetHints":{"allow":["GET"]}}],"collection":[{"href":"https:\/\/www.europesays.com\/fr\/wp-json\/wp\/v2\/posts"}],"about":[{"href":"https:\/\/www.europesays.com\/fr\/wp-json\/wp\/v2\/types\/post"}],"author":[{"embeddable":true,"href":"https:\/\/www.europesays.com\/fr\/wp-json\/wp\/v2\/users\/2"}],"replies":[{"embeddable":true,"href":"https:\/\/www.europesays.com\/fr\/wp-json\/wp\/v2\/comments?post=1157716"}],"version-history":[{"count":0,"href":"https:\/\/www.europesays.com\/fr\/wp-json\/wp\/v2\/posts\/1157716\/revisions"}],"wp:featuredmedia":[{"embeddable":true,"href":"https:\/\/www.europesays.com\/fr\/wp-json\/wp\/v2\/media\/1157717"}],"wp:attachment":[{"href":"https:\/\/www.europesays.com\/fr\/wp-json\/wp\/v2\/media?parent=1157716"}],"wp:term":[{"taxonomy":"category","embeddable":true,"href":"https:\/\/www.europesays.com\/fr\/wp-json\/wp\/v2\/categories?post=1157716"},{"taxonomy":"post_tag","embeddable":true,"href":"https:\/\/www.europesays.com\/fr\/wp-json\/wp\/v2\/tags?post=1157716"}],"curies":[{"name":"wp","href":"https:\/\/api.w.org\/{rel}","templated":true}]}}