{"id":1157718,"date":"2026-08-30T17:30:18","date_gmt":"2026-08-30T17:30:18","guid":{"rendered":"https:\/\/www.europesays.com\/fr\/1157718\/"},"modified":"2026-08-30T17:30:18","modified_gmt":"2026-08-30T17:30:18","slug":"feu-vert-pour-la-nouvelle-fabrique-hermes-a-champigny-sur-marne","status":"publish","type":"post","link":"https:\/\/www.europesays.com\/fr\/1157718\/","title":{"rendered":"Feu vert pour la nouvelle fabrique Herm\u00e8s \u00e0 Champigny-sur-Marne"},"content":{"rendered":"<p>La filiale d\u2019Herm\u00e8s, d\u00e9j\u00e0 historiquement implant\u00e9e \u00e0 Champigny-sur-Marne, va pouvoir s\u2019y \u00e9tendre en reprenant l\u2019ancien n\u00e9goce de bois, \u00e0 proximit\u00e9 de l\u2019autoroute A4. Le groupe de luxe a r\u00e9vis\u00e9 sa copie pour \u00e9viter les risques d\u2019incendie.<\/p>\n<p>Le nouvel atelier, qui produira des pi\u00e8ces m\u00e9talliques destin\u00e9es \u00e0 la maroquinerie et aux accessoires de mode, depuis la barre de laiton jusqu\u2019au produit fini emball\u00e9 dans sa petite boite orange, viendra remplacer l\u2019un des deux sites actuels de la marque de luxe, en prenant ses aises sur 8000 m2, sur une parcelle totale de 1,7 ha. De quoi remplacer dignement l\u2019ancienne soci\u00e9t\u00e9 de n\u00e9goce de bois Dumoulin, avenue du g\u00e9n\u00e9ral de Gaulle, \u00e0 c\u00f4t\u00e9 de l\u2019immeuble de Sonvid\u00e9o.com et du restaurant Le Bouillon.<\/p>\n<p>300 salari\u00e9s y sont attendus \u00e0 terme. Alors <a href=\"https:\/\/citoyens.com\/2024\/air-liquide-pret-a-quitter-champigny-sur-marne-le-maire-espere-eviter-le-depart,13-02-2024.html\" rel=\"nofollow noopener\" target=\"_blank\">qu\u2019Air Liquide a quitt\u00e9 les bords de Marne campinois pour Charenton-le-Pont, <\/a>cet ancrage d\u2019Herm\u00e8s conforte la vocation industrielle de la ville qui s\u2019appr\u00eate aussi \u00e0 voir ouvrir <a href=\"https:\/\/citoyens.com\/2025\/champ-de-legumes-sur-un-toit-le-metro-se-transforme-en-ferme-a-champigny-sur-marne,07-10-2025.html\" rel=\"nofollow noopener\" target=\"_blank\">le centre d\u2019exploitation et de maintenance de la ligne 15 sud du m\u00e9tro<\/a>. <\/p>\n<p><a href=\"https:\/\/citoyens.com\/wp-content\/blogs.dir\/2\/files\/2026\/05\/pexels-nhung-tran-hermes.jpg\" rel=\"nofollow noopener\" target=\"_blank\">\u00a9 Nhung Tran<img loading=\"lazy\" decoding=\"async\" width=\"1024\" height=\"558\" src=\"data:image\/svg+xml,%3Csvg%20xmlns=\" http:=\"\" alt=\"\" class=\"wp-image-383839\" data-lazy- data-lazy- data-lazy-src=\"https:\/\/www.europesays.com\/fr\/wp-content\/uploads\/2026\/08\/pexels-nhung-tran-hermes-1024x558.jpg\"\/><\/a><\/p>\n<p>Pr\u00e9occupation \u00e9cologique d\u00e9sormais doubl\u00e9e d\u2019une meilleure pr\u00e9vention des incendies<\/p>\n<p>Le projet, qui a <a href=\"https:\/\/citoyens.com\/2026\/luxe-hermes-prevoit-douvrir-une-nouvelle-usine-a-champigny-sur-marne,03-05-2026.html\" rel=\"nofollow noopener\" target=\"_blank\">fait l\u2019objet d\u2019une consultation du public ce printemps<\/a> en vue des autorisations environnementales d\u2019installation class\u00e9e pour la protection de l\u2019environnement (ICPE) en raison des produits n\u00e9cessaires au bain de l\u2019atelier galvanisation, a travaill\u00e9 son int\u00e9gration \u00e9cologique. Bassin de r\u00e9tention d\u2019eau de pr\u00e8s de 1000 m2 pour les eaux incendies, r\u00e9cup\u00e9ration des pluviales, maintien des arbres du site, panneaux photovolta\u00efques sur le toit, espaces paysagers, couverture de l\u2019espace de stockage des d\u00e9chets\u2026 tranchent avec les usines \u00e0 l\u2019ancienne.<\/p>\n<p>Nouvelles garanties contre les incendies<\/p>\n<p>Restaient quelques points qui avaient conduit \u00e0 un avis d\u00e9favorable de la brigade des sapeurs pompiers de Paris (BSPP) comme le recours \u00e0 du bois lamell\u00e9-coll\u00e9 au niveau de la structure, par d\u00e9rogation \u00e0 un mat\u00e9riau incombustible, pour des raisons esth\u00e9tiques, ou encore \u00e0 un proc\u00e9d\u00e9 de d\u00e9senfumage qui ne convainquait pas, et le fait qu\u2019il ne soit pas pr\u00e9vu de personnel pr\u00e9sent la nuit mais un pilotage \u00e0 distance depuis Paris.<\/p>\n<p>Suite \u00e0 ces r\u00e9serves, la filiale d\u2019Herm\u00e8s a renonc\u00e9 \u00e0 sa demande de d\u00e9rogation, s\u2019engageant \u00e0 utiliser un mat\u00e9riau incombustible. L\u2019entreprise a aussi d\u00e9taill\u00e9 la mati\u00e8re dont l\u2019extraction des fum\u00e9es s\u2019ex\u00e9cuterait de fa\u00e7on automatique, et a propos\u00e9 d\u2019ajouter un syst\u00e8me de sprinklage (aspersion automatique d\u2019eau en cas de d\u00e9tection incendie) sur la totalit\u00e9 de l\u2019usine y compris dans le parking souterrain. Le futur exploitant a aussi pris des engagements pour limiter les nuisances du chantier. De quoi convaincre le commissaire enqu\u00eateur de d\u00e9livrer une autorisation environnementale. Celle-ci est d\u00e9sormais attendue de la part du pr\u00e9fet.<\/p>\n<p>Selon le premier calendrier du projet, les travaux devraient d\u00e9marrer en octobre 2026 par la d\u00e9molition de l\u2019existant avant la construction du nouveau b\u00e2timent. La livraison est pr\u00e9vue en juin 2028.<\/p>\n","protected":false},"excerpt":{"rendered":"La filiale d\u2019Herm\u00e8s, d\u00e9j\u00e0 historiquement implant\u00e9e \u00e0 Champigny-sur-Marne, va pouvoir s\u2019y \u00e9tendre en reprenant l\u2019ancien n\u00e9goce de bois,&hellip;\n","protected":false},"author":2,"featured_media":1157719,"comment_status":"","ping_status":"","sticky":false,"template":"","format":"standard","meta":{"footnotes":"","_share_on_mastodon":"0"},"categories":[1888],"tags":[11,70567,21655,118689,87237,14770,20657,257,436,1777,674,1011,27,11127,1310,693,12,97117,626,1311,6543,25,2086],"class_list":["post-1157718","post","type-post","status-publish","format-standard","has-post-thumbnail","category-paris","tag-actualites","tag-autorisation-environnementale","tag-bords-de-marne","tag-brigade-des-sapeurs-pompiers-de-paris","tag-bspp","tag-champigny-sur-marne","tag-developpement-economique","tag-entreprise","tag-environnement","tag-eu","tag-europe","tag-fr","tag-france","tag-hermes","tag-incendie","tag-industrie","tag-news","tag-nouveau-batiment","tag-paris","tag-pompiers","tag-prevention","tag-republique-francaise","tag-travaux"],"share_on_mastodon":{"url":"https:\/\/pubeurope.com\/@fr\/117185650877453571","error":""},"_links":{"self":[{"href":"https:\/\/www.europesays.com\/fr\/wp-json\/wp\/v2\/posts\/1157718","targetHints":{"allow":["GET"]}}],"collection":[{"href":"https:\/\/www.europesays.com\/fr\/wp-json\/wp\/v2\/posts"}],"about":[{"href":"https:\/\/www.europesays.com\/fr\/wp-json\/wp\/v2\/types\/post"}],"author":[{"embeddable":true,"href":"https:\/\/www.europesays.com\/fr\/wp-json\/wp\/v2\/users\/2"}],"replies":[{"embeddable":true,"href":"https:\/\/www.europesays.com\/fr\/wp-json\/wp\/v2\/comments?post=1157718"}],"version-history":[{"count":0,"href":"https:\/\/www.europesays.com\/fr\/wp-json\/wp\/v2\/posts\/1157718\/revisions"}],"wp:featuredmedia":[{"embeddable":true,"href":"https:\/\/www.europesays.com\/fr\/wp-json\/wp\/v2\/media\/1157719"}],"wp:attachment":[{"href":"https:\/\/www.europesays.com\/fr\/wp-json\/wp\/v2\/media?parent=1157718"}],"wp:term":[{"taxonomy":"category","embeddable":true,"href":"https:\/\/www.europesays.com\/fr\/wp-json\/wp\/v2\/categories?post=1157718"},{"taxonomy":"post_tag","embeddable":true,"href":"https:\/\/www.europesays.com\/fr\/wp-json\/wp\/v2\/tags?post=1157718"}],"curies":[{"name":"wp","href":"https:\/\/api.w.org\/{rel}","templated":true}]}}