{"id":1157722,"date":"2026-08-30T17:33:18","date_gmt":"2026-08-30T17:33:18","guid":{"rendered":"https:\/\/www.europesays.com\/fr\/1157722\/"},"modified":"2026-08-30T17:33:18","modified_gmt":"2026-08-30T17:33:18","slug":"guerre-en-ukraine-la-russie-promet-des-frappes-massives-et-kiev-debat-sur-ses-depots-de-munitions-en-pleine-ville","status":"publish","type":"post","link":"https:\/\/www.europesays.com\/fr\/1157722\/","title":{"rendered":"Guerre en Ukraine\u00a0: La Russie promet des \u00ab\u00a0frappes massives\u00a0\u00bb et Kiev d\u00e9bat sur ses d\u00e9p\u00f4ts de munitions en pleine ville"},"content":{"rendered":"<p>Vous avez rat\u00e9 les derniers \u00e9v\u00e9nements sur la <a href=\"https:\/\/www.20minutes.fr\/monde\/ukraine\/\" class=\"c-link c-link--is-underlined\" rel=\"nofollow noopener\" target=\"_blank\">guerre en Ukraine<\/a>\u00a0? 20 Minutes fait le point pour vous tous les soirs. Voici l\u2019essentiel de ce dimanche 30\u00a0ao\u00fbt, au 1.649e jour du conflit.<\/p>\n<p>Le fait du jour<\/p>\n<p>La Russie a annonc\u00e9 ce dimanche pr\u00e9parer des \u00ab\u00a0frappes massives\u00a0\u00bb contre des \u00ab\u00a0<a href=\"https:\/\/www.20minutes.fr\/monde\/ukraine\/4238329-20260808-guerre-ukraine-drone-ukrainien-ecrase-bulgarie-acte-delibere\" target=\"_blank\" class=\"c-link c-link--is-underlined\" rel=\"nofollow noopener\">installations du secteur \u00e9nerg\u00e9tique\u00a0\u00bb de l\u2019Ukraine<\/a>. \u00ab\u00a0Les forces arm\u00e9es russes ont entam\u00e9 la pr\u00e9paration de <a href=\"https:\/\/www.20minutes.fr\/monde\/russie\/4232825-20260704-guerre-ukraine-russie-affirme-drones-ukrainiens-touche-terminal-petrolier-saint-petersbourg\" target=\"_blank\" class=\"c-link c-link--is-underlined\" rel=\"nofollow noopener\">frappes massives contre les installations du secteur \u00e9nerg\u00e9tique de l\u2019Ukraine<\/a> en r\u00e9ponse aux attaques continues du r\u00e9gime de Kiev contre les infrastructures civiles et le complexe p\u00e9trolier et \u00e9nerg\u00e9tique de la Russie\u00a0\u00bb, a indiqu\u00e9 le minist\u00e8re russe de la D\u00e9fense sur Telegram.<\/p>\n<\/p>\n<p>L\u2019hiver dernier, <a href=\"https:\/\/www.20minutes.fr\/monde\/ukraine\/4226323-20260531-guerre-ukraine-drone-cible-centrale-nucleaire-zaporijia-kiev-frappe-sites-petroliers\" target=\"_blank\" class=\"c-link c-link--is-underlined\" rel=\"nofollow noopener\">Moscou avait multipli\u00e9 les frappes sur les centrales ukrainiennes<\/a>, d\u00e9vastant le secteur \u00e9nerg\u00e9tique du pays et plongeant par moments des millions de personnes dans le froid et le noir. La Russie et l\u2019Ukraine sont engag\u00e9es depuis plusieurs mois dans une escalade des frappes \u00e0 longue port\u00e9e, qui visent un nombre croissant d\u2019infrastructures civiles, tels que des entrep\u00f4ts, des commerces, des sites p\u00e9troliers et portuaires et des navires.<\/p>\n<p>Le chiffre du jour<\/p>\n<p>38. Le bilan de la<a href=\"https:\/\/www.20minutes.fr\/monde\/ukraine\/4241604-20260829-guerre-ukraine-direct-moins-27-morts-apres-frappe-russe-entrepot-pres-kiev\" target=\"_blank\" class=\"c-link c-link--is-underlined\" rel=\"nofollow noopener\"> frappe russe sur un d\u00e9p\u00f4t de munition pr\u00e8s de Kiev est mont\u00e9 \u00e0 38 morts<\/a>, a indiqu\u00e9 ce dimanche le pr\u00e9sident ukrainien <a href=\"https:\/\/www.20minutes.fr\/monde\/volodymyr-zelensky\/\" class=\"c-link c-link--is-underlined\" rel=\"nofollow noopener\" target=\"_blank\">Volodymyr Zelensky<\/a>. La Russie a frapp\u00e9 \u00e0 l\u2019aide d\u2019un drone dans la nuit de vendredi \u00e0 samedi cet entrep\u00f4t de l\u2019arm\u00e9e ukrainienne dans la ville de Myla, qui renfermait des munitions, drones et explosifs.<\/p>\n<p>Cette attaque a provoqu\u00e9 une \u00e9norme explosion, un incendie et des d\u00e9tonations secondaires qui ont projet\u00e9 des flammes aux alentours. \u00ab\u00a0Le travail se poursuit sans rel\u00e2che\u00a0\u00bb, les secours ont \u00ab\u00a0r\u00e9ussi \u00e0 \u00e9teindre la plupart des incendies\u00a0\u00bb et des d\u00e9mineurs travaillent sur le site, a indiqu\u00e9 Zelensky sur Telegram. Selon lui, \u00ab\u00a0l\u2019ampleur de la contamination dans la zone est importante\u00a0\u00bb.<\/p>\n<p>La tendance<\/p>\n<p>L\u2019attaque russe sur ce d\u00e9p\u00f4t de munitions a suscit\u00e9 une nouvelle fois des critiques en Ukraine sur la pr\u00e9sence d\u2019une telle installation au milieu d\u2019une zone r\u00e9sidentielle habit\u00e9e. Un incident similaire a eu lieu le 6\u00a0juillet, lorsque la Russie a frapp\u00e9 \u00e0 Vychnev\u00e9, \u00e9galement pr\u00e8s de Kiev, un entrep\u00f4t de munitions appartenant \u00e0 Ukroboronprom &#8211; le plus grand fabricant d\u2019armement d\u2019Ukraine &#8211; plac\u00e9 au milieu d\u2019une banlieue r\u00e9sidentielle. Huit personnes avaient \u00e9t\u00e9 tu\u00e9es.<\/p>\n<p>Le Parquet ukrainien a ouvert une enqu\u00eate pour n\u00e9gligence criminelle apr\u00e8s la frappe sur le d\u00e9p\u00f4t de Myla, disant vouloir v\u00e9rifier \u00ab\u00a0la l\u00e9galit\u00e9 du [\u2026] stockage d\u2019objets et de mat\u00e9riaux explosifs sur le site\u00a0\u00bb.<\/p>\n","protected":false},"excerpt":{"rendered":"Vous avez rat\u00e9 les derniers \u00e9v\u00e9nements sur la guerre en Ukraine\u00a0? 20 Minutes fait le point pour vous&hellip;\n","protected":false},"author":2,"featured_media":1157723,"comment_status":"","ping_status":"","sticky":false,"template":"","format":"standard","meta":{"footnotes":"","_share_on_mastodon":"0"},"categories":[1591],"tags":[47,11,1887,131,4998,74,1916,12,316,1885,1886,132,134],"class_list":["post-1157722","post","type-post","status-publish","format-standard","has-post-thumbnail","category-russie","tag-actualite","tag-actualites","tag-federation-de-russie","tag-guerre-en-ukraine","tag-kremlin","tag-monde","tag-moscou","tag-news","tag-politique","tag-russia","tag-russian-federation","tag-russie","tag-volodymyr-zelensky"],"share_on_mastodon":{"url":"https:\/\/pubeurope.com\/@fr\/117185662525590781","error":""},"_links":{"self":[{"href":"https:\/\/www.europesays.com\/fr\/wp-json\/wp\/v2\/posts\/1157722","targetHints":{"allow":["GET"]}}],"collection":[{"href":"https:\/\/www.europesays.com\/fr\/wp-json\/wp\/v2\/posts"}],"about":[{"href":"https:\/\/www.europesays.com\/fr\/wp-json\/wp\/v2\/types\/post"}],"author":[{"embeddable":true,"href":"https:\/\/www.europesays.com\/fr\/wp-json\/wp\/v2\/users\/2"}],"replies":[{"embeddable":true,"href":"https:\/\/www.europesays.com\/fr\/wp-json\/wp\/v2\/comments?post=1157722"}],"version-history":[{"count":0,"href":"https:\/\/www.europesays.com\/fr\/wp-json\/wp\/v2\/posts\/1157722\/revisions"}],"wp:featuredmedia":[{"embeddable":true,"href":"https:\/\/www.europesays.com\/fr\/wp-json\/wp\/v2\/media\/1157723"}],"wp:attachment":[{"href":"https:\/\/www.europesays.com\/fr\/wp-json\/wp\/v2\/media?parent=1157722"}],"wp:term":[{"taxonomy":"category","embeddable":true,"href":"https:\/\/www.europesays.com\/fr\/wp-json\/wp\/v2\/categories?post=1157722"},{"taxonomy":"post_tag","embeddable":true,"href":"https:\/\/www.europesays.com\/fr\/wp-json\/wp\/v2\/tags?post=1157722"}],"curies":[{"name":"wp","href":"https:\/\/api.w.org\/{rel}","templated":true}]}}