{"id":1157728,"date":"2026-08-30T17:36:15","date_gmt":"2026-08-30T17:36:15","guid":{"rendered":"https:\/\/www.europesays.com\/fr\/1157728\/"},"modified":"2026-08-30T17:36:15","modified_gmt":"2026-08-30T17:36:15","slug":"soulagement-et-tristesse-en-islande-apres-le-rejet-du-referendum-sur-ladhesion-a-lue","status":"publish","type":"post","link":"https:\/\/www.europesays.com\/fr\/1157728\/","title":{"rendered":"Soulagement et tristesse en Islande apr\u00e8s le rejet du r\u00e9f\u00e9rendum sur l&rsquo;adh\u00e9sion \u00e0 l&rsquo;UE"},"content":{"rendered":"<p>Un m\u00e9lange de soulagement et de d\u00e9ception s&rsquo;est r\u00e9pandu en Islande dimanche, apr\u00e8s que le pays a vot\u00e9 de justesse \u00ab\u00a0non\u00a0\u00bb \u00e0 la reprise des discussions avec l&rsquo;Union europ\u00e9enne en vue d&rsquo;une \u00e9ventuelle adh\u00e9sion.<\/p>\n<p>          <img decoding=\"async\" class=\"c-ad__placeholder__logo\" src=\"https:\/\/static.euronews.com\/website\/images\/logos\/logo-euronews-stacked-outlined-72x72-grey-9.svg\" width=\"72\" height=\"72\" alt=\"\" loading=\"lazy\"\/><br \/>\n          PUBLICIT\u00c9<\/p>\n<p>          <img decoding=\"async\" class=\"c-ad__placeholder__logo\" src=\"https:\/\/static.euronews.com\/website\/images\/logos\/logo-euronews-stacked-outlined-72x72-grey-9.svg\" width=\"72\" height=\"72\" alt=\"\" loading=\"lazy\"\/><br \/>\n          PUBLICIT\u00c9<\/p>\n<p>De nombreux Islandais s&rsquo;\u00e9taient rassembl\u00e9s dans la capitale Reykjavik pour suivre l&rsquo;arriv\u00e9e des r\u00e9sultats au fil de la nuit, les partisans comme les opposants aux n\u00e9gociations d&rsquo;adh\u00e9sion laissant \u00e9clater leur joie \u00e0 mesure que le d\u00e9pouillement avan\u00e7ait.<\/p>\n<p>Lors du vote de samedi, 52,8 % des \u00e9lecteurs ont rejet\u00e9 la reprise des pourparlers d&rsquo;entr\u00e9e dans l&rsquo;UE, contre 47,2 % qui ont vot\u00e9 \u00ab\u00a0oui\u00a0\u00bb, selon la radiot\u00e9l\u00e9vision publique R\u00daV.<\/p>\n<p>S&rsquo;exprimant depuis Reykjavik apr\u00e8s l&rsquo;annonce des r\u00e9sultats, Skuli Olafsson Skuli, pasteur, a d\u00e9clar\u00e9 qu&rsquo;il \u00e9tait \u00ab\u00a0un peu soulag\u00e9\u00a0\u00bb.<\/p>\n<p>\u00ab\u00a0Ce d\u00e9bat a \u00e9t\u00e9 assez agressif\u00a0\u00bb, a-t-il estim\u00e9. \u00ab\u00a0Mais j&rsquo;esp\u00e8re maintenant que les camps oppos\u00e9s trouveront un moyen de rendre cette communaut\u00e9 ici en Islande un peu meilleure, simplement en utilisant nos propres m\u00e9thodes et, bien s\u00fbr, les relations que nous avons avec l&rsquo;Europe, l&rsquo;Am\u00e9rique et l&rsquo;Asie.\u00a0\u00bb<\/p>\n<p>Anna Maria Bogadottir, artiste, a expliqu\u00e9 que le r\u00e9sultat du scrutin la laissait \u00ab\u00a0dans une sorte de d\u00e9ni\u00a0\u00bb.<\/p>\n<p>\u00ab\u00a0C&rsquo;est difficile de se dire que c&rsquo;est un non\u00a0\u00bb, a-t-elle ajout\u00e9.<\/p>\n<p>La Premi\u00e8re ministre de centre gauche, Kristr\u00fan Frostad\u00f3ttir, a promis de \u00ab\u00a0respecter\u00a0\u00bb le r\u00e9sultat tout en saluant la forte participation.<\/p>\n<p>\u00ab\u00a0Il est \u00e9vident que pr\u00e8s de la moiti\u00e9 du pays voulait poursuivre ces n\u00e9gociations, mais que plus de la moiti\u00e9 de la population ne le souhaitait pas. Nous respecterons ce r\u00e9sultat\u00a0\u00bb, a d\u00e9clar\u00e9 Frostad\u00f3ttir lors d&rsquo;une conf\u00e9rence de presse dimanche.<\/p>\n<p>\u00ab\u00a0Le fait que nous ayons r\u00e9ussi \u00e0 faire venir les gens \u00e0 la table sur une question comme celle-ci est extr\u00eamement important pour nous\u00a0\u00bb, a-t-elle poursuivi. \u00ab\u00a0Cela nous donne un mandat plus solide pour prendre une d\u00e9cision sur ce dossier.\u00a0\u00bb<\/p>\n<p>Sur X, l&rsquo;ancien pr\u00e9sident islandais \u00d3lafur Ragnar Gr\u00edmsson, qui soutenait le camp du \u00ab\u00a0non\u00a0\u00bb, a d\u00e9clar\u00e9 que \u00ab\u00a0la nation s&rsquo;est exprim\u00e9e\u00a0\u00bb.<\/p>\n<p>Le r\u00e9sultat du r\u00e9f\u00e9rendum a \u00e9galement \u00e9t\u00e9 salu\u00e9 par des figures de droite au Royaume-Uni et en France.<\/p>\n<p>Le chef de Reform UK, Nigel Farage, figure cl\u00e9 du Brexit, a f\u00e9licit\u00e9 l&rsquo;Islande pour avoir \u00ab\u00a0vot\u00e9 pour conserver son ind\u00e9pendance\u00a0\u00bb.<\/p>\n<p>La Fran\u00e7aise Marine Le Pen a ajout\u00e9 : \u00ab\u00a0\u00c0 l&rsquo;heure o\u00f9 certains poussent \u00e0 davantage de f\u00e9d\u00e9ralisme et \u00e0 un transfert de souverainet\u00e9 vers la Commission europ\u00e9enne, ce vote rappelle qu&rsquo;une autre Europe est possible : une Europe de nations libres et souveraines coop\u00e9rant volontairement sur les sujets d&rsquo;int\u00e9r\u00eat commun.\u00a0\u00bb<\/p>\n<p>La Commission europ\u00e9enne a pour sa part publi\u00e9 un bref communiqu\u00e9 sur le r\u00e9sultat, indiquant qu&rsquo;elle \u00ab\u00a0prend note de l&rsquo;issue\u00a0\u00bb et qu&rsquo;elle \u00ab\u00a0respecte le choix du peuple islandais\u00a0\u00bb.<\/p>\n<p>L&rsquo;Islande avait d\u00e9pos\u00e9 sa candidature \u00e0 l&rsquo;adh\u00e9sion \u00e0 l&rsquo;UE en 2009, dans le sillage de la crise financi\u00e8re de 2008, et la Commission avait rendu un avis favorable en f\u00e9vrier 2010. Un nouveau gouvernement eurosceptique a mis fin aux discussions en 2013.<\/p>\n","protected":false},"excerpt":{"rendered":"Un m\u00e9lange de soulagement et de d\u00e9ception s&rsquo;est r\u00e9pandu en Islande dimanche, apr\u00e8s que le pays a vot\u00e9&hellip;\n","protected":false},"author":2,"featured_media":1157729,"comment_status":"","ping_status":"","sticky":false,"template":"","format":"standard","meta":{"footnotes":"","_share_on_mastodon":"0"},"categories":[1588],"tags":[11,1777,674,12528,12,118291,13921,473,1853,1851,364,1850,1852],"class_list":["post-1157728","post","type-post","status-publish","format-standard","has-post-thumbnail","category-royaume-uni","tag-actualites","tag-eu","tag-europe","tag-islande","tag-news","tag-politique-islandaise","tag-referendum","tag-royaume-uni","tag-royaume-uni-de-grande-bretagne-et-dirlande-du-nord","tag-uk","tag-union-europeenne","tag-united-kingdom","tag-united-kingdom-of-great-britain-and-northern-ireland"],"share_on_mastodon":{"url":"https:\/\/pubeurope.com\/@fr\/117185675313706933","error":""},"_links":{"self":[{"href":"https:\/\/www.europesays.com\/fr\/wp-json\/wp\/v2\/posts\/1157728","targetHints":{"allow":["GET"]}}],"collection":[{"href":"https:\/\/www.europesays.com\/fr\/wp-json\/wp\/v2\/posts"}],"about":[{"href":"https:\/\/www.europesays.com\/fr\/wp-json\/wp\/v2\/types\/post"}],"author":[{"embeddable":true,"href":"https:\/\/www.europesays.com\/fr\/wp-json\/wp\/v2\/users\/2"}],"replies":[{"embeddable":true,"href":"https:\/\/www.europesays.com\/fr\/wp-json\/wp\/v2\/comments?post=1157728"}],"version-history":[{"count":0,"href":"https:\/\/www.europesays.com\/fr\/wp-json\/wp\/v2\/posts\/1157728\/revisions"}],"wp:featuredmedia":[{"embeddable":true,"href":"https:\/\/www.europesays.com\/fr\/wp-json\/wp\/v2\/media\/1157729"}],"wp:attachment":[{"href":"https:\/\/www.europesays.com\/fr\/wp-json\/wp\/v2\/media?parent=1157728"}],"wp:term":[{"taxonomy":"category","embeddable":true,"href":"https:\/\/www.europesays.com\/fr\/wp-json\/wp\/v2\/categories?post=1157728"},{"taxonomy":"post_tag","embeddable":true,"href":"https:\/\/www.europesays.com\/fr\/wp-json\/wp\/v2\/tags?post=1157728"}],"curies":[{"name":"wp","href":"https:\/\/api.w.org\/{rel}","templated":true}]}}