{"id":1157730,"date":"2026-08-30T17:37:16","date_gmt":"2026-08-30T17:37:16","guid":{"rendered":"https:\/\/www.europesays.com\/fr\/1157730\/"},"modified":"2026-08-30T17:37:16","modified_gmt":"2026-08-30T17:37:16","slug":"ulrich-siegmund-le-visage-lisse-et-charmant-dune-extreme-droite-allemande-decomplexee","status":"publish","type":"post","link":"https:\/\/www.europesays.com\/fr\/1157730\/","title":{"rendered":"Ulrich Siegmund, le visage lisse et charmant d\u2019une extr\u00eame droite allemande d\u00e9complex\u00e9e"},"content":{"rendered":"<p>    R\u00e9sum\u00e9 en 20 secondes<\/p>\n<p>        En savoir plus sur ce type de contenu<\/p>\n<p>Ce r\u00e9sum\u00e9 peut avoir \u00e9t\u00e9 \u00e9crit avec l&rsquo;assistance d\u2019une IA g\u00e9n\u00e9rative. <a href=\"https:\/\/www.letemps.ch\/cyber\/l-usage-de-l-ia-generative-par-les-journalistes-du-temps\" rel=\"nofollow noopener\" target=\"_blank\">En savoir plus<\/a><\/p>\n<p class=\"article__abstract-call-to-action\" data-ariato=\"TrackableElement\" data-trackable-element-type=\"article_abstract_cta\" data-trackable-element-location=\"article_header\" data-trackable-element-id=\"541079\">\n        <a data-event=\"click-&gt;clicked\" href=\"https:\/\/www.letemps.ch\/abonnements\" rel=\"nofollow noopener\" target=\"_blank\">Abonnez-vous<\/a> pour acc\u00e9der au r\u00e9sum\u00e9 en 20 secondes.\n      <\/p>\n<p>Pas de pol\u00e9mique, pas de provocation. Ulrich Siegmund, favori des \u00e9lections r\u00e9gionales du 6\u00a0septembre en Saxe-Anhalt, a fait profil bas mercredi 26\u00a0ao\u00fbt, sur la t\u00e9l\u00e9vision publique r\u00e9gionale MRD. Cr\u00e9dit\u00e9 de 42% des intentions de vote, la t\u00eate de liste du parti Alternative pour l\u2019Allemagne (AfD), que le magazine Spiegel qualifie \u00abd\u2019homme le plus dangereux d\u2019Allemagne\u00bb, s\u2019est montr\u00e9 parfois tendu lors de ce d\u00e9bat t\u00e9l\u00e9vis\u00e9 mais a gard\u00e9 son calme, le sourire aux l\u00e8vres lorsque ses concurrents s\u2019invectivaient ou l\u2019attaquaient frontalement.<\/p>\n<p>Devant les cam\u00e9ras, cet homme politique de 35\u00a0ans, aux yeux bleus, \u00e0 la barbe de trois jours, \u00e9l\u00e9gant dans son costume noir et cravate de m\u00eame, a jou\u00e9 la surprenante carte de l\u2019unit\u00e9. \u00abPourquoi avez-vous peur de moi?\u00bb, a-t-il demand\u00e9, de mani\u00e8re faussement na\u00efve tout en \u00e9vitant de rappeler que son parti est qualifi\u00e9 d\u2019organisation \u00abav\u00e9r\u00e9e d\u2019extr\u00eame droite\u00bb par les services de renseignement de la r\u00e9gion. \u00abRegardez sur internet, je discute constamment avec mes adversaires [\u2026] Je veux que l\u2019on pense en communaut\u00e9\u00bb, lance-t-il dans un \u00e9lan pacificateur.<\/p>\n","protected":false},"excerpt":{"rendered":"R\u00e9sum\u00e9 en 20 secondes En savoir plus sur ce type de contenu Ce r\u00e9sum\u00e9 peut avoir \u00e9t\u00e9 \u00e9crit&hellip;\n","protected":false},"author":2,"featured_media":1157731,"comment_status":"","ping_status":"","sticky":false,"template":"","format":"standard","meta":{"footnotes":"","_share_on_mastodon":"0"},"categories":[1587],"tags":[11,672,1804,1805,1803,7997,1777,674,1801,10090,74,12,301,1802],"class_list":["post-1157730","post","type-post","status-publish","format-standard","has-post-thumbnail","category-allemagne","tag-actualites","tag-allemagne","tag-bundesrepublik-deutschland","tag-de","tag-deutschland","tag-elections-allemandes-2025","tag-eu","tag-europe","tag-germany","tag-migrations","tag-monde","tag-news","tag-premium","tag-republique-federale-dallemagne"],"share_on_mastodon":{"url":"https:\/\/pubeurope.com\/@fr\/117185678363285581","error":""},"_links":{"self":[{"href":"https:\/\/www.europesays.com\/fr\/wp-json\/wp\/v2\/posts\/1157730","targetHints":{"allow":["GET"]}}],"collection":[{"href":"https:\/\/www.europesays.com\/fr\/wp-json\/wp\/v2\/posts"}],"about":[{"href":"https:\/\/www.europesays.com\/fr\/wp-json\/wp\/v2\/types\/post"}],"author":[{"embeddable":true,"href":"https:\/\/www.europesays.com\/fr\/wp-json\/wp\/v2\/users\/2"}],"replies":[{"embeddable":true,"href":"https:\/\/www.europesays.com\/fr\/wp-json\/wp\/v2\/comments?post=1157730"}],"version-history":[{"count":0,"href":"https:\/\/www.europesays.com\/fr\/wp-json\/wp\/v2\/posts\/1157730\/revisions"}],"wp:featuredmedia":[{"embeddable":true,"href":"https:\/\/www.europesays.com\/fr\/wp-json\/wp\/v2\/media\/1157731"}],"wp:attachment":[{"href":"https:\/\/www.europesays.com\/fr\/wp-json\/wp\/v2\/media?parent=1157730"}],"wp:term":[{"taxonomy":"category","embeddable":true,"href":"https:\/\/www.europesays.com\/fr\/wp-json\/wp\/v2\/categories?post=1157730"},{"taxonomy":"post_tag","embeddable":true,"href":"https:\/\/www.europesays.com\/fr\/wp-json\/wp\/v2\/tags?post=1157730"}],"curies":[{"name":"wp","href":"https:\/\/api.w.org\/{rel}","templated":true}]}}