{"id":1157753,"date":"2026-08-30T17:56:20","date_gmt":"2026-08-30T17:56:20","guid":{"rendered":"https:\/\/www.europesays.com\/fr\/1157753\/"},"modified":"2026-08-30T17:56:20","modified_gmt":"2026-08-30T17:56:20","slug":"cest-une-grande-premiere-dans-quotidien-yann-barthes-fait-le-point-sur-les-changements-qui-attendent-les-telespectateurs-cette-annee","status":"publish","type":"post","link":"https:\/\/www.europesays.com\/fr\/1157753\/","title":{"rendered":"\u00ab\u00a0C\u2019est une grande premi\u00e8re dans Quotidien\u00a0\u00bb : Yann Barth\u00e8s fait le point sur les changements qui attendent les t\u00e9l\u00e9spectateurs cette ann\u00e9e"},"content":{"rendered":"<p>Ce lundi 31 ao\u00fbt 2026, Quotidien va faire sa dixi\u00e8me rentr\u00e9e sur TMC. Apr\u00e8s <a href=\"https:\/\/www.programme-tv.net\/news\/tv\/403597-j-ai-choisi-de-partir-ambre-chalumeau-et-maia-mazaurette-vont-quitter-quotidien-dans-quelques-jours-sur-tmc\/\" data-api-deeplink=\"teleloisirs:\/\/news\/403597\" rel=\"nofollow noopener\" target=\"_blank\">les d\u00e9parts<\/a> d&rsquo;Ambre Chalumeau et <a href=\"https:\/\/www.programme-tv.net\/biographie\/449717-mazaurette-maia\/\" data-link-people=\"925aca39-2847-4603-93e0-da4c8f358884\" rel=\"nofollow noopener\" target=\"_blank\">Ma\u00efa Mazaurette<\/a>, arriv\u00e9es en 2020, l&rsquo;\u00e9mission va accueillir de nouveaux chroniqueurs. Parmi eux, <a href=\"https:\/\/www.programme-tv.net\/news\/tv\/407348-quotidien-recrute-une-nouvelle-chroniqueuse-pour-la-rentree-les-amateurs-dhumour-seront-ravis\/\" data-api-deeplink=\"teleloisirs:\/\/news\/407348\" rel=\"nofollow noopener\" target=\"_blank\">l&rsquo;humoriste belge<\/a> Sarah L\u00e9l\u00e9. \u00ab\u00a0Elle \u00e9tait venue comme invit\u00e9e en juin et nous avait tap\u00e9 dans l&rsquo;\u0153il ; elle \u00e9crit super bien, j&rsquo;aime beaucoup son univers\u00a0\u00bb, confie Yann Barth\u00e8s \u00e0 <a href=\"https:\/\/www.latribune.fr\/article\/la-tribune-dimanche\/culture-lifestyle\/cinema-ecrans\/54994149215202\/yann-barthes-presentateur-de-quotidien-cest-dingue-quune-emission-soit-autant-attaquee-par-les-extremes\" rel=\"nofollow noopener\" target=\"_blank\">La Tribune dimanche<\/a> la veille de la reprise.<\/p>\n<p>L&rsquo;\u00e9crivaine Anne Akrich tiendra une chronique litt\u00e9raire le vendredi, et la journaliste Manon Mariana de France Inter fera \u00ab\u00a0un billet d&rsquo;humeur et de d\u00e9cryptage\u00a0\u00bb. Enfin, Salhia Brakhlia, qui a particip\u00e9 au programme entre 2018 et 2021, <a href=\"https:\/\/www.programme-tv.net\/news\/tv\/404047-salhia-brakhlia-va-faire-son-grand-retour-dans-quotidien-a-la-rentree-sur-tmc\/\" data-api-deeplink=\"teleloisirs:\/\/news\/404047\" rel=\"nofollow noopener\" target=\"_blank\">va faire son retour<\/a>. \u00ab\u00a0Elle sera \u00e0 mes c\u00f4t\u00e9s pour co-interviewer tous les invit\u00e9s. C&rsquo;est une grande premi\u00e8re dans Quotidien\u00a0\u00bb, d\u00e9taille le pr\u00e9sentateur<\/p>\n<p>                        Yann Barth\u00e8s maintient l&rsquo;absence d&rsquo;invit\u00e9s politiques en 2026, la question remise sur la table en 2027<\/p>\n<p>Lors de la derni\u00e8re rentr\u00e9e, Yann Barth\u00e8s avait annonc\u00e9 <a href=\"https:\/\/www.programme-tv.net\/news\/tv\/359956-quotidien-yann-barthes-critique-pour-avoir-invite-francois-hollande-apres-ses-propos-sur-les-politiques-il-fait-une-mise-au-point-dans-l-emission\/\" data-api-deeplink=\"teleloisirs:\/\/news\/359956\" rel=\"nofollow noopener\" target=\"_blank\">qu&rsquo;il n&rsquo;inviterait plus d&rsquo;homme ou de femme politique<\/a>, sauf \u00ab\u00a0une grande figure qui reviendrait dans le d\u00e9bat public ou une sortie de livre\u00a0\u00bb. Une mesure qu&rsquo;il compte maintenir au moins en 2026. \u00ab\u00a0Vous trouvez que \u00e7a manque ? Qu&rsquo;il n&rsquo;y en a pas assez \u00e0 la t\u00e9l\u00e9 ? Jusqu&rsquo;\u00e0 la fin de l&rsquo;ann\u00e9e, c&rsquo;est niet\u00a0\u00bb, affirme-t-il dans le m\u00eame entretien.<\/p>\n<p>En revanche, il est moins cat\u00e9gorique pour 2027 avec l&rsquo;enjeu de l&rsquo;\u00e9lection pr\u00e9sidentielle. \u00ab\u00a0\u00c7a sera une d\u00e9cision collective. Pour les derni\u00e8res europ\u00e9ennes, on avait fait voter la r\u00e9daction, qui avait d\u00e9cid\u00e9 qu&rsquo;on ne recevrait plus d&rsquo;invit\u00e9s politiques, sauf lors des sorties de livres\u00a0\u00bb, r\u00e9sume le journaliste qui consid\u00e8re que \u00ab\u00a0Quotidien n&rsquo;est pas une \u00e9mission politique\u00a0\u00bb.<\/p>\n<p>            \u00ab\u00a0Comme \u00e0 la maison\u00a0\u00bb : Salhia Brakhlia se r\u00e9jouit de son retour dans Quotidien<\/p>\n<p>De son c\u00f4t\u00e9, Salhia Braklia, qui a quitt\u00e9 le service public apr\u00e8s cinq ans o\u00f9 elle a coanim\u00e9 la matinale de France Info et une ann\u00e9e en joker dans C dans l&rsquo;air sur France 5, est heureuse de revenir. \u00ab\u00a0Je suis ici comme \u00e0 la maison, heureuse de retrouver des coll\u00e8gues que je connais, avec qui on rigole avant m\u00eame de se dire bonjour\u00a0\u00bb, d\u00e9crit-elle, toujours dans les colonnes de La Tribune dimanche.<\/p>\n<p>L&rsquo;ancienne pr\u00e9sentatrice de L&rsquo;\u0153il de Salhia Brakhlia sur BFMTV (2015-2018) a d&rsquo;ailleurs commenc\u00e9 comme fichiste au Grand Journal avant de rejoindre Yann Barth\u00e8s dans Le Petit Journal en 2008. \u00ab\u00a0\u00c7a a match\u00e9 tout de suite entre nous, elle est tr\u00e8s dr\u00f4le\u00a0\u00bb, raconte l&rsquo;animateur qui la pr\u00e9sente aujourd&rsquo;hui comme \u00ab\u00a0l&rsquo;une des meilleures intervieweuses du PAF\u00a0\u00bb.<\/p>\n<p>Article \u00e9crit en collaboration avec 6Medias<\/p>\n","protected":false},"excerpt":{"rendered":"Ce lundi 31 ao\u00fbt 2026, Quotidien va faire sa dixi\u00e8me rentr\u00e9e sur TMC. Apr\u00e8s les d\u00e9parts d&rsquo;Ambre Chalumeau&hellip;\n","protected":false},"author":2,"featured_media":1157754,"comment_status":"","ping_status":"","sticky":false,"template":"","format":"standard","meta":{"footnotes":"","_share_on_mastodon":"0"},"categories":[1356],"tags":[244,58,59,1011,27,1404,105070,252,8648,1364,23318],"class_list":["post-1157753","post","type-post","status-publish","format-standard","has-post-thumbnail","category-television","tag-commentaire","tag-divertissement","tag-entertainment","tag-fr","tag-france","tag-quotidien","tag-salhia-brakhlia","tag-television","tag-tmc","tag-tv","tag-yann-barthu00e8s"],"share_on_mastodon":{"url":"https:\/\/pubeurope.com\/@fr\/117185753217063638","error":""},"_links":{"self":[{"href":"https:\/\/www.europesays.com\/fr\/wp-json\/wp\/v2\/posts\/1157753","targetHints":{"allow":["GET"]}}],"collection":[{"href":"https:\/\/www.europesays.com\/fr\/wp-json\/wp\/v2\/posts"}],"about":[{"href":"https:\/\/www.europesays.com\/fr\/wp-json\/wp\/v2\/types\/post"}],"author":[{"embeddable":true,"href":"https:\/\/www.europesays.com\/fr\/wp-json\/wp\/v2\/users\/2"}],"replies":[{"embeddable":true,"href":"https:\/\/www.europesays.com\/fr\/wp-json\/wp\/v2\/comments?post=1157753"}],"version-history":[{"count":0,"href":"https:\/\/www.europesays.com\/fr\/wp-json\/wp\/v2\/posts\/1157753\/revisions"}],"wp:featuredmedia":[{"embeddable":true,"href":"https:\/\/www.europesays.com\/fr\/wp-json\/wp\/v2\/media\/1157754"}],"wp:attachment":[{"href":"https:\/\/www.europesays.com\/fr\/wp-json\/wp\/v2\/media?parent=1157753"}],"wp:term":[{"taxonomy":"category","embeddable":true,"href":"https:\/\/www.europesays.com\/fr\/wp-json\/wp\/v2\/categories?post=1157753"},{"taxonomy":"post_tag","embeddable":true,"href":"https:\/\/www.europesays.com\/fr\/wp-json\/wp\/v2\/tags?post=1157753"}],"curies":[{"name":"wp","href":"https:\/\/api.w.org\/{rel}","templated":true}]}}