{"id":1157763,"date":"2026-08-30T18:01:15","date_gmt":"2026-08-30T18:01:15","guid":{"rendered":"https:\/\/www.europesays.com\/fr\/1157763\/"},"modified":"2026-08-30T18:01:15","modified_gmt":"2026-08-30T18:01:15","slug":"en-direct-golden-coast-2026-aya-nakamura-en-approche-la-programmation-chamboulee-suivez-la-journee-en-direct","status":"publish","type":"post","link":"https:\/\/www.europesays.com\/fr\/1157763\/","title":{"rendered":"En direct. Golden Coast 2026 \u00a0: Aya Nakamura en approche, la programmation chamboul\u00e9e&#8230; Suivez la journ\u00e9e en direct"},"content":{"rendered":"<p>La programmation s&rsquo;acc\u00e9l\u00e8re et le public doit faire des choix. Sur la grande sc\u00e8ne, le Parisien Guy2Bezbar fait son apparition. Quelques minutes plus t\u00f4t, c&rsquo;est Eve la Marka qui montait sur la sc\u00e8ne Cargo.\u00a0R\u00e9v\u00e9l\u00e9e au grand public dans l&rsquo;\u00e9mission Nouvelle \u00c9cole, Eve La Marka s&rsquo;impose aujourd&rsquo;hui comme l&rsquo;une des voix les plus marquantes de la nouvelle sc\u00e8ne rap.<\/p>\n<p>Pour cette deuxi\u00e8me, le public est tr\u00e8s f\u00e9minin aux premiers rangs. Et preuve que le Golden Coast est un croisement des g\u00e9n\u00e9rations, le public d&rsquo;Eve la Marka chante, quelque soit l&rsquo;\u00e2ge,\u00a0Confessions nocturnes de Diams et Vitaa, tube de 2006, jou\u00e9 bri\u00e8vement par la DJ charg\u00e9e de faire monter l&rsquo;ambiance avant l&rsquo;arriv\u00e9e d&rsquo;Eve la Marka sur la sc\u00e8ne Cargo.<\/p>\n","protected":false},"excerpt":{"rendered":"La programmation s&rsquo;acc\u00e9l\u00e8re et le public doit faire des choix. Sur la grande sc\u00e8ne, le Parisien Guy2Bezbar fait&hellip;\n","protected":false},"author":2,"featured_media":1157764,"comment_status":"","ping_status":"","sticky":false,"template":"","format":"standard","meta":{"footnotes":"","_share_on_mastodon":"0"},"categories":[8],"tags":[2931,1687,2930,12255,58,8588,59,107,1011,27,43794,873,273],"class_list":["post-1157763","post","type-post","status-publish","format-standard","has-post-thumbnail","category-divertissement","tag-cote-dor","tag-culture-loisirs","tag-dijon","tag-direct-actualite","tag-divertissement","tag-edition-dijon-et-son-agglomeration","tag-entertainment","tag-fil-info","tag-fr","tag-france","tag-golden-coast-festival","tag-musique","tag-selection-de-la-redaction"],"share_on_mastodon":{"url":"https:\/\/pubeurope.com\/@fr\/117185773046201717","error":""},"_links":{"self":[{"href":"https:\/\/www.europesays.com\/fr\/wp-json\/wp\/v2\/posts\/1157763","targetHints":{"allow":["GET"]}}],"collection":[{"href":"https:\/\/www.europesays.com\/fr\/wp-json\/wp\/v2\/posts"}],"about":[{"href":"https:\/\/www.europesays.com\/fr\/wp-json\/wp\/v2\/types\/post"}],"author":[{"embeddable":true,"href":"https:\/\/www.europesays.com\/fr\/wp-json\/wp\/v2\/users\/2"}],"replies":[{"embeddable":true,"href":"https:\/\/www.europesays.com\/fr\/wp-json\/wp\/v2\/comments?post=1157763"}],"version-history":[{"count":0,"href":"https:\/\/www.europesays.com\/fr\/wp-json\/wp\/v2\/posts\/1157763\/revisions"}],"wp:featuredmedia":[{"embeddable":true,"href":"https:\/\/www.europesays.com\/fr\/wp-json\/wp\/v2\/media\/1157764"}],"wp:attachment":[{"href":"https:\/\/www.europesays.com\/fr\/wp-json\/wp\/v2\/media?parent=1157763"}],"wp:term":[{"taxonomy":"category","embeddable":true,"href":"https:\/\/www.europesays.com\/fr\/wp-json\/wp\/v2\/categories?post=1157763"},{"taxonomy":"post_tag","embeddable":true,"href":"https:\/\/www.europesays.com\/fr\/wp-json\/wp\/v2\/tags?post=1157763"}],"curies":[{"name":"wp","href":"https:\/\/api.w.org\/{rel}","templated":true}]}}