{"id":1157768,"date":"2026-08-30T18:04:16","date_gmt":"2026-08-30T18:04:16","guid":{"rendered":"https:\/\/www.europesays.com\/fr\/1157768\/"},"modified":"2026-08-30T18:04:16","modified_gmt":"2026-08-30T18:04:16","slug":"ce-que-lon-sait-du-naufrage-dun-ferry-qui-fait-plusieurs-morts-au-large-de-chypre-du-nord","status":"publish","type":"post","link":"https:\/\/www.europesays.com\/fr\/1157768\/","title":{"rendered":"Ce que l\u2019on sait du naufrage d\u2019un ferry qui fait plusieurs morts au large de Chypre du Nord"},"content":{"rendered":"<p>        <img decoding=\"async\" loading=\"lazy\" src=\"https:\/\/www.europesays.com\/fr\/wp-content\/uploads\/2026\/08\/47053bd_upload-1-vjhlyvpstbk5-afp-20260830-c6uq4q9-v1-midres-cyprusturkeyconflictaccidentferry.jpg\"  width=\"728\" height=\"410\" alt=\"Les secours et autorit\u00e9s turques en pleine op\u00e9ration pr\u00e8s du port de Kyr\u00e9nia, ou un ferry a chavir\u00e9 dimanche 30\u00a0ao\u00fbt 2026.\"\/>  <\/p>\n<p>JEWEL SAMAD \/ AFP<\/p>\n<p>Les secours et autorit\u00e9s turques en pleine op\u00e9ration pr\u00e8s du port de Kyr\u00e9nia, ou un ferry a chavir\u00e9 dimanche 30\u00a0ao\u00fbt 2026.<\/p>\n<p class=\"asset asset-text\">Au moins huit personnes sont mortes apr\u00e8s qu\u2019un bateau de croisi\u00e8re parti du port de Kyrenia\/Girne en R\u00e9publique turque de Chypre du Nord (RTCN, autoproclam\u00e9e) a chavir\u00e9 ce dimanche 30\u00a0ao\u00fbt. Il transportait pr\u00e8s de 270\u00a0personnes, une vingtaine sont encore port\u00e9es disparues.<\/p>\n<p class=\"asset asset-text\">Les causes du naufrage, survenu \u00e0 6,5\u00a0km des c\u00f4tes chypriotes, selon le minist\u00e8re turc de l\u2019Int\u00e9rieur, ne sont pas connues mais un t\u00e9moin a fait \u00e9tat d\u2019une explosion, faisant d\u2019abord plonger l\u2019avant du bateau. En milieu d\u2019apr\u00e8s-midi, le ministre a annonc\u00e9 que le bateau a \u00ab\u00a0compl\u00e8tement coul\u00e9 \u00e0 une profondeur de 514\u00a0m\u00e8tres\u00a0\u00bb.<\/p>\n<p class=\"asset asset-text\">Les images diffus\u00e9es par les cha\u00eenes de t\u00e9l\u00e9vision turques montrent le bateau ballott\u00e9 en partie immerg\u00e9 dans une mer form\u00e9e, avec des vagues moutonnantes mais par beau temps, ainsi que de nombreux d\u00e9bris flottants \u00e0 la surface. Les passagers \u00e9vacu\u00e9s, visiblement choqu\u00e9s, portent des gilets de sauvetage orange selon ces images, qui montrent \u00e9galement de nombreux v\u00e9hicules de secours et des h\u00e9licopt\u00e8res positionn\u00e9s \u00e0 terre.<\/p>\n<p>    \u00b7 Le d\u00e9tail du bilan concernant les personnes \u00e0 bord    <\/p>\n<p class=\"asset asset-text\">\u00ab\u00a0Sur les 267\u00a0personnes \u00e0 bord du navire, 237\u00a0ont \u00e9t\u00e9 secourues, sept sont d\u00e9c\u00e9d\u00e9es et 23\u00a0sont toujours port\u00e9es disparues\u00a0\u00bb, a indiqu\u00e9 le Premier ministre de la RTCN Unal Ustel, en direct sur la cha\u00eene de t\u00e9l\u00e9vision publique turque TRT. De son c\u00f4t\u00e9 le ministre des Transports pr\u00e9cise que 161\u00a0personnes \u00ab\u00a0ont \u00e9t\u00e9 transport\u00e9es \u00e0 l\u2019h\u00f4pital et 76\u00a0ont retrouv\u00e9 leurs familles\u00a0\u00bb.<\/p>\n<p class=\"asset asset-text\">Un passager non identifi\u00e9, d\u2019une cinquantaine d\u2019ann\u00e9es, interrog\u00e9 par les cha\u00eenes de t\u00e9l\u00e9vision locales \u00e0 son arriv\u00e9e au port, l\u2019homme \u00e0 la barbe grisonnante assure avoir pass\u00e9 \u00ab\u00a0une heure et demie dans l\u2019eau\u00a0\u00bb avant d\u2019\u00eatre secouru. \u00ab\u00a0L\u2019avant a explos\u00e9, (le bateau) a essay\u00e9 de faire demi-tour. Et les vitres lat\u00e9rales ont explos\u00e9. Le bateau a pris l\u2019eau\u00a0\u00bb, d\u00e9clare-t-il, choqu\u00e9, affirmant que de nombreuses personnes \u00e9taient \u00e0 l\u2019int\u00e9rieur.<\/p>\n<p class=\"asset asset-text\">\u00ab\u00a0Ceux qui ont pu ont fui\u00a0\u00bb, rapporte-t-il, pr\u00e9cisant qu\u2019il se trouvait dans la partie avant qui s\u2019est enfonc\u00e9e. L\u2019homme accuse par ailleurs le capitaine d\u2019avoir saut\u00e9 le premier \u00ab\u00a0sans rien organiser\u00a0\u00bb.<\/p>\n<p>    \u00b7 De nombreux secours mobilis\u00e9s    <\/p>\n<p class=\"asset asset-text\">Les op\u00e9rations de secours ont mobilis\u00e9 de tr\u00e8s nombreuses embarcations, y compris priv\u00e9es, selon les images disponibles. Les vid\u00e9os amateurs diffus\u00e9es sur le r\u00e9seau X montrent le ferry couch\u00e9, \u00e0 demi immerg\u00e9 par l\u2019avant, avec des passagers juch\u00e9s sur ses flancs attendant les secours.<\/p>\n<p class=\"asset asset-text\">\u00ab\u00a0Tous les pr\u00e9paratifs n\u00e9cessaires ont \u00e9t\u00e9 effectu\u00e9s afin de permettre une intervention rapide des secours et des services de sant\u00e9\u00a0\u00bb, a pr\u00e9cis\u00e9 le minist\u00e8re de la Sant\u00e9 local dans un communiqu\u00e9. \u00ab\u00a0Toutes les mesures ont \u00e9t\u00e9 prises, tant au port que dans les h\u00f4pitaux publics et priv\u00e9s afin de pouvoir r\u00e9pondre rapidement aux besoins \u00e9ventuels\u00a0\u00bb, insiste le minist\u00e8re qui affirme \u00eatre mobilis\u00e9 \u00ab\u00a0au maximum\u00a0\u00bb.<\/p>\n<p class=\"asset asset-text\">Le pr\u00e9sident truc Recep Tayyip Erdogan a indiqu\u00e9 lors d\u2019une c\u00e9r\u00e9monie publique que \u00ab\u00a0les efforts pour retrouver les disparus se poursuivent sans rel\u00e2che\u00a0\u00bb. \u00ab\u00a0Nous esp\u00e9rons recevoir des nouvelles positives de ces efforts\u00a0\u00bb, a-t-il ajout\u00e9.<\/p>\n<p>    \u2022 Des circonstances encore floues    <\/p>\n<p class=\"asset asset-text\">Les circonstances du drame restent inconnues. Seule la \u00ab\u00a0bo\u00eete noire\u00a0\u00bb du bateau permettra de comprendre les causes du naufrage, a expliqu\u00e9 le ministre des Transports Erhan Arikli mentionnant \u00ab\u00a0des all\u00e9gations faisant \u00e9tat d\u2019un objet qui aurait heurt\u00e9 le navire\u00a0\u00bb.<\/p>\n<p class=\"asset asset-text\">Selon The Guardian, les m\u00e9dias turcs rapportent que le capitaine du ferry qui a chavir\u00e9, ainsi que sept membres d\u2019\u00e9quipage, ont \u00e9t\u00e9 arr\u00eat\u00e9s et qu\u2019une enqu\u00eate a \u00e9t\u00e9 ouverte.<\/p>\n<p class=\"asset asset-text\">Le Premier ministre de la R\u00e9publique turque s\u00e9cessionniste de Chypre du Nord, \u00dcnal \u00dcstel, a promis que les autorit\u00e9s feraient toute la lumi\u00e8re sur cette catastrophe, d\u00e9clarant\u00a0: \u00ab\u00a0Il n\u2019y aura pas de dissimulation.\u00a0\u00bb<\/p>\n<p>    \u00b7 La visite d\u2019Erdogan annul\u00e9e    <\/p>\n<p class=\"asset asset-text\">La RTCN, reconnue par la seule Turquie, a proclam\u00e9 son ind\u00e9pendance de Chypre en 1983, neuf apr\u00e8s l\u2019invasion par l\u2019arm\u00e9e turque du nord de l\u2019\u00eele, suite \u00e0 un coup d\u2019\u00c9tat nationaliste chypriote soutenu par la Gr\u00e8ce. Elle occupe environ un tiers de l\u2019\u00eele.<\/p>\n<p class=\"asset asset-text\">Parfois consid\u00e9r\u00e9e comme la \u00ab\u00a082e province de Turquie\u00a0\u00bb tant elle d\u00e9pend de son puissant parrain pour sa survie, la RTCN peut aussi compter sur son soutien, a indiqu\u00e9 le vice-pr\u00e9sident turc Cevdet Y\u0131lmaz sur X\u00a0: \u00ab\u00a0Nous suivons de pr\u00e8s l\u2019incident regrettable survenu, nous fournissons tout le soutien n\u00e9cessaire aux op\u00e9rations de recherche et de sauvetage\u00a0\u00bb, a-t-il indiqu\u00e9.<\/p>\n<p class=\"asset asset-text\">Le pr\u00e9sident Erdogan devait se rendre lundi sur l\u2019\u00eele pour une visite officielle \u00e0 son homologue Tufan Erhurman. Celle-ci semble cependant annul\u00e9e. La pr\u00e9sidence turque a annonc\u00e9 dimanche qu\u2019il se rendrait \u00e0 Bichkek, au Kirghistan, \u00ab\u00a0le 31\u00a0ao\u00fbt et 1er\u00a0septembre\u00a0\u00bb. Il devait s\u2019agir de sa premi\u00e8re visite depuis 2023\u00a0et surtout depuis l\u2019\u00e9lection du nouveau pr\u00e9sident en octobre \u00e0 la t\u00eate de la RTCN. Contrairement \u00e0 son pr\u00e9d\u00e9cesseur, qui s\u2019alignait sur la position turque pr\u00f4nant deux \u00c9tats distincts \u00e0 Chypre, M. Erhurman s\u2019est dit favorable durant sa campagne \u00e0 un \u00c9tat unique de nature f\u00e9d\u00e9rale.<\/p>\n","protected":false},"excerpt":{"rendered":"JEWEL SAMAD \/ AFP Les secours et autorit\u00e9s turques en pleine op\u00e9ration pr\u00e8s du port de Kyr\u00e9nia, ou&hellip;\n","protected":false},"author":2,"featured_media":1157769,"comment_status":"","ping_status":"","sticky":false,"template":"","format":"standard","meta":{"footnotes":"","_share_on_mastodon":"0"},"categories":[5],"tags":[11,16996,2380,1011,27,14,1336,12,28],"class_list":["post-1157768","post","type-post","status-publish","format-standard","has-post-thumbnail","category-international","tag-actualites","tag-chypre","tag-croisiere","tag-fr","tag-france","tag-international","tag-naufrage","tag-news","tag-world"],"share_on_mastodon":{"url":"https:\/\/pubeurope.com\/@fr\/117185786261678161","error":""},"_links":{"self":[{"href":"https:\/\/www.europesays.com\/fr\/wp-json\/wp\/v2\/posts\/1157768","targetHints":{"allow":["GET"]}}],"collection":[{"href":"https:\/\/www.europesays.com\/fr\/wp-json\/wp\/v2\/posts"}],"about":[{"href":"https:\/\/www.europesays.com\/fr\/wp-json\/wp\/v2\/types\/post"}],"author":[{"embeddable":true,"href":"https:\/\/www.europesays.com\/fr\/wp-json\/wp\/v2\/users\/2"}],"replies":[{"embeddable":true,"href":"https:\/\/www.europesays.com\/fr\/wp-json\/wp\/v2\/comments?post=1157768"}],"version-history":[{"count":0,"href":"https:\/\/www.europesays.com\/fr\/wp-json\/wp\/v2\/posts\/1157768\/revisions"}],"wp:featuredmedia":[{"embeddable":true,"href":"https:\/\/www.europesays.com\/fr\/wp-json\/wp\/v2\/media\/1157769"}],"wp:attachment":[{"href":"https:\/\/www.europesays.com\/fr\/wp-json\/wp\/v2\/media?parent=1157768"}],"wp:term":[{"taxonomy":"category","embeddable":true,"href":"https:\/\/www.europesays.com\/fr\/wp-json\/wp\/v2\/categories?post=1157768"},{"taxonomy":"post_tag","embeddable":true,"href":"https:\/\/www.europesays.com\/fr\/wp-json\/wp\/v2\/tags?post=1157768"}],"curies":[{"name":"wp","href":"https:\/\/api.w.org\/{rel}","templated":true}]}}