{"id":115777,"date":"2025-05-21T02:23:12","date_gmt":"2025-05-21T02:23:12","guid":{"rendered":"https:\/\/www.europesays.com\/fr\/115777\/"},"modified":"2025-05-21T02:23:12","modified_gmt":"2025-05-21T02:23:12","slug":"pierre-lapointe-ce-soir-au-festival-paroles-musiques","status":"publish","type":"post","link":"https:\/\/www.europesays.com\/fr\/115777\/","title":{"rendered":"PIERRE LAPOINTE CE SOIR AU FESTIVAL PAROLES &#038; MUSIQUES"},"content":{"rendered":"<p>                <a href=\"https:\/\/42info.fr\/gagnez-vos-airpods-pro\/\" target=\"_blank\" aria-label=\"Gagnez Airpod\" rel=\"nofollow noopener\"><img loading=\"lazy\" decoding=\"async\" src=\"https:\/\/www.europesays.com\/fr\/wp-content\/uploads\/2025\/05\/Gagnez-Airpod-scaled.jpg\" alt=\"\"   width=\"2560\" height=\"960\"\/><\/a><\/p>\n<p>Voici ce qu\u2019on pourra voir ce mardi soir \u00e0 L\u2019Usine et La Com\u00e8te de Saint-\u00c9tienne.<\/p>\n<p><strong>Lubiana : Entre h\u00e9ritage africain et modernit\u00e9 europ\u00e9enne<\/strong><\/p>\n<p>R\u00e9v\u00e9lation musicale belgo-camerounaise, Lubiana Kepaou incarne le m\u00e9tissage culturel \u00e0 travers son parcours artistique unique. Cette musicienne n\u00e9e en 1993 en Belgique a d\u00e9velopp\u00e9 tr\u00e8s t\u00f4t des talents multiples, \u00e9tudiant le piano, la guitare et le saxophone avant de d\u00e9couvrir l\u2019instrument qui deviendrait sa signature : la kora, cette harpe traditionnelle africaine.<\/p>\n<p>Son histoire avec la kora rel\u00e8ve presque du mystique : apr\u00e8s des r\u00eaves r\u00e9currents la mettant en sc\u00e8ne avec cet instrument, Lubiana l\u2019a d\u00e9couvert par hasard lors d\u2019un voyage, reconnaissant instantan\u00e9ment ces sonorit\u00e9s qui la hantaient. Cette rencontre, b\u00e9nite par le grand ma\u00eetre Toumani Diabat\u00e9, a ouvert une nouvelle dimension \u00e0 sa musique, cr\u00e9ant un pont entre ses racines camerounaises et son identit\u00e9 europ\u00e9enne.<\/p>\n<p>En 2023, elle a sorti son deuxi\u00e8me album intitul\u00e9 \u00ab\u00a0Terre rouge\u00a0\u00bb, un opus o\u00f9 elle explore davantage ses racines africaines tout en collaborant avec des artistes de renom comme Ga\u00ebl Faye. Sa musique, m\u00ealant soul contemporaine et sonorit\u00e9s ancestrales, aborde des th\u00e8mes universels comme l\u2019identit\u00e9 et le m\u00e9tissage. Elle poursuit actuellement sa tourn\u00e9e \u00e0 travers l\u2019Europe, partageant son univers musical unique qui transcende les fronti\u00e8res g\u00e9ographiques et stylistiques.<\/p>\n<p><strong>George Ka : La puissance po\u00e9tique du slam au service de l\u2019identit\u00e9<\/strong><\/p>\n<p>De son vrai nom Camille, George Ka est une artiste franco-vietnamienne n\u00e9e en 1996 qui s\u2019est impos\u00e9e sur la sc\u00e8ne musicale fran\u00e7aise avec une plume aff\u00fbt\u00e9e et une sensibilit\u00e9 rare. \u00c9mergeant des sc\u00e8nes slam parisiennes, cette jeune artiste m\u00eale habilement chanson fran\u00e7aise, rap et po\u00e9sie dans un style singulier qui lui est propre.<\/p>\n<p>Son parcours musical a pris un tournant d\u00e9cisif en 2019 avec la sortie de \u00ab\u00a0Saigon\u00a0\u00bb, un morceau explorant ses origines vietnamiennes et le multiculturalisme. Depuis, elle a sorti un EP intitul\u00e9 \u00ab\u00a0Par Avance\u00a0\u00bb en 2021 et poursuit son ascension avec un nouvel album pr\u00e9vu pour 2025, confirmant sa place parmi les voix \u00e9mergentes les plus prometteuses de la sc\u00e8ne fran\u00e7aise.<\/p>\n<p>Les textes de George Ka, \u00e0 la fois intimes et universels, abordent des th\u00e8mes vari\u00e9s comme l\u2019identit\u00e9, le f\u00e9minisme et l\u2019\u00e9mancipation. Influenc\u00e9e par des artistes aussi divers que Ga\u00ebl Faye, Dalida, Bj\u00f6rk ou Jacques Brel, elle cr\u00e9e un univers musical riche o\u00f9 les arrangements refl\u00e8tent parfaitement l\u2019intensit\u00e9 de ses propos, alternant entre m\u00e9lancolie et optimisme avec une authenticit\u00e9 d\u00e9sarmante.<\/p>\n<p><strong>Victor Solf : L\u2019\u00e2me soul au service de l\u2019\u00e9motion pure<\/strong><\/p>\n<p>N\u00e9 le 20 novembre 1990 \u00e0 D\u00fcsseldorf d\u2019une m\u00e8re fran\u00e7aise et d\u2019un p\u00e8re musicien allemand, Victor Solf est un artiste dont le parcours est marqu\u00e9 par la r\u00e9silience et la passion. Connu initialement comme cofondateur du groupe Her aux c\u00f4t\u00e9s de Simon Carpentier, il a d\u00fb faire face \u00e0 l\u2019\u00e9preuve du d\u00e9c\u00e8s de son partenaire musical en 2017, poursuivant n\u00e9anmoins la sortie de leur album et la tourn\u00e9e internationale promise.<\/p>\n<p>Apr\u00e8s avoir mis fin \u00e0 l\u2019aventure Her en 2019, Victor Solf s\u2019est lanc\u00e9 dans une carri\u00e8re solo avec son premier album \u00ab\u00a0Still. There\u2019s Hope\u00a0\u00bb en 2021. En septembre 2024, il a annonc\u00e9 un deuxi\u00e8me opus pr\u00e9vu pour 2025, avec la particularit\u00e9 d\u2019\u00eatre chant\u00e9 en fran\u00e7ais pour la premi\u00e8re fois, souhaitant ainsi livrer une \u0153uvre plus intime.<\/p>\n<p>Sa musique, d\u00e9crite comme charnelle et \u00e9pur\u00e9e, puise son inspiration dans la soul, le gospel et le R&amp;B. Adepte du \u00ab\u00a0less is more\u00a0\u00bb, il cr\u00e9e des compositions \u00e0 la beaut\u00e9 hypnotique, \u00e0 la crois\u00e9e des chemins entre tradition et avant-garde. Pianiste talentueux influenc\u00e9 par des artistes comme Sam Cooke ou Frank Ocean, Victor Solf redessine les contours de la musique soul avec modernit\u00e9, tissant des liens entre les sons organiques et les productions contemporaines.<\/p>\n<p><strong>Pierre Lapointe : L\u2019\u00e9l\u00e9gance de la chanson fran\u00e7aise r\u00e9invent\u00e9e<\/strong><\/p>\n<p>Figure incontournable de la sc\u00e8ne francophone depuis plus de vingt ans, Pierre Lapointe est un artiste qu\u00e9b\u00e9cois aussi prolifique qu\u2019audacieux. Auteur-compositeur-interpr\u00e8te ayant \u00e0 son actif quinze albums, dont une douzaine de mat\u00e9riel original, il a su conqu\u00e9rir un large public tant au Qu\u00e9bec qu\u2019en France, avec pr\u00e8s d\u2019un million et demi d\u2019albums vendus \u00e0 travers le monde.<\/p>\n<p>En janvier 2025, il a sorti son dernier album \u00ab\u00a0Dix chansons d\u00e9mod\u00e9es pour ceux qui ont le c\u0153ur ab\u00eem\u00e9\u00a0\u00bb, un hommage aux grandes voix de la chanson fran\u00e7aise comme Barbara, Brel ou Aznavour. Ce projet, \u00e9crit pendant la pand\u00e9mie, t\u00e9moigne de sa volont\u00e9 de renouer avec la tradition de la grande chanson francophone, celle des ann\u00e9es 1960 et 1970, en cr\u00e9ant des morceaux contemporains qui semblent exister depuis toujours.<\/p>\n<p>Son approche artistique, oscillant entre m\u00e9lancolie et humour corrosif, se refl\u00e8te \u00e9galement dans ses spectacles o\u00f9 il alterne moments d\u2019\u00e9motion pure et passages plus l\u00e9gers. Pour sa tourn\u00e9e 2025, il a fait le choix audacieux de pr\u00e9senter ses chansons dans une forme \u00e9pur\u00e9e, accompagn\u00e9 du Duo Fortin-Poirier au piano \u00e0 quatre mains, une fa\u00e7on de mettre en valeur la force des textes et la puret\u00e9 des m\u00e9lodies.<\/p>\n","protected":false},"excerpt":{"rendered":"Voici ce qu\u2019on pourra voir ce mardi soir \u00e0 L\u2019Usine et La Com\u00e8te de Saint-\u00c9tienne. Lubiana : Entre&hellip;\n","protected":false},"author":2,"featured_media":115778,"comment_status":"","ping_status":"","sticky":false,"template":"","format":"standard","meta":{"footnotes":""},"categories":[9653],"tags":[1111,11,2430,1777,674,849,1011,27,3367,12,11072,25,4001],"class_list":{"0":"post-115777","1":"post","2":"type-post","3":"status-publish","4":"format-standard","5":"has-post-thumbnail","7":"category-saint-etienne","8":"tag-actu","9":"tag-actualites","10":"tag-auvergne-rhone-alpes","11":"tag-eu","12":"tag-europe","13":"tag-festival","14":"tag-fr","15":"tag-france","16":"tag-loire","17":"tag-news","18":"tag-paroles-musiques","19":"tag-republique-francaise","20":"tag-saint-etienne"},"share_on_mastodon":{"url":"https:\/\/pubeurope.com\/@fr\/114543447740883868","error":""},"_links":{"self":[{"href":"https:\/\/www.europesays.com\/fr\/wp-json\/wp\/v2\/posts\/115777","targetHints":{"allow":["GET"]}}],"collection":[{"href":"https:\/\/www.europesays.com\/fr\/wp-json\/wp\/v2\/posts"}],"about":[{"href":"https:\/\/www.europesays.com\/fr\/wp-json\/wp\/v2\/types\/post"}],"author":[{"embeddable":true,"href":"https:\/\/www.europesays.com\/fr\/wp-json\/wp\/v2\/users\/2"}],"replies":[{"embeddable":true,"href":"https:\/\/www.europesays.com\/fr\/wp-json\/wp\/v2\/comments?post=115777"}],"version-history":[{"count":0,"href":"https:\/\/www.europesays.com\/fr\/wp-json\/wp\/v2\/posts\/115777\/revisions"}],"wp:featuredmedia":[{"embeddable":true,"href":"https:\/\/www.europesays.com\/fr\/wp-json\/wp\/v2\/media\/115778"}],"wp:attachment":[{"href":"https:\/\/www.europesays.com\/fr\/wp-json\/wp\/v2\/media?parent=115777"}],"wp:term":[{"taxonomy":"category","embeddable":true,"href":"https:\/\/www.europesays.com\/fr\/wp-json\/wp\/v2\/categories?post=115777"},{"taxonomy":"post_tag","embeddable":true,"href":"https:\/\/www.europesays.com\/fr\/wp-json\/wp\/v2\/tags?post=115777"}],"curies":[{"name":"wp","href":"https:\/\/api.w.org\/{rel}","templated":true}]}}