{"id":1157784,"date":"2026-08-30T18:16:14","date_gmt":"2026-08-30T18:16:14","guid":{"rendered":"https:\/\/www.europesays.com\/fr\/1157784\/"},"modified":"2026-08-30T18:16:14","modified_gmt":"2026-08-30T18:16:14","slug":"sept-blesses-et-cinq-vehicules-concernes-les-pompiers-mobilises-sur-un-accident-sur-la-750-pres-de-montpellier","status":"publish","type":"post","link":"https:\/\/www.europesays.com\/fr\/1157784\/","title":{"rendered":"Sept bless\u00e9s et cinq v\u00e9hicules concern\u00e9s\u00a0: les pompiers mobilis\u00e9s sur un accident sur l\u2019A 750, pr\u00e8s de Montpellier"},"content":{"rendered":"<p>\n                                                                La collision s\u2019est produite ce dimanche 30\u00a0ao\u00fbt, en fin d\u2019apr\u00e8s-midi, \u00e0 hauteur de Saint-Paul-et-Valmalle, entre Montpellier et Gignac.\n                            <\/p>\n<p>Ce dimanche 30\u00a0ao\u00fbt, en fin d\u2019apr\u00e8s-midi, les pompiers interviennent\u00a0pour un accident de la circulation sur l\u2019A750, \u00e0 hauteur de Saint-Paul-et-Valmalle.<\/p>\n<p>Cinq v\u00e9hicules sont concern\u00e9s par cette collision, dont deux\u00a0qui roulaient \u00e0 haute v\u00e9locit\u00e9 avec une vitesse sup\u00e9rieure \u00e0 100\u00a0km\/h.<\/p>\n<p>Sept bless\u00e9s pris en charge<\/p>\n<p>Le bilan fait \u00e9tat de sept bless\u00e9s dont cinq impliqu\u00e9s. Les secours prennent notamment en charge deux femmes \u00e2g\u00e9es de\u00a024 et 26 ans, bless\u00e9es en urgence relative.<\/p>\n<p>L\u2019accident g\u00e9n\u00e8re un ralentissement de plus de deux kilom\u00e8tres.<\/p>\n<p>On ne conna\u00eet pas encore les circonstances de l\u2019accident.<\/p>\n","protected":false},"excerpt":{"rendered":"La collision s\u2019est produite ce dimanche 30\u00a0ao\u00fbt, en fin d\u2019apr\u00e8s-midi, \u00e0 hauteur de Saint-Paul-et-Valmalle, entre Montpellier et Gignac.&hellip;\n","protected":false},"author":2,"featured_media":1157785,"comment_status":"","ping_status":"","sticky":false,"template":"","format":"standard","meta":{"footnotes":"","_share_on_mastodon":"0"},"categories":[9599],"tags":[1111,11,1777,674,118,1011,27,7089,2208,12,2680,25],"class_list":["post-1157784","post","type-post","status-publish","format-standard","has-post-thumbnail","category-montpellier","tag-actu","tag-actualites","tag-eu","tag-europe","tag-faits-divers","tag-fr","tag-france","tag-herault","tag-montpellier","tag-news","tag-occitanie","tag-republique-francaise"],"share_on_mastodon":{"url":"https:\/\/pubeurope.com\/@fr\/117185831546446844","error":""},"_links":{"self":[{"href":"https:\/\/www.europesays.com\/fr\/wp-json\/wp\/v2\/posts\/1157784","targetHints":{"allow":["GET"]}}],"collection":[{"href":"https:\/\/www.europesays.com\/fr\/wp-json\/wp\/v2\/posts"}],"about":[{"href":"https:\/\/www.europesays.com\/fr\/wp-json\/wp\/v2\/types\/post"}],"author":[{"embeddable":true,"href":"https:\/\/www.europesays.com\/fr\/wp-json\/wp\/v2\/users\/2"}],"replies":[{"embeddable":true,"href":"https:\/\/www.europesays.com\/fr\/wp-json\/wp\/v2\/comments?post=1157784"}],"version-history":[{"count":0,"href":"https:\/\/www.europesays.com\/fr\/wp-json\/wp\/v2\/posts\/1157784\/revisions"}],"wp:featuredmedia":[{"embeddable":true,"href":"https:\/\/www.europesays.com\/fr\/wp-json\/wp\/v2\/media\/1157785"}],"wp:attachment":[{"href":"https:\/\/www.europesays.com\/fr\/wp-json\/wp\/v2\/media?parent=1157784"}],"wp:term":[{"taxonomy":"category","embeddable":true,"href":"https:\/\/www.europesays.com\/fr\/wp-json\/wp\/v2\/categories?post=1157784"},{"taxonomy":"post_tag","embeddable":true,"href":"https:\/\/www.europesays.com\/fr\/wp-json\/wp\/v2\/tags?post=1157784"}],"curies":[{"name":"wp","href":"https:\/\/api.w.org\/{rel}","templated":true}]}}