{"id":1157792,"date":"2026-08-30T18:20:15","date_gmt":"2026-08-30T18:20:15","guid":{"rendered":"https:\/\/www.europesays.com\/fr\/1157792\/"},"modified":"2026-08-30T18:20:15","modified_gmt":"2026-08-30T18:20:15","slug":"une-icone-du-beton-arme-grenoble-redecouvre-la-tour-perret","status":"publish","type":"post","link":"https:\/\/www.europesays.com\/fr\/1157792\/","title":{"rendered":"Une ic\u00f4ne du b\u00e9ton arm\u00e9\u00a0: Grenoble red\u00e9couvre la tour Perret"},"content":{"rendered":"<p>Ferm\u00e9e au public depuis 60\u00a0ans et dans un \u00e9tat de d\u00e9labrement avanc\u00e9, la tour Perret demeurait dans le paysage grenoblois sans en habiter l\u2019imaginaire. Apr\u00e8s un chantier de restauration\u00a0exp\u00e9rimental, elle a rouvert le 10\u00a0juillet.<\/p>\n<p>Au nord, le massif de la Chartreuse, au sud, le Vercors, et \u00e0 l\u2019est, la cha\u00eene de Belledonne\u00a0: voil\u00e0 plus de 60\u00a0ans que les Grenoblois sont priv\u00e9s de ce point de vue sur les montagnes qui encerclent leur ville. Au terme d\u2019un projet de restauration qui a dur\u00e9 sept ans, le belv\u00e9d\u00e8re de la tour Perret est \u00e0 nouveau accessible au public depuis le 10\u00a0juillet. Le chantier est l\u2019aboutissement d\u2019un investissement de 15,5\u00a0millions d\u2019euros consenti par la Ville (second\u00e9e par l\u2019\u00c9tat, avec 5\u00a0millions d\u2019euros, et le D\u00e9partement de l\u2019Is\u00e8re, avec\u00a03\u00a0millions d\u2019euros)\u00a0et d\u2019une exp\u00e9rience patrimoniale in\u00e9dite. Car ce balcon sur les Alpes est aussi la toute premi\u00e8re tour en b\u00e9ton arm\u00e9 du monde, \u00e9difi\u00e9e par l\u2019un des ma\u00eetres de ce nouveau mat\u00e9riau, Auguste Perret.<\/p>\n<p>Star en 1925, ferm\u00e9e en 1961<\/p>\n<p>En 1925, Grenoble accueille l\u2019Exposition internationale de la houille blanche \u2013 surnom de l\u2019\u00e9nergie hydro\u00e9lectrique \u2013 et dresse au c\u0153ur du parc Mistral une tour\u2026<\/p>\n","protected":false},"excerpt":{"rendered":"Ferm\u00e9e au public depuis 60\u00a0ans et dans un \u00e9tat de d\u00e9labrement avanc\u00e9, la tour Perret demeurait dans le&hellip;\n","protected":false},"author":2,"featured_media":1157793,"comment_status":"","ping_status":"","sticky":false,"template":"","format":"standard","meta":{"footnotes":"","_share_on_mastodon":"0"},"categories":[9566],"tags":[1111,11,98669,2430,1777,674,1011,27,2731,12,2551,25],"class_list":["post-1157792","post","type-post","status-publish","format-standard","has-post-thumbnail","category-grenoble","tag-actu","tag-actualites","tag-auguste-perret","tag-auvergne-rhone-alpes","tag-eu","tag-europe","tag-fr","tag-france","tag-grenoble","tag-news","tag-patrimoine","tag-republique-francaise"],"share_on_mastodon":{"url":"https:\/\/pubeurope.com\/@fr\/117185847463862963","error":""},"_links":{"self":[{"href":"https:\/\/www.europesays.com\/fr\/wp-json\/wp\/v2\/posts\/1157792","targetHints":{"allow":["GET"]}}],"collection":[{"href":"https:\/\/www.europesays.com\/fr\/wp-json\/wp\/v2\/posts"}],"about":[{"href":"https:\/\/www.europesays.com\/fr\/wp-json\/wp\/v2\/types\/post"}],"author":[{"embeddable":true,"href":"https:\/\/www.europesays.com\/fr\/wp-json\/wp\/v2\/users\/2"}],"replies":[{"embeddable":true,"href":"https:\/\/www.europesays.com\/fr\/wp-json\/wp\/v2\/comments?post=1157792"}],"version-history":[{"count":0,"href":"https:\/\/www.europesays.com\/fr\/wp-json\/wp\/v2\/posts\/1157792\/revisions"}],"wp:featuredmedia":[{"embeddable":true,"href":"https:\/\/www.europesays.com\/fr\/wp-json\/wp\/v2\/media\/1157793"}],"wp:attachment":[{"href":"https:\/\/www.europesays.com\/fr\/wp-json\/wp\/v2\/media?parent=1157792"}],"wp:term":[{"taxonomy":"category","embeddable":true,"href":"https:\/\/www.europesays.com\/fr\/wp-json\/wp\/v2\/categories?post=1157792"},{"taxonomy":"post_tag","embeddable":true,"href":"https:\/\/www.europesays.com\/fr\/wp-json\/wp\/v2\/tags?post=1157792"}],"curies":[{"name":"wp","href":"https:\/\/api.w.org\/{rel}","templated":true}]}}