{"id":1157796,"date":"2026-08-30T18:27:19","date_gmt":"2026-08-30T18:27:19","guid":{"rendered":"https:\/\/www.europesays.com\/fr\/1157796\/"},"modified":"2026-08-30T18:27:19","modified_gmt":"2026-08-30T18:27:19","slug":"danse-ballet-du-rhin-la-10e-saison-de-bruno-bouche-mise-sur-le-soutien-a-la-creation-2","status":"publish","type":"post","link":"https:\/\/www.europesays.com\/fr\/1157796\/","title":{"rendered":"Danse. Ballet du Rhin\u00a0: la 10e\u00a0 saison de Bruno Bouch\u00e9 mise sur le soutien \u00e0 la cr\u00e9ation"},"content":{"rendered":"<p>C\u2019est la dixi\u00e8me saison que programme Bruno Bouch\u00e9. Il a resign\u00e9 un contrat jusqu\u2019en 2030. \u00ab\u00a0Le changement de direction me permet de confirmer cette entit\u00e9 singuli\u00e8re qu\u2019est ce Centre chor\u00e9graphique national adoss\u00e9 \u00e0 une maison d\u2019op\u00e9ra, observe <a href=\"https:\/\/www.lalsace.fr\/culture-loisirs\/2026\/05\/05\/opera-national-du-rhin-la-premiere-saison-de-la-directrice-chrysoline-dupont-croise-art-et-societe\" target=\"_blank\" rel=\"nofollow noopener\">Bruno Bouch\u00e9<\/a>. Le fait que je remonte sur sc\u00e8ne participe de cela, les directeurs de CCN sont avant tout des artistes.\u00a0\u00bb<\/p>\n<p>Tr\u00e8s attendue, sa cr\u00e9ation L\u2019\u00c9t\u00e9  (du 10\u00a0mars au 13\u00a0juin \u00e0 Mulhouse, Colmar et Strasbourg) brise le silence des violences intrafamiliales. Les gestes \u00e9mancipateurs prennent le relais des paroles \u00e9touff\u00e9es, des m\u00e9moires enfouies.<\/p>\n<p>  Retour de Bruno Bouch\u00e9 sur sc\u00e8ne<\/p>\n<p>L\u2019affiche chor\u00e9graphique s\u2019ouvre sur  Le Mur, pr\u00e9sent\u00e9 du 1er \u00a0octobre au 6\u00a0novembre \u00e0 Strasbourg et Mulhouse \u2013 premier partenariat avec festival Musica et Jazzdor. Ce projet r\u00e9unit des artistes majeures originaires d\u2019Alsace\u00a0: la chor\u00e9graphe de Mulhouse, Mathilde Monnier et la pianiste et compositrice de Colmar, \u00c8ve Risser. Face au mur, douze interpr\u00e8tes du BOnR inventent de nouvelles circulations.<\/p>\n<p>  En tourn\u00e9e et cr\u00e9ation hors-les-murs<\/p>\n<p>Parmi les \u00e9v\u00e9nements\u00a0: un bal horrifique \u00e0 la veille d\u2019Halloween (le 30\u00a0octobre \u00e0 Strasbourg), le Gala du Ballet qui convie le 14\u00a0novembre \u00e0 Strasbourg, deux \u00e9toiles du Ballet de l\u2019Op\u00e9ra national de Paris. Les \u00ab\u00a0D\u00eeners sur sc\u00e8ne\u00a0\u00bb vont investir les coulisses de l\u2019institution strasbourgeoise les 11, 12 et 13\u00a0f\u00e9vrier.<\/p>\n<p>Bruno Bouch\u00e9 reprend Les Ailes du d\u00e9sir , spectacle cr\u00e9\u00e9 en 2021 et inspir\u00e9 du film de Wim Wenders, du 26\u00a0novembre au 12\u00a0d\u00e9cembre (\u00e0 Mulhouse puis Strasbourg).<\/p>\n<p>La programmation accorde une attention particuli\u00e8re aux jeune public et familles. Elle manifeste un soutien \u00e0 des chor\u00e9graphes \u00e9mergents. Ainsi, Le Carnaval des animaux  r\u00e9unit les cr\u00e9ations d\u2019Histoires naturelle s d\u2019\u00c9douard Hue et Carnaval de V\u011bra Kvar\u010d\u00e1kov\u00e1 et J\u00e9r\u00e9my Galdeano, du 8\u00a0avril au 24\u00a0juin.<\/p>\n<p class=\"note\">Ouverture de la vente des billets pour tous les spectacles le 1er \u00a0septembre en ligne ou en billetterie \u00e0 10\u00a0h \u00e0 Strasbourg et Colmar, 14\u00a0h \u00e0 Mulhouse\u00a0; <a href=\"https:\/\/www.operanationaldurhin.eu\/fr\/spectacles\/saison-26-27\/danse-1\" target=\"_blank\" rel=\"nofollow noopener\">www.operanationaldurhin.eu<\/a><\/p>\n","protected":false},"excerpt":{"rendered":"C\u2019est la dixi\u00e8me saison que programme Bruno Bouch\u00e9. Il a resign\u00e9 un contrat jusqu\u2019en 2030. \u00ab\u00a0Le changement de&hellip;\n","protected":false},"author":2,"featured_media":1157681,"comment_status":"","ping_status":"","sticky":false,"template":"","format":"standard","meta":{"footnotes":"","_share_on_mastodon":"0"},"categories":[2820],"tags":[1111,11,2389,1687,1777,674,107,1011,27,775,12,25,3140,640],"class_list":["post-1157796","post","type-post","status-publish","format-standard","has-post-thumbnail","category-strasbourg","tag-actu","tag-actualites","tag-alsace","tag-culture-loisirs","tag-eu","tag-europe","tag-fil-info","tag-fr","tag-france","tag-grand-est","tag-news","tag-republique-francaise","tag-spectacle","tag-strasbourg"],"share_on_mastodon":{"url":"https:\/\/pubeurope.com\/@fr\/117185875067373730","error":""},"_links":{"self":[{"href":"https:\/\/www.europesays.com\/fr\/wp-json\/wp\/v2\/posts\/1157796","targetHints":{"allow":["GET"]}}],"collection":[{"href":"https:\/\/www.europesays.com\/fr\/wp-json\/wp\/v2\/posts"}],"about":[{"href":"https:\/\/www.europesays.com\/fr\/wp-json\/wp\/v2\/types\/post"}],"author":[{"embeddable":true,"href":"https:\/\/www.europesays.com\/fr\/wp-json\/wp\/v2\/users\/2"}],"replies":[{"embeddable":true,"href":"https:\/\/www.europesays.com\/fr\/wp-json\/wp\/v2\/comments?post=1157796"}],"version-history":[{"count":0,"href":"https:\/\/www.europesays.com\/fr\/wp-json\/wp\/v2\/posts\/1157796\/revisions"}],"wp:featuredmedia":[{"embeddable":true,"href":"https:\/\/www.europesays.com\/fr\/wp-json\/wp\/v2\/media\/1157681"}],"wp:attachment":[{"href":"https:\/\/www.europesays.com\/fr\/wp-json\/wp\/v2\/media?parent=1157796"}],"wp:term":[{"taxonomy":"category","embeddable":true,"href":"https:\/\/www.europesays.com\/fr\/wp-json\/wp\/v2\/categories?post=1157796"},{"taxonomy":"post_tag","embeddable":true,"href":"https:\/\/www.europesays.com\/fr\/wp-json\/wp\/v2\/tags?post=1157796"}],"curies":[{"name":"wp","href":"https:\/\/api.w.org\/{rel}","templated":true}]}}