{"id":115781,"date":"2025-05-21T02:25:45","date_gmt":"2025-05-21T02:25:45","guid":{"rendered":"https:\/\/www.europesays.com\/fr\/115781\/"},"modified":"2025-05-21T02:25:45","modified_gmt":"2025-05-21T02:25:45","slug":"lorraine-journee-mondiale-contre-la-sclerose-en-plaques-un-rendez-vous-a-nancy-3","status":"publish","type":"post","link":"https:\/\/www.europesays.com\/fr\/115781\/","title":{"rendered":"Lorraine. Journ\u00e9e mondiale contre la scl\u00e9rose en plaques, un rendez-vous \u00e0 Nancy"},"content":{"rendered":"<p>Premi\u00e8re cause de handicap non traumatique chez les jeunes adultes, la scl\u00e9rose en plaques (SEP) est une maladie chronique encore m\u00e9connue. Cette maladie inflammatoire touche le syst\u00e8me nerveux central, c\u2019est-\u00e0-dire le cerveau, la moelle \u00e9pini\u00e8re et le nerf optique. <\/p>\n<p>Elle est dite auto-immune car le syst\u00e8me immunitaire qui normalement prot\u00e8ge l\u2019organisme contre les virus et bact\u00e9ries, s\u2019attaque \u00e0 la gaine de my\u00e9line qui entoure et prot\u00e8ge les fibres nerveuses. <\/p>\n<p><a href=\"https:\/\/www.estrepublicain.fr\/actualite\/2019\/10\/20\/les-symptomes-invisibles-de-la-sclerose-en-plaques\" target=\"_blank\" rel=\"noopener\">Les sympt\u00f4mes de la SEP sont multiples, parfois invisibles<\/a> , et ils varient selon les personnes\u00a0: troubles de la sensibilit\u00e9, troubles moteurs et de l\u2019\u00e9quilibre qui peuvent alt\u00e9rer la marche, troubles visuels, urinaires, digestifs et sexuels, la scl\u00e9rose en plaques se manifeste aussi par une fatigue invalidante au quotidien. <\/p>\n<p>\u00c0 l\u2019occasion de la journ\u00e9e mondiale contre la scl\u00e9rose en plaques (SEP), les professionnels du service de neurologie du CHRU de Nancy, accompagn\u00e9s par l\u2019association <a href=\"https:\/\/www.republicain-lorrain.fr\/sante\/2024\/09\/02\/lorsep-un-reseau-qui-aide-les-personnes-atteintes-de-la-sclerose-en-plaques\" target=\"_blank\" rel=\"noopener\"> LORSEP (le r\u00e9seau lorrain pour les patients atteints de SEP)<\/a> , vous donnent rendez-vous jeudi 22\u00a0mai de 10\u00a0h \u00e0 15\u00a0h dans le hall du b\u00e2timent de neurologie de l\u2019h\u00f4pital central \u00e0 Nancy. Les professionnels de sant\u00e9, patients et visiteurs pourront poser des questions aux sp\u00e9cialistes pour en savoir plus sur cette maladie.<\/p>\n","protected":false},"excerpt":{"rendered":"Premi\u00e8re cause de handicap non traumatique chez les jeunes adultes, la scl\u00e9rose en plaques (SEP) est une maladie&hellip;\n","protected":false},"author":2,"featured_media":113427,"comment_status":"","ping_status":"","sticky":false,"template":"","format":"standard","meta":{"footnotes":""},"categories":[9635],"tags":[1111,11,1777,674,1011,27,775,5362,224,3457,1702,12,3456,25,71],"class_list":{"0":"post-115781","1":"post","2":"type-post","3":"status-publish","4":"format-standard","5":"has-post-thumbnail","7":"category-nancy","8":"tag-actu","9":"tag-actualites","10":"tag-eu","11":"tag-europe","12":"tag-fr","13":"tag-france","14":"tag-grand-est","15":"tag-magazine-sante","16":"tag-medecine","17":"tag-meurthe-et-moselle","18":"tag-nancy","19":"tag-news","20":"tag-region-lorraine","21":"tag-republique-francaise","22":"tag-sante"},"share_on_mastodon":{"url":"https:\/\/pubeurope.com\/@fr\/114543455350746009","error":""},"_links":{"self":[{"href":"https:\/\/www.europesays.com\/fr\/wp-json\/wp\/v2\/posts\/115781","targetHints":{"allow":["GET"]}}],"collection":[{"href":"https:\/\/www.europesays.com\/fr\/wp-json\/wp\/v2\/posts"}],"about":[{"href":"https:\/\/www.europesays.com\/fr\/wp-json\/wp\/v2\/types\/post"}],"author":[{"embeddable":true,"href":"https:\/\/www.europesays.com\/fr\/wp-json\/wp\/v2\/users\/2"}],"replies":[{"embeddable":true,"href":"https:\/\/www.europesays.com\/fr\/wp-json\/wp\/v2\/comments?post=115781"}],"version-history":[{"count":0,"href":"https:\/\/www.europesays.com\/fr\/wp-json\/wp\/v2\/posts\/115781\/revisions"}],"wp:featuredmedia":[{"embeddable":true,"href":"https:\/\/www.europesays.com\/fr\/wp-json\/wp\/v2\/media\/113427"}],"wp:attachment":[{"href":"https:\/\/www.europesays.com\/fr\/wp-json\/wp\/v2\/media?parent=115781"}],"wp:term":[{"taxonomy":"category","embeddable":true,"href":"https:\/\/www.europesays.com\/fr\/wp-json\/wp\/v2\/categories?post=115781"},{"taxonomy":"post_tag","embeddable":true,"href":"https:\/\/www.europesays.com\/fr\/wp-json\/wp\/v2\/tags?post=115781"}],"curies":[{"name":"wp","href":"https:\/\/api.w.org\/{rel}","templated":true}]}}