{"id":1157817,"date":"2026-08-30T18:41:14","date_gmt":"2026-08-30T18:41:14","guid":{"rendered":"https:\/\/www.europesays.com\/fr\/1157817\/"},"modified":"2026-08-30T18:41:14","modified_gmt":"2026-08-30T18:41:14","slug":"rentree-le-bon-moment-pour-repenser-sa-carriere","status":"publish","type":"post","link":"https:\/\/www.europesays.com\/fr\/1157817\/","title":{"rendered":"Rentr\u00e9e\u00a0: le bon moment pour repenser sa carri\u00e8re\u00a0?"},"content":{"rendered":"<p>La pause estivale peut faire \u00e9merger des questionnements sur son parcours\u00a0: ai-je toujours envie de faire ce m\u00e9tier\u00a0? Dans quel secteur r\u00e9orienter ma carri\u00e8re\u00a0?<\/p>\n<p>Dans un march\u00e9 de l\u2019emploi cadre en l\u00e9g\u00e8re reprise (<a href=\"https:\/\/www.laprovence.com\/article\/economie\/1999164818552815\/recrutement-la-region-paca-fait-de-la-resistance-avec-209-630-projets-dembauche\" target=\"_self\" rel=\"nofollow noopener\">une hausse de 4% des recrutements pr\u00e9vus<\/a> en\u00a02026 en Paca-Corse, apr\u00e8s une chute de 6% en\u00a02025), <a href=\"https:\/\/www.laprovence.com\/article\/papier\/3462029\/lavarap-aide-les-cadres-a-trouver-leur-voie.html\" target=\"_self\" rel=\"nofollow noopener\">AVARAP Provence<\/a> propose de transformer ces interrogations en projet. Depuis\u00a01994, l\u2019association accompagne <a href=\"https:\/\/www.laprovence.com\/article\/economie\/4059701353224714\/parlons-industrie-un-job-dating-a-grand-central-a-marseille-pour-creer-du-lien-entre-particuliers-et-professionnels\" target=\"_self\" rel=\"nofollow noopener\">les cadres en poste ou en recherche<\/a> via des groupes de 6 \u00e0 8 mois. L\u2019objectif\u00a0? Clarifier ses comp\u00e9tences, sans n\u00e9cessairement changer de m\u00e9tier ou d\u2019entreprise. Trois nouveaux groupes d\u00e9marrent entre fin septembre et d\u00e9but octobre\u00a0: Aix-en-Provence, Marseille, et un format hybride majoritairement en visio. Les prochaines r\u00e9unions d\u2019information gratuites en visioconf\u00e9rence sont pr\u00e9vues les 2 et 14\u00a0septembre\u00a02026. AVARAP Provence a accompagn\u00e9 pr\u00e8s de 2\u00a0000 personnes dans leur formation professionnelle depuis sa cr\u00e9ation en\u00a01994.<\/p>\n<p>Infos sur le site\u00a0: avarap.asso.fr\/<\/p>\n","protected":false},"excerpt":{"rendered":"La pause estivale peut faire \u00e9merger des questionnements sur son parcours\u00a0: ai-je toujours envie de faire ce m\u00e9tier\u00a0?&hellip;\n","protected":false},"author":2,"featured_media":1157818,"comment_status":"","ping_status":"","sticky":false,"template":"","format":"standard","meta":{"footnotes":"","_share_on_mastodon":"0"},"categories":[2814],"tags":[5734,1111,11,9207,1282,1777,674,1011,27,884,9862,12,471,882,16,28313,29724,25],"class_list":["post-1157817","post","type-post","status-publish","format-standard","has-post-thumbnail","category-marseille","tag-5734","tag-actu","tag-actualites","tag-bon","tag-carriere","tag-eu","tag-europe","tag-fr","tag-france","tag-marseille","tag-moment","tag-news","tag-pour","tag-provence-alpes-cote-dazur","tag-region","tag-rentree","tag-repenser","tag-republique-francaise"],"share_on_mastodon":{"url":"https:\/\/pubeurope.com\/@fr\/117185930058000922","error":""},"_links":{"self":[{"href":"https:\/\/www.europesays.com\/fr\/wp-json\/wp\/v2\/posts\/1157817","targetHints":{"allow":["GET"]}}],"collection":[{"href":"https:\/\/www.europesays.com\/fr\/wp-json\/wp\/v2\/posts"}],"about":[{"href":"https:\/\/www.europesays.com\/fr\/wp-json\/wp\/v2\/types\/post"}],"author":[{"embeddable":true,"href":"https:\/\/www.europesays.com\/fr\/wp-json\/wp\/v2\/users\/2"}],"replies":[{"embeddable":true,"href":"https:\/\/www.europesays.com\/fr\/wp-json\/wp\/v2\/comments?post=1157817"}],"version-history":[{"count":0,"href":"https:\/\/www.europesays.com\/fr\/wp-json\/wp\/v2\/posts\/1157817\/revisions"}],"wp:featuredmedia":[{"embeddable":true,"href":"https:\/\/www.europesays.com\/fr\/wp-json\/wp\/v2\/media\/1157818"}],"wp:attachment":[{"href":"https:\/\/www.europesays.com\/fr\/wp-json\/wp\/v2\/media?parent=1157817"}],"wp:term":[{"taxonomy":"category","embeddable":true,"href":"https:\/\/www.europesays.com\/fr\/wp-json\/wp\/v2\/categories?post=1157817"},{"taxonomy":"post_tag","embeddable":true,"href":"https:\/\/www.europesays.com\/fr\/wp-json\/wp\/v2\/tags?post=1157817"}],"curies":[{"name":"wp","href":"https:\/\/api.w.org\/{rel}","templated":true}]}}