{"id":1157826,"date":"2026-08-30T18:47:22","date_gmt":"2026-08-30T18:47:22","guid":{"rendered":"https:\/\/www.europesays.com\/fr\/1157826\/"},"modified":"2026-08-30T18:47:22","modified_gmt":"2026-08-30T18:47:22","slug":"acharnement-politique-300-personnes-reunies-a-paris-pour-sauver-le-militant-antifasciste-gino-de-lextradition","status":"publish","type":"post","link":"https:\/\/www.europesays.com\/fr\/1157826\/","title":{"rendered":"\u00ab\u00a0Acharnement politique\u00a0\u00bb\u2026 300 personnes r\u00e9unies \u00e0 Paris pour sauver le militant antifasciste \u00ab\u00a0Gino\u00a0\u00bb de l\u2019extradition"},"content":{"rendered":"<p class=\"mb-4 text-lg md:leading-8 break-words\"><strong>sous la menace &#8211; Pr\u00e8s de 300 personnes se sont rassembl\u00e9es dimanche \u00e0 Paris pour demander que le militant antifasciste \u00ab\u00a0Gino\u00a0\u00bb ne soit pas extrad\u00e9 vers l&rsquo;Allemagne dans une affaire de violences contre des n\u00e9onazis<\/strong><\/p>\n<p class=\"mb-4 text-lg md:leading-8 break-words\">Ils \u00e9taient pr\u00e8s de 300 \u00e0 s&rsquo;\u00eatre rassembl\u00e9s pour ce dimanche \u00e0 Paris. Tous venus soutenir \u00ab\u00a0Gino\u00a0\u00bb, militant antifasciste menac\u00e9 de devoir quitter la France. Cet activiste<a data-ylk=\"slk:albanais;elm:context_link;itc:0;sec:content-canvas;\" data-yga=\"{&quot;yLinkElement&quot;:&quot;link&quot;,&quot;yLinkElementType&quot;:&quot;article_link&quot;}\" href=\"https:\/\/www.20minutes.fr\/justice\/4191912-20251217-reclame-hongrie-militant-antifasciste-gino-arrete-france-demande-allemagne?at_medium=RSS%20feed&amp;at_campaign=ynews&amp;utm_source=yahoo&amp;utm_medium=rss&amp;utm_campaign=news_feed&amp;utm_content=in_article_link\" rel=\"noopener noreferrer nofollow\" target=\"_blank\"> albanais<\/a>, qui se pr\u00e9nomme en r\u00e9alit\u00e9 Rexhino Abazaj, doit \u00eatre extrad\u00e9 vers l&rsquo;Allemagne. Il s&rsquo;est pourvu en cassation contre cette d\u00e9cision.<\/p>\n<p class=\"mb-4 text-lg md:leading-8 break-words\">Le trentenaire est <a data-ylk=\"slk:accus\u00e9 par la Hongrie;elm:context_link;itc:0;sec:content-canvas;\" data-yga=\"{&quot;yLinkElement&quot;:&quot;link&quot;,&quot;yLinkElementType&quot;:&quot;article_link&quot;}\" href=\"https:\/\/www.20minutes.fr\/monde\/etats-unis\/4174327-20250921-union-europeenne-hongrie-orban-veut-bruxelles-aligne-trump-contre-mouvement-antifa?at_medium=RSS%20feed&amp;at_campaign=ynews&amp;utm_source=yahoo&amp;utm_medium=rss&amp;utm_campaign=news_feed&amp;utm_content=in_article_link\" rel=\"noopener noreferrer nofollow\" target=\"_blank\">accus\u00e9 par la Hongrie<\/a> de violences contre des n\u00e9onazis qui d\u00e9filaient \u00e0 Budapest en f\u00e9vrier\u00a02023, attaqu\u00e9s \u00e0 coups de matraques et de marteaux. Il encourt une peine allant jusqu&rsquo;\u00e0 24 ans de prison dans ce pays et jusqu&rsquo;\u00e0 10 ans en Allemagne, des victimes pr\u00e9sum\u00e9es \u00e9tant de nationalit\u00e9 allemande.<\/p>\n<p>Le risque d&rsquo;\u00eatre livr\u00e9 \u00e0 la Hongrie<\/p>\n<p class=\"mb-4 text-lg md:leading-8 break-words\">\u00ab\u00a0Je suis victime d&rsquo;un acharnement politique\u00a0\u00bb, dans le cadre d&rsquo;un mouvement de \u00ab\u00a0chasse \u00e0 l&rsquo;antifascisme dans toute l&rsquo;Europe\u00a0\u00bb, a d\u00e9nonc\u00e9 Gino lors de ce rassemblement dans le nord-est de Paris \u00e0 l&rsquo;appel d&rsquo;un comit\u00e9 de soutien. Bob viss\u00e9 sur la t\u00eate, fines lunettes et sac en bandouli\u00e8re, le militant menac\u00e9 d&rsquo;extradition a d\u00e9crit l&rsquo;\u00ab\u00a0attente stressante\u00a0\u00bb de l&rsquo;audience en cassation, lors de laquelle il entend \u00ab\u00a0d\u00e9fendre ses arguments\u00a0\u00bb.<\/p>\n<p class=\"mb-4 text-lg md:leading-8 break-words\">En avril\u00a02025, la France avait refus\u00e9 de le remettre \u00e0 Budapest, invoquant des \u00ab\u00a0risques\u00a0\u00bb d&rsquo;un \u00ab\u00a0traitement inhumain\u00a0\u00bb en prison et l&rsquo;incertitude de lui garantir un proc\u00e8s \u00e9quitable dans ce pays de l&rsquo;Union europ\u00e9enne. \u00ab\u00a0La Cour de cassation, ce sera le dernier appel possible. Il y a un vrai risque pour Gino ensuite d&rsquo;\u00eatre transf\u00e9r\u00e9 en Hongrie s&rsquo;il \u00e9tait extrad\u00e9 d&rsquo;abord en Allemagne. Ils l'(&#8230;)<\/p>\n<p class=\"mb-4 text-lg md:leading-8 break-words\"><a data-ylk=\"slk:Lire la suite sur 20minutes;elm:context_link;itc:0;sec:content-canvas;\" data-yga=\"{&quot;yLinkElement&quot;:&quot;link&quot;,&quot;yLinkElementType&quot;:&quot;article_link&quot;}\" href=\"https:\/\/www.20minutes.fr\/justice\/4241706-20260830-acharnement-politique-300-personnes-reunies-paris-sauver-militant-antifasciste-gino-extradition?at_medium=RSS%20feed&amp;at_campaign=ynews&amp;utm_source=yahoo&amp;utm_medium=rss&amp;utm_campaign=news_feed&amp;utm_content=read_more_link&quot;\" rel=\"noopener noreferrer nofollow\" target=\"_blank\">Lire la suite sur 20minutes<\/a><\/p>\n<p>\u00c0 lire aussi :<br \/><a data-ylk=\"slk:R\u00e9clam\u00e9 par la Hongrie, le militant antifasciste Gino arr\u00eat\u00e9 en France \u00e0 la demande de l&#039;Allemagne;elm:context_link;itc:0;sec:content-canvas;\" data-yga=\"{&quot;yLinkElement&quot;:&quot;link&quot;,&quot;yLinkElementType&quot;:&quot;article_link&quot;}\" href=\"https:\/\/www.20minutes.fr\/justice\/4191912-20251217-reclame-hongrie-militant-antifasciste-gino-arrete-france-demande-allemagne?at_medium=RSS%20feed&amp;at_campaign=ynews&amp;utm_source=yahoo&amp;utm_medium=rss&amp;utm_campaign=news_feed&amp;utm_content=related_content_link\" rel=\"noopener noreferrer nofollow\" target=\"_blank\">R\u00e9clam\u00e9 par la Hongrie, le militant antifasciste Gino arr\u00eat\u00e9 en France \u00e0 la demande de l&rsquo;Allemagne<\/a><br \/><a data-ylk=\"slk:Paris\u00a0: Des milliers de personnes manifestent contre le racisme, \u00e0 l&#039;appel de LFI;elm:context_link;itc:0;sec:content-canvas;\" data-yga=\"{&quot;yLinkElement&quot;:&quot;link&quot;,&quot;yLinkElementType&quot;:&quot;article_link&quot;}\" href=\"https:\/\/www.20minutes.fr\/societe\/4230296-20260621-paris-milliers-personnes-manifestent-contre-racisme-appel-lfi?at_medium=RSS%20feed&amp;at_campaign=ynews&amp;utm_source=yahoo&amp;utm_medium=rss&amp;utm_campaign=news_feed&amp;utm_content=related_content_link\" rel=\"noopener noreferrer nofollow\" target=\"_blank\">Paris\u00a0: Des milliers de personnes manifestent contre le racisme, \u00e0 l&rsquo;appel de LFI<\/a><\/p>\n","protected":false},"excerpt":{"rendered":"sous la menace &#8211; Pr\u00e8s de 300 personnes se sont rassembl\u00e9es dimanche \u00e0 Paris pour demander que le&hellip;\n","protected":false},"author":2,"featured_media":1157827,"comment_status":"","ping_status":"","sticky":false,"template":"","format":"standard","meta":{"footnotes":"","_share_on_mastodon":"0"},"categories":[1888],"tags":[1111,1928,11,1927,118619,118621,118618,118695,118625,1777,674,1011,27,118627,118626,118696,12,1926,626,1925,25,118697],"class_list":["post-1157826","post","type-post","status-publish","format-standard","has-post-thumbnail","category-paris","tag-actu","tag-actu-paris","tag-actualites","tag-actualites-paris","tag-ans-de-prison-dans-ce-pays-et-jusqua","tag-ans-en-allemagne","tag-antifasciste-gino","tag-antifasciste-menace-de-devoir","tag-budapest-en-fevrier-2023","tag-eu","tag-europe","tag-fr","tag-france","tag-gino","tag-il-encourt-une-peine-allant","tag-il-sest-pourvu-en","tag-news","tag-news-paris","tag-paris","tag-paris-news","tag-republique-francaise","tag-tous-venus-soutenir-gino"],"share_on_mastodon":{"url":"https:\/\/pubeurope.com\/@fr\/117185953641582840","error":""},"_links":{"self":[{"href":"https:\/\/www.europesays.com\/fr\/wp-json\/wp\/v2\/posts\/1157826","targetHints":{"allow":["GET"]}}],"collection":[{"href":"https:\/\/www.europesays.com\/fr\/wp-json\/wp\/v2\/posts"}],"about":[{"href":"https:\/\/www.europesays.com\/fr\/wp-json\/wp\/v2\/types\/post"}],"author":[{"embeddable":true,"href":"https:\/\/www.europesays.com\/fr\/wp-json\/wp\/v2\/users\/2"}],"replies":[{"embeddable":true,"href":"https:\/\/www.europesays.com\/fr\/wp-json\/wp\/v2\/comments?post=1157826"}],"version-history":[{"count":0,"href":"https:\/\/www.europesays.com\/fr\/wp-json\/wp\/v2\/posts\/1157826\/revisions"}],"wp:featuredmedia":[{"embeddable":true,"href":"https:\/\/www.europesays.com\/fr\/wp-json\/wp\/v2\/media\/1157827"}],"wp:attachment":[{"href":"https:\/\/www.europesays.com\/fr\/wp-json\/wp\/v2\/media?parent=1157826"}],"wp:term":[{"taxonomy":"category","embeddable":true,"href":"https:\/\/www.europesays.com\/fr\/wp-json\/wp\/v2\/categories?post=1157826"},{"taxonomy":"post_tag","embeddable":true,"href":"https:\/\/www.europesays.com\/fr\/wp-json\/wp\/v2\/tags?post=1157826"}],"curies":[{"name":"wp","href":"https:\/\/api.w.org\/{rel}","templated":true}]}}