{"id":1157829,"date":"2026-08-30T18:49:21","date_gmt":"2026-08-30T18:49:21","guid":{"rendered":"https:\/\/www.europesays.com\/fr\/1157829\/"},"modified":"2026-08-30T18:49:21","modified_gmt":"2026-08-30T18:49:21","slug":"moins-deleves-en-primaire-davantage-au-lycee-chiffres-de-la-rentree-dans-lacademie-de-creteil","status":"publish","type":"post","link":"https:\/\/www.europesays.com\/fr\/1157829\/","title":{"rendered":"Moins d&rsquo;\u00e9l\u00e8ves en primaire, davantage au lyc\u00e9e&#8230; chiffres de la rentr\u00e9e dans l&rsquo;acad\u00e9mie de Cr\u00e9teil"},"content":{"rendered":"<p>\t\t\t\t\t\t\t<a href=\"https:\/\/citoyens.com\/2026\/rentree-2026-en-val-de-marne-et-seine-saint-denis-comment-eviter-les-profs-non-remplaces,30-08-2026.html\" title=\"Rentr\u00e9e 2026 en Val-de-Marne et Seine-Saint-Denis : comment \u00e9viter les profs non remplac\u00e9s\" class=\"visuel\" rel=\"nofollow noopener\" target=\"_blank\"><br \/>\n\t\t\t\t\t\t\t\t\t\t\t\t<img loading=\"lazy\" decoding=\"async\" width=\"380\" height=\"173\" src=\"https:\/\/www.europesays.com\/fr\/wp-content\/uploads\/2026\/08\/profs-non-remplaces-2-380x173.jpg\"  class=\"attachment-home-article wp-post-image lazyload\" alt=\"Rentr\u00e9e 2026 en Val-de-Marne et Seine-Saint-Denis : comment \u00e9viter les profs non remplac\u00e9s\"\/><\/p>\n<p>\t\t\t\t\t\t\u00a9 DR<br \/>\n\t\t\t\t\t\t\t\t\t<\/a><\/p>\n<p>\t\t\t\t\t        <a class=\"lien-icone-article-payant\" href=\"https:\/\/citoyens.com\/gestion-abonnement\/paiement-abonnement?level=1\" title=\"Article r\u00e9serv\u00e9 aux abonn\u00e9s\" rel=\"nofollow noopener\" target=\"_blank\"><\/p>\n<p>                <img loading=\"lazy\" decoding=\"async\" width=\"32\" height=\"32\" class=\"icone-article-payant\" alt=\"Article r\u00e9serv\u00e9 aux abonn\u00e9s\" src=\"data:image\/svg+xml,%3Csvg%20xmlns=\" http:=\"\" data-lazy-src=\"https:\/\/www.europesays.com\/fr\/wp-content\/uploads\/2026\/04\/sans_contour_32x32_couleur_originale.png\"\/><\/p>\n<p>        <\/a><br \/>\n    \t\t\t\t\t<a href=\"https:\/\/citoyens.com\/2026\/rentree-2026-en-val-de-marne-et-seine-saint-denis-comment-eviter-les-profs-non-remplaces,30-08-2026.html\" title=\"Rentr\u00e9e 2026 en Val-de-Marne et Seine-Saint-Denis : comment \u00e9viter les profs non remplac\u00e9s\" rel=\"nofollow noopener\" target=\"_blank\"><br \/>\n\t\t\t\t\t\tRentr\u00e9e 2026 en Val-de-Marne et Seine-Saint-Denis : comment \u00e9viter les profs non remplac\u00e9s\t\t\t\t\t<\/a><\/p>\n<p>Alors que le nombre d\u2019\u00e9l\u00e8ves diminue d\u2019ann\u00e9e en ann\u00e9e, le taux d\u2019encadrement s\u2019am\u00e9liore, mais le non remplacement de professeurs absents demeure un fl\u00e9au r\u00e9guli\u00e8rement d\u00e9nonc\u00e9 par les parents d\u2019\u00e9l\u00e8ves. En cette rentr\u00e9e 2026, les directions acad\u00e9miques ont annonc\u00e9 plusieurs mesures pour faire face. Le point.<\/p>\n<p>\t\t\t\t\t\t\t<a href=\"https:\/\/citoyens.com\/2026\/les-sites-internet-des-directions-departementales-de-leducation-de-lacademie-de-creteil-inaccessibles,25-08-2026.html\" title=\"Les sites Internet des directions d\u00e9partementales de l\u2019\u00e9ducation de l\u2019acad\u00e9mie de Cr\u00e9teil inaccessibles\" class=\"visuel\" rel=\"nofollow noopener\" target=\"_blank\"><br \/>\n\t\t\t\t\t\t\t\t\t\t\t\t<img loading=\"lazy\" decoding=\"async\" width=\"380\" height=\"173\" src=\"https:\/\/www.europesays.com\/fr\/wp-content\/uploads\/2026\/08\/piratage-informatique-internet-pixabay-darwin-laganzon-380x173.jpg\"  class=\"attachment-home-article wp-post-image lazyload\" alt=\"Les sites Internet des directions d\u00e9partementales de l\u2019\u00e9ducation de l\u2019acad\u00e9mie de Cr\u00e9teil inaccessibles\"\/><\/p>\n<p>\t\t\t\t\t\t\u00a9 Darwin Laganzon<br \/>\n\t\t\t\t\t\t\t\t\t<\/a><\/p>\n<p>\t\t\t\t\t\t\t\t\t\t<a href=\"https:\/\/citoyens.com\/2026\/les-sites-internet-des-directions-departementales-de-leducation-de-lacademie-de-creteil-inaccessibles,25-08-2026.html\" title=\"Les sites Internet des directions d\u00e9partementales de l\u2019\u00e9ducation de l\u2019acad\u00e9mie de Cr\u00e9teil inaccessibles\" rel=\"nofollow noopener\" target=\"_blank\"><br \/>\n\t\t\t\t\t\tLes sites Internet des directions d\u00e9partementales de l\u2019\u00e9ducation de l\u2019acad\u00e9mie de Cr\u00e9teil inaccessibles\t\t\t\t\t<\/a><\/p>\n<p>La cyberattaque des portails de l\u2019Education nationale cet \u00e9t\u00e9 complique la rentr\u00e9e des classes. Dans l\u2019est parisien, les trois portails d\u00e9partementaux de l\u2019Acad\u00e9mie de Cr\u00e9teil restaient inaccessibles ce mardi matin, tandis que les enseignants confient ne pouvoir acc\u00e9der aux outils intranet comme les bases \u00e9l\u00e8ves.<\/p>\n<p>\t\t\t\t\t\t\t<a href=\"https:\/\/citoyens.com\/2026\/entreprises-dile-de-france-val-de-marne-et-seine-saint-denis-resistent-bien-paris-continue-de-capter-les-implantations,27-08-2026.html\" title=\"Entreprises d\u2019Ile-de-France\u00a0: Val-de-Marne et Seine-Saint-Denis r\u00e9sistent bien, Paris continue de capter les implantations\" class=\"visuel\" rel=\"nofollow noopener\" target=\"_blank\"><br \/>\n\t\t\t\t\t\t\t\t\t\t\t\t<img loading=\"lazy\" decoding=\"async\" width=\"380\" height=\"173\" src=\"https:\/\/www.europesays.com\/fr\/wp-content\/uploads\/2026\/08\/business-croissance-pixabay-gerd-altmann-380x173.jpg\"  class=\"attachment-home-article wp-post-image lazyload\" alt=\"Entreprises d\u2019Ile-de-France\u00a0: Val-de-Marne et Seine-Saint-Denis r\u00e9sistent bien, Paris continue de capter les implantations\"\/><\/p>\n<p>\t\t\t\t\t\t\u00a9 Gerd Altmann<br \/>\n\t\t\t\t\t\t\t\t\t<\/a><\/p>\n<p>\t\t\t\t\t        <a class=\"lien-icone-article-payant\" href=\"https:\/\/citoyens.com\/gestion-abonnement\/paiement-abonnement?level=1\" title=\"Article r\u00e9serv\u00e9 aux abonn\u00e9s\" rel=\"nofollow noopener\" target=\"_blank\"><\/p>\n<p>                <img loading=\"lazy\" decoding=\"async\" width=\"32\" height=\"32\" class=\"icone-article-payant\" alt=\"Article r\u00e9serv\u00e9 aux abonn\u00e9s\" src=\"data:image\/svg+xml,%3Csvg%20xmlns=\" http:=\"\" data-lazy-src=\"https:\/\/www.europesays.com\/fr\/wp-content\/uploads\/2026\/04\/sans_contour_32x32_couleur_originale.png\"\/><\/p>\n<p>        <\/a><br \/>\n    \t\t\t\t\t<a href=\"https:\/\/citoyens.com\/2026\/entreprises-dile-de-france-val-de-marne-et-seine-saint-denis-resistent-bien-paris-continue-de-capter-les-implantations,27-08-2026.html\" title=\"Entreprises d\u2019Ile-de-France\u00a0: Val-de-Marne et Seine-Saint-Denis r\u00e9sistent bien, Paris continue de capter les implantations\" rel=\"nofollow noopener\" target=\"_blank\"><br \/>\n\t\t\t\t\t\tEntreprises d\u2019Ile-de-France\u00a0: Val-de-Marne et Seine-Saint-Denis r\u00e9sistent bien, Paris continue de capter les implantations\t\t\t\t\t<\/a><\/p>\n<p>A l\u2019occasion de sa rentr\u00e9e, le Mouvement des entreprises de France (Medef) a fait un bilan de sant\u00e9 de l\u2019entrepreneuriat au 1er semestre. Val-de-Marne et Seine-Saint-Denis y sont les seuls d\u00e9partements avec les Yvelines \u00e0 voir les d\u00e9faillances diminuer. Paris attire en revanche une forte proportion des nouveaux si\u00e8ges sociaux de la r\u00e9gion. Les chiffres.<\/p>\n<p>\t\t\t\t\t\t\t<a href=\"https:\/\/citoyens.com\/2026\/parcours-scientifique-cours-oasis-nouveautes-de-rentree-dans-les-colleges-de-seine-saint-denis,28-08-2026.html\" title=\"Parcours scientifique, cours oasis\u2026 : nouveaut\u00e9s de rentr\u00e9e dans les coll\u00e8ges de Seine-Saint-Denis\" class=\"visuel\" rel=\"nofollow noopener\" target=\"_blank\"><br \/>\n\t\t\t\t\t\t\t\t\t\t\t\t<img loading=\"lazy\" decoding=\"async\" width=\"380\" height=\"173\" src=\"https:\/\/www.europesays.com\/fr\/wp-content\/uploads\/2026\/08\/des-eleves-du-college-pierre-semard-decouvre-les-photos-de-leur-futur-etablissement-380x173.jpg\"  class=\"attachment-home-article wp-post-image lazyload\" alt=\"Parcours scientifique, cours oasis\u2026 : nouveaut\u00e9s de rentr\u00e9e dans les coll\u00e8ges de Seine-Saint-Denis\"\/><\/p>\n<p>\t\t\t\t\t\t\u00a9 CH<br \/>\n\t\t\t\t\t\t\t\t\t<\/a><\/p>\n<p>\t\t\t\t\t        <a class=\"lien-icone-article-payant\" href=\"https:\/\/citoyens.com\/gestion-abonnement\/paiement-abonnement?level=1\" title=\"Article r\u00e9serv\u00e9 aux abonn\u00e9s\" rel=\"nofollow noopener\" target=\"_blank\"><\/p>\n<p>                <img loading=\"lazy\" decoding=\"async\" width=\"32\" height=\"32\" class=\"icone-article-payant\" alt=\"Article r\u00e9serv\u00e9 aux abonn\u00e9s\" src=\"data:image\/svg+xml,%3Csvg%20xmlns=\" http:=\"\" data-lazy-src=\"https:\/\/www.europesays.com\/fr\/wp-content\/uploads\/2026\/04\/sans_contour_32x32_couleur_originale.png\"\/><\/p>\n<p>        <\/a><br \/>\n    \t\t\t\t\t<a href=\"https:\/\/citoyens.com\/2026\/parcours-scientifique-cours-oasis-nouveautes-de-rentree-dans-les-colleges-de-seine-saint-denis,28-08-2026.html\" title=\"Parcours scientifique, cours oasis\u2026 : nouveaut\u00e9s de rentr\u00e9e dans les coll\u00e8ges de Seine-Saint-Denis\" rel=\"nofollow noopener\" target=\"_blank\"><br \/>\n\t\t\t\t\t\tParcours scientifique, cours oasis\u2026 : nouveaut\u00e9s de rentr\u00e9e dans les coll\u00e8ges de Seine-Saint-Denis\t\t\t\t\t<\/a><\/p>\n<p>Pas de nouveau coll\u00e8ge cette rentr\u00e9e en Seine-Saint-Denis, mais des \u00e9tablissements r\u00e9nov\u00e9s et de l\u2019adaptation aux fortes chaleurs. Au programme aussi : un parcours scientifique et math\u00e9matique, la poursuite du plan attractivit\u00e9 et encore une appli pour les parents. Le point.<\/p>\n","protected":false},"excerpt":{"rendered":"\u00a9 DR Rentr\u00e9e 2026 en Val-de-Marne et Seine-Saint-Denis : comment \u00e9viter les profs non remplac\u00e9s Alors que le&hellip;\n","protected":false},"author":2,"featured_media":1157830,"comment_status":"","ping_status":"","sticky":false,"template":"","format":"standard","meta":{"footnotes":"","_share_on_mastodon":"0"},"categories":[1888],"tags":[49209,11,4298,1124,6340,11271,14774,1777,674,1011,27,118705,15387,5758,12,626,50042,25,18341,1937,1945,118706,118707],"class_list":["post-1157829","post","type-post","status-publish","format-standard","has-post-thumbnail","category-paris","tag-academie-de-creteil","tag-actualites","tag-chiffres","tag-college","tag-collegiens","tag-enseignants","tag-est-parisien-2","tag-eu","tag-europe","tag-fr","tag-france","tag-jean-francois-chanet","tag-lyceens","tag-maternelle","tag-news","tag-paris","tag-rentree-des-classes","tag-republique-francaise","tag-saint-denis","tag-seine-et-marne","tag-seine-saint-denis","tag-taux-dencadrement","tag-taux-de-reussite-au-bac"],"share_on_mastodon":{"url":"https:\/\/pubeurope.com\/@fr\/117185963713960436","error":""},"_links":{"self":[{"href":"https:\/\/www.europesays.com\/fr\/wp-json\/wp\/v2\/posts\/1157829","targetHints":{"allow":["GET"]}}],"collection":[{"href":"https:\/\/www.europesays.com\/fr\/wp-json\/wp\/v2\/posts"}],"about":[{"href":"https:\/\/www.europesays.com\/fr\/wp-json\/wp\/v2\/types\/post"}],"author":[{"embeddable":true,"href":"https:\/\/www.europesays.com\/fr\/wp-json\/wp\/v2\/users\/2"}],"replies":[{"embeddable":true,"href":"https:\/\/www.europesays.com\/fr\/wp-json\/wp\/v2\/comments?post=1157829"}],"version-history":[{"count":0,"href":"https:\/\/www.europesays.com\/fr\/wp-json\/wp\/v2\/posts\/1157829\/revisions"}],"wp:featuredmedia":[{"embeddable":true,"href":"https:\/\/www.europesays.com\/fr\/wp-json\/wp\/v2\/media\/1157830"}],"wp:attachment":[{"href":"https:\/\/www.europesays.com\/fr\/wp-json\/wp\/v2\/media?parent=1157829"}],"wp:term":[{"taxonomy":"category","embeddable":true,"href":"https:\/\/www.europesays.com\/fr\/wp-json\/wp\/v2\/categories?post=1157829"},{"taxonomy":"post_tag","embeddable":true,"href":"https:\/\/www.europesays.com\/fr\/wp-json\/wp\/v2\/tags?post=1157829"}],"curies":[{"name":"wp","href":"https:\/\/api.w.org\/{rel}","templated":true}]}}