{"id":1157835,"date":"2026-08-30T18:53:13","date_gmt":"2026-08-30T18:53:13","guid":{"rendered":"https:\/\/www.europesays.com\/fr\/1157835\/"},"modified":"2026-08-30T18:53:13","modified_gmt":"2026-08-30T18:53:13","slug":"durement-touchee-par-une-frappe-russe-meurtriere-pres-de-kiev-lukraine-semeut-dune-negligence-criminelle","status":"publish","type":"post","link":"https:\/\/www.europesays.com\/fr\/1157835\/","title":{"rendered":"Durement touch\u00e9e par une frappe russe meurtri\u00e8re pr\u00e8s de Kiev, l&rsquo;Ukraine s&rsquo;\u00e9meut d&rsquo;une \u00abn\u00e9gligence criminelle\u00bb"},"content":{"rendered":"<p>    R\u00e9sum\u00e9 en 20 secondes<\/p>\n<p>        En savoir plus sur ce type de contenu<\/p>\n<p>Ce r\u00e9sum\u00e9 peut avoir \u00e9t\u00e9 \u00e9crit avec l&rsquo;assistance d\u2019une IA g\u00e9n\u00e9rative. <a href=\"https:\/\/www.letemps.ch\/cyber\/l-usage-de-l-ia-generative-par-les-journalistes-du-temps\" rel=\"nofollow noopener\" target=\"_blank\">En savoir plus<\/a><\/p>\n<p class=\"article__abstract-call-to-action\" data-ariato=\"TrackableElement\" data-trackable-element-type=\"article_abstract_cta\" data-trackable-element-location=\"article_header\" data-trackable-element-id=\"541116\">\n        <a data-event=\"click-&gt;clicked\" href=\"https:\/\/www.letemps.ch\/abonnements\" rel=\"nofollow noopener\" target=\"_blank\">Abonnez-vous<\/a> pour acc\u00e9der au r\u00e9sum\u00e9 en 20 secondes.\n      <\/p>\n<p>Le nombre de morts continue d\u2019augmenter, et la col\u00e8re aussi. Une frappe russe a provoqu\u00e9 un carnage vendredi soir en atteignant un entrep\u00f4t de munitions \u00e0 Myla, petit village situ\u00e9 \u00e0 une trentaine de kilom\u00e8tres de Kiev. Le site se trouve \u00e0 proximit\u00e9 imm\u00e9diate de l\u2019autoroute qui file vers l\u2019ouest du pays, v\u00e9ritable ligne de vie pour la capitale ukrainienne depuis le d\u00e9but de l\u2019invasion en 2022.<\/p>\n<p>Au moins 38 personnes ont \u00e9t\u00e9 tu\u00e9es, a annonc\u00e9 dimanche apr\u00e8s-midi Volodymyr Zelensky. Quatre personnes sont toujours port\u00e9es disparues. Un tel bilan en fait l\u2019une des attaques les plus meurtri\u00e8res de l\u2019ann\u00e9e pour les civils. Les op\u00e9rations de d\u00e9minage \u00e9taient encore en cours dimanche \u00abpour d\u00e9tecter et neutraliser les engins explosifs\u00bb, selon le pr\u00e9sident ukrainien. \u00abL&rsquo;ampleur de la contamination dans cette zone est importante\u00bb, a-t-il ajout\u00e9.<\/p>\n","protected":false},"excerpt":{"rendered":"R\u00e9sum\u00e9 en 20 secondes En savoir plus sur ce type de contenu Ce r\u00e9sum\u00e9 peut avoir \u00e9t\u00e9 \u00e9crit&hellip;\n","protected":false},"author":2,"featured_media":1157836,"comment_status":"","ping_status":"","sticky":false,"template":"","format":"standard","meta":{"footnotes":"","_share_on_mastodon":"0"},"categories":[1590],"tags":[11,1777,674,12,301,132,220,134],"class_list":["post-1157835","post","type-post","status-publish","format-standard","has-post-thumbnail","category-ukraine","tag-actualites","tag-eu","tag-europe","tag-news","tag-premium","tag-russie","tag-ukraine","tag-volodymyr-zelensky"],"share_on_mastodon":{"url":"https:\/\/pubeurope.com\/@fr\/117185977214151624","error":""},"_links":{"self":[{"href":"https:\/\/www.europesays.com\/fr\/wp-json\/wp\/v2\/posts\/1157835","targetHints":{"allow":["GET"]}}],"collection":[{"href":"https:\/\/www.europesays.com\/fr\/wp-json\/wp\/v2\/posts"}],"about":[{"href":"https:\/\/www.europesays.com\/fr\/wp-json\/wp\/v2\/types\/post"}],"author":[{"embeddable":true,"href":"https:\/\/www.europesays.com\/fr\/wp-json\/wp\/v2\/users\/2"}],"replies":[{"embeddable":true,"href":"https:\/\/www.europesays.com\/fr\/wp-json\/wp\/v2\/comments?post=1157835"}],"version-history":[{"count":0,"href":"https:\/\/www.europesays.com\/fr\/wp-json\/wp\/v2\/posts\/1157835\/revisions"}],"wp:featuredmedia":[{"embeddable":true,"href":"https:\/\/www.europesays.com\/fr\/wp-json\/wp\/v2\/media\/1157836"}],"wp:attachment":[{"href":"https:\/\/www.europesays.com\/fr\/wp-json\/wp\/v2\/media?parent=1157835"}],"wp:term":[{"taxonomy":"category","embeddable":true,"href":"https:\/\/www.europesays.com\/fr\/wp-json\/wp\/v2\/categories?post=1157835"},{"taxonomy":"post_tag","embeddable":true,"href":"https:\/\/www.europesays.com\/fr\/wp-json\/wp\/v2\/tags?post=1157835"}],"curies":[{"name":"wp","href":"https:\/\/api.w.org\/{rel}","templated":true}]}}