{"id":1157839,"date":"2026-08-30T18:55:18","date_gmt":"2026-08-30T18:55:18","guid":{"rendered":"https:\/\/www.europesays.com\/fr\/1157839\/"},"modified":"2026-08-30T18:55:18","modified_gmt":"2026-08-30T18:55:18","slug":"le-royaume-uni-voit-des-installations-solaires-record-installees-sur-une-periode-de-12-mois","status":"publish","type":"post","link":"https:\/\/www.europesays.com\/fr\/1157839\/","title":{"rendered":"Le Royaume-Uni voit des installations solaires record install\u00e9es sur une p\u00e9riode de 12 mois"},"content":{"rendered":"<p class=\"wp-block-paragraph\">Le Royaume-Uni a vu un nombre record d\u2019installations solaires install\u00e9es \u2013 286 000 \u2013 sur une p\u00e9riode de 12 mois jusqu\u2019\u00e0 fin juillet, avec une capacit\u00e9 croissante de 1,9 GW en un an, a d\u00e9clar\u00e9 jeudi le minist\u00e8re de l\u2019\u00c9nergie \u00e0 Montel. D\u00e9cryptage\u00a0!<\/p>\n<p class=\"wp-block-paragraph\">\u00ab Provisoirement, \u00e0 la fin juillet, il y a un total de 23 GW de capacit\u00e9 solaire au Royaume-Uni r\u00e9partis sur 2 105 000 installations\u00a0\u00bb,\u00a0analyse le ministre de l\u2019\u00c9nergie Michael Shanks. L\u2019objectif solaire actuel du gouvernement pour 2030 est d\u2019environ 45 \u00e0 47 GW de capacit\u00e9 solaire install\u00e9e, ce qui signifie qu\u2019il faudra conna\u00eetre une croissance d\u2019environ 5 \u00e0 6 GW\/an d\u2019ici l\u00e0 \u2013 une am\u00e9lioration significative par rapport aux niveaux actuels.<\/p>\n<p class=\"wp-block-paragraph\"><strong>\u00ab\u00a0Le solaire pour r\u00e9duire les factures d\u2019\u00e9nergie<\/strong>\u00a0<strong>\u00bb<\/strong><\/p>\n<p class=\"wp-block-paragraph\">\u00ab<strong>\u00a0<\/strong>Du sud-est \u00e0 l\u2019\u00c9cosse, les foyers \u00e0 travers la Grande-Bretagne adoptent l\u2019\u00e9nergie solaire et prennent le contr\u00f4le de leur \u00e9nergie\u00a0\u00bb,\u00a0poursuit le ministre de l\u2019\u00c9nergie.\u00a0\u00ab\u00a0Un nombre record de familles installent des panneaux solaires pour produire une \u00e9lectricit\u00e9 propre et locale, ce qui les aide \u00e0 r\u00e9duire leurs factures d\u2019\u00e9nergie.\u00a0\u00bb\u00a0L\u2019annonce a \u00e9t\u00e9 faite le 27 ao\u00fbt dernier, jour o\u00f9 le Royaume-Uni a autoris\u00e9 l\u2019achat et l\u2019usage de kits solaires domestiques pr\u00eats \u00e0 brancher sur une prise classique, limit\u00e9s \u00e0 800 W. Ces solutions permettent aux m\u00e9nages ne pouvant pas utiliser les panneaux de toit de produire eux-m\u00eames de l\u2019\u00e9lectricit\u00e9 bon march\u00e9.<\/p>\n<p class=\"wp-block-paragraph\"><strong>La flamb\u00e9e des factures d\u2019\u00e9nergie<\/strong><\/p>\n<p class=\"wp-block-paragraph\">La nouvelle est intervenue apr\u00e8s que le r\u00e9gulateur de l\u2019\u00e9nergie Ofgem\u00a0a annonc\u00e9\u00a0l\u2019augmentation du plafond annuel des prix pour un consommateur typique de 3,6 %, atteignant un sommet de trois ans de 1 723 GBP \u00e0 partir du 1er\u00a0octobre, le pays faisant face \u00e0 l\u2019une des factures d\u2019\u00e9nergie les plus \u00e9lev\u00e9es d\u2019Europe. <\/p>\n<p class=\"wp-block-paragraph\">Face \u00e0 une flamb\u00e9e vertigineuse des co\u00fbts, le parti conservateur d\u2019opposition du pays a appel\u00e9 la semaine\u00a0derni\u00e8re \u00e0 l\u2019abolition d\u2019une \u00ab l\u00e9gislation contre-productive \u00bb, \u00e0 un triplement de la capacit\u00e9 nucl\u00e9aire, \u00e0 plus de centrales \u00e0 gaz, \u00e0 l\u2019abandon de la taxe carbone et \u00e0 \u00ab beaucoup moins de parcs \u00e9oliens et solaires\u00a0\u00bb. Le gouvernement travailliste sous le nouveau Premier ministre Andy Burnham reste engag\u00e9 en faveur de la neutralit\u00e9 carbone, mais il a accord\u00e9 une plus grande importance au co\u00fbt de la transition, sans pr\u00e9ciser de nouvelles politiques importantes.<\/p>\n","protected":false},"excerpt":{"rendered":"Le Royaume-Uni a vu un nombre record d\u2019installations solaires install\u00e9es \u2013 286 000 \u2013 sur une p\u00e9riode de&hellip;\n","protected":false},"author":2,"featured_media":1157840,"comment_status":"","ping_status":"","sticky":false,"template":"","format":"standard","meta":{"footnotes":"","_share_on_mastodon":"0"},"categories":[1588],"tags":[11,1777,674,12,473,1853,1851,1850,1852],"class_list":["post-1157839","post","type-post","status-publish","format-standard","has-post-thumbnail","category-royaume-uni","tag-actualites","tag-eu","tag-europe","tag-news","tag-royaume-uni","tag-royaume-uni-de-grande-bretagne-et-dirlande-du-nord","tag-uk","tag-united-kingdom","tag-united-kingdom-of-great-britain-and-northern-ireland"],"share_on_mastodon":{"url":"https:\/\/pubeurope.com\/@fr\/117185985023701673","error":""},"_links":{"self":[{"href":"https:\/\/www.europesays.com\/fr\/wp-json\/wp\/v2\/posts\/1157839","targetHints":{"allow":["GET"]}}],"collection":[{"href":"https:\/\/www.europesays.com\/fr\/wp-json\/wp\/v2\/posts"}],"about":[{"href":"https:\/\/www.europesays.com\/fr\/wp-json\/wp\/v2\/types\/post"}],"author":[{"embeddable":true,"href":"https:\/\/www.europesays.com\/fr\/wp-json\/wp\/v2\/users\/2"}],"replies":[{"embeddable":true,"href":"https:\/\/www.europesays.com\/fr\/wp-json\/wp\/v2\/comments?post=1157839"}],"version-history":[{"count":0,"href":"https:\/\/www.europesays.com\/fr\/wp-json\/wp\/v2\/posts\/1157839\/revisions"}],"wp:featuredmedia":[{"embeddable":true,"href":"https:\/\/www.europesays.com\/fr\/wp-json\/wp\/v2\/media\/1157840"}],"wp:attachment":[{"href":"https:\/\/www.europesays.com\/fr\/wp-json\/wp\/v2\/media?parent=1157839"}],"wp:term":[{"taxonomy":"category","embeddable":true,"href":"https:\/\/www.europesays.com\/fr\/wp-json\/wp\/v2\/categories?post=1157839"},{"taxonomy":"post_tag","embeddable":true,"href":"https:\/\/www.europesays.com\/fr\/wp-json\/wp\/v2\/tags?post=1157839"}],"curies":[{"name":"wp","href":"https:\/\/api.w.org\/{rel}","templated":true}]}}