{"id":115784,"date":"2025-05-21T02:27:10","date_gmt":"2025-05-21T02:27:10","guid":{"rendered":"https:\/\/www.europesays.com\/fr\/115784\/"},"modified":"2025-05-21T02:27:10","modified_gmt":"2025-05-21T02:27:10","slug":"nouvelle-journee-de-mobilisation-des-chauffeurs-de-taxi-circulation-deja-perturbee-dans-le","status":"publish","type":"post","link":"https:\/\/www.europesays.com\/fr\/115784\/","title":{"rendered":"Nouvelle journ\u00e9e de mobilisation des chauffeurs de taxi, circulation d\u00e9j\u00e0 perturb\u00e9e dans le"},"content":{"rendered":"<p>Leur col\u00e8re n\u2019est pas retomb\u00e9e. De nouvelles mobilisations des chauffeurs de taxi sont pr\u00e9vues ce mardi 20\u00a0mai 2025, au lendemain d\u2019une <a href=\"https:\/\/brive.maville.com\/actu\/actudet_-en-images.-blocages-operations-escargot...-des-milliers-de-taxis-ont-manifeste-en-france-_54135-6814228_actu.Htm\" target=\"_blank\" rel=\"nofollow noopener\">premi\u00e8re journ\u00e9e d\u2019action<\/a> qui a vu plusieurs milliers de professionnels du secteur se rassembler dans toute la France pour protester contre les nouvelles conditions tarifaires du transport sanitaire et la concurrence des VTC.<\/p>\n<p><strong>Lire aussi\u00a0:<\/strong>\u00a0<a href=\"https:\/\/rennes.maville.com\/actu\/actudet_-transport-sanitaire-pourquoi-les-chauffeurs-de-taxi-ont-ils-manifeste-ce-lundi-partout-en-france-_54135-6814859_actu.Htm\" target=\"_blank\" rel=\"nofollow noopener\">Transport sanitaire\u00a0: pourquoi les chauffeurs de taxi ont-ils manifest\u00e9 ce lundi partout en France\u00a0?<\/a><\/p>\n<p>Trafic fortement perturb\u00e9 \u00e0 Toulon et Marseille<\/p>\n<p>Selon <a href=\"https:\/\/radio.vinci-autoroutes.com\/article\/taxis-greve-reconduite-mardi-blocages-sur-a50-a57-a7-et-a51-a-toulon-et-marseille-15234\" target=\"_blank\" rel=\"nofollow noopener\">Vinci Autoroutes<\/a>, <strong>\u00ab\u00a0les Bouches-du-Rh\u00f4ne et le Var resteront les principaux foyers de mobilisation\u00a0\u00bb<\/strong> ce mardi. \u00c0 Toulon (Var), des taxis bloquent l\u2019A50\u00a0depuis environ 6\u00a0h ce matin. Le tunnel de Toulon est ferm\u00e9 dans les deux sens et <strong>\u00ab\u00a0le r\u00e9seau secondaire est totalement satur\u00e9 autour de la ville\u00a0\u00bb<\/strong>, pr\u00e9cise le gestionnaire autoroutier, qui invite les automobilistes \u00e0<strong> \u00ab\u00a0\u00e9viter le secteur\u00a0\u00bb<\/strong>.<\/p>\n<p>\n                Nous avons bloqu\u00e9 l\u2019affichage de ce contenu pour respecter vos choix en mati\u00e8re de cookies.<br \/>En cliquant sur \u00abConsulter\u00bb, vous acceptez le d\u00e9p\u00f4t de cookies par des services de r\u00e9seaux sociaux tels que Twitter.<br \/>\n                Consulter\n            <\/p>\n<blockquote class=\"twitter-tweet\" wp_automatic_readability=\"7.0058309037901\">\n<p lang=\"fr\" dir=\"ltr\">06h20 : : sur <a href=\"https:\/\/twitter.com\/hashtag\/A50?src=hash&amp;ref_src=twsrc%5Etfw\" rel=\"nofollow noopener\" target=\"_blank\">#A50<\/a>, en direction de Toulon, manifestation en cours. Pr\u00e9sence de pi\u00e9tons. <br \/>? Fermeture du tunnel de Toulon<br \/>? coupure de l&rsquo;A50 au niveau de la sortie 16 Toulon Le Port <br \/>?? Sortie 16 Toulon Le Port obligatoire <br \/>\u00c9coutez <a href=\"https:\/\/twitter.com\/hashtag\/Radio1077?src=hash&amp;ref_src=twsrc%5Etfw\" rel=\"nofollow noopener\" target=\"_blank\">#Radio1077<\/a> <a href=\"https:\/\/twitter.com\/hashtag\/InfoTrafic?src=hash&amp;ref_src=twsrc%5Etfw\" rel=\"nofollow noopener\" target=\"_blank\">#InfoTrafic<\/a> <a href=\"https:\/\/twitter.com\/hashtag\/TunnelToulon?src=hash&amp;ref_src=twsrc%5Etfw\" rel=\"nofollow noopener\" target=\"_blank\">#TunnelToulon<\/a> <a href=\"https:\/\/t.co\/AbIxLQ1vbv\" rel=\"nofollow\">pic.twitter.com\/AbIxLQ1vbv<\/a><\/p>\n<p>\u2014 Tunnel de Toulon (@TunnelToulon) <a href=\"https:\/\/twitter.com\/TunnelToulon\/status\/1924682753448063323?ref_src=twsrc%5Etfw\" rel=\"nofollow noopener\" target=\"_blank\">May 20, 2025<\/a><\/p><\/blockquote>\n<p>Dans les Bouches-du-Rh\u00f4ne, trois convois \u00e9taient pr\u00e9vus sur l\u2019A50, l\u2019A55 et l\u2019A7. Ils sont finalement annul\u00e9s, rapporte  <a href=\"https:\/\/www.bfmtv.com\/marseille\/bouches-du-rhone-les-corteges-de-taxis-sur-l-a50-l-a7-et-l-a55-annules_AV-202505200112.html\" target=\"_blank\" rel=\"nofollow noopener\">BFMTV<\/a> . \u00c0 la place, les taxis vont se mobiliser sur la place Castellane et l\u2019avenue du Prado, \u00e0 Marseille. Cela devrait <strong>\u00ab\u00a0occasionner une g\u00eane importante de la circulation\u00a0\u00bb<\/strong>, selon la pr\u00e9fecture.<\/p>\n<p>La mobilisation se poursuit \u00e9galement en Haute-Savoie, o\u00f9 des taxis sont partis d\u2019Annecy vers 5\u00a0h\u00a030 pour une op\u00e9ration escargot entre Saint-Martin-Bellevue et la douane de Bardonnex, \u00e0 la fronti\u00e8re franco-suisse, relate  <a href=\"https:\/\/www.ledauphine.com\/social\/2025\/05\/20\/mobilisation-des-taxis-la-grogne-continue-a-la-frontiere-suisse\" target=\"_blank\" rel=\"nofollow noopener\">Le Dauphin\u00e9 lib\u00e9r\u00e9<\/a> .<\/p>\n<p>7\u00a0500\u00a0taxis mobilis\u00e9s lundi<\/p>\n<p>Au niveau national, la police a recens\u00e9 65\u00a0actions mobilisant 7\u00a0500\u00a0taxis pour la journ\u00e9e de lundi. 64\u00a0personnes ont \u00e9t\u00e9 interpell\u00e9es dans la manifestation \u00e0 Paris, apr\u00e8s des \u00e9chauffour\u00e9es avec les forces de l\u2019ordre. Des actions ont aussi \u00e9t\u00e9 men\u00e9es \u00e0 Pau (Pyr\u00e9n\u00e9es-Atlantiques), Bastia (Haute-Corse) ou encore Amiens (Somme).<\/p>\n<p>Les chauffeurs de taxi contestent notamment la nouvelle convention cadre sur le transport sanitaire de l\u2019Assurance maladie (CPAM), dont l\u2019arr\u00eat\u00e9 a \u00e9t\u00e9 publi\u00e9 au Journal officiel la veille. Cette nouvelle tarification devrait entrer en vigueur le 1er\u00a0octobre.<\/p>\n<p>Les taxis seraient d\u00e9sormais r\u00e9mun\u00e9r\u00e9s sur la base d\u2019un forfait de prise en charge et d\u2019une tarification kilom\u00e9trique align\u00e9e sur le tarif fix\u00e9 dans chaque d\u00e9partement.<\/p>\n<p>Le secteur se dit pr\u00eat \u00e0 discuter, notamment favorable au transport partag\u00e9 et \u00e0 <strong>\u00ab\u00a0l\u2019optimisation des co\u00fbts\u00a0\u00bb<\/strong>. Mais il demande le gel du projet actuel, selon lui d\u00e9fini unilat\u00e9ralement et <strong>\u00ab\u00a0bas\u00e9 sur de la th\u00e9orie en oubliant la faisabilit\u00e9\u00a0\u00bb<\/strong>, ne prenant pas en compte par exemple les variations des temps de trajet ni les contraintes des patients.<\/p>\n<p>\u00a0<\/p>\n<p>\t\t<script async src=\"https:\/\/platform.twitter.com\/widgets.js\" charset=\"utf-8\"><\/script><\/p>\n","protected":false},"excerpt":{"rendered":"Leur col\u00e8re n\u2019est pas retomb\u00e9e. De nouvelles mobilisations des chauffeurs de taxi sont pr\u00e9vues ce mardi 20\u00a0mai 2025,&hellip;\n","protected":false},"author":2,"featured_media":115785,"comment_status":"","ping_status":"","sticky":false,"template":"","format":"standard","meta":{"footnotes":""},"categories":[9619],"tags":[1111,11,22234,3542,1442,1777,674,1011,27,3465,10234,12,2043,7847,882,25,2968,13430,2310],"class_list":{"0":"post-115784","1":"post","2":"type-post","3":"status-publish","4":"format-standard","5":"has-post-thumbnail","7":"category-toulon","8":"tag-actu","9":"tag-actualites","10":"tag-chauffeurs","11":"tag-circulation","12":"tag-deja","13":"tag-eu","14":"tag-europe","15":"tag-fr","16":"tag-france","17":"tag-journee","18":"tag-mobilisation","19":"tag-news","20":"tag-nouvelle","21":"tag-perturbee","22":"tag-provence-alpes-cote-dazur","23":"tag-republique-francaise","24":"tag-sud-est","25":"tag-taxi","26":"tag-toulon"},"share_on_mastodon":{"url":"https:\/\/pubeurope.com\/@fr\/114543463175753950","error":""},"_links":{"self":[{"href":"https:\/\/www.europesays.com\/fr\/wp-json\/wp\/v2\/posts\/115784","targetHints":{"allow":["GET"]}}],"collection":[{"href":"https:\/\/www.europesays.com\/fr\/wp-json\/wp\/v2\/posts"}],"about":[{"href":"https:\/\/www.europesays.com\/fr\/wp-json\/wp\/v2\/types\/post"}],"author":[{"embeddable":true,"href":"https:\/\/www.europesays.com\/fr\/wp-json\/wp\/v2\/users\/2"}],"replies":[{"embeddable":true,"href":"https:\/\/www.europesays.com\/fr\/wp-json\/wp\/v2\/comments?post=115784"}],"version-history":[{"count":0,"href":"https:\/\/www.europesays.com\/fr\/wp-json\/wp\/v2\/posts\/115784\/revisions"}],"wp:featuredmedia":[{"embeddable":true,"href":"https:\/\/www.europesays.com\/fr\/wp-json\/wp\/v2\/media\/115785"}],"wp:attachment":[{"href":"https:\/\/www.europesays.com\/fr\/wp-json\/wp\/v2\/media?parent=115784"}],"wp:term":[{"taxonomy":"category","embeddable":true,"href":"https:\/\/www.europesays.com\/fr\/wp-json\/wp\/v2\/categories?post=115784"},{"taxonomy":"post_tag","embeddable":true,"href":"https:\/\/www.europesays.com\/fr\/wp-json\/wp\/v2\/tags?post=115784"}],"curies":[{"name":"wp","href":"https:\/\/api.w.org\/{rel}","templated":true}]}}