{"id":1157841,"date":"2026-08-30T18:56:24","date_gmt":"2026-08-30T18:56:24","guid":{"rendered":"https:\/\/www.europesays.com\/fr\/1157841\/"},"modified":"2026-08-30T18:56:24","modified_gmt":"2026-08-30T18:56:24","slug":"nous-navions-pas-imagine-les-pyrenees-aussi-sauvages","status":"publish","type":"post","link":"https:\/\/www.europesays.com\/fr\/1157841\/","title":{"rendered":"\u201cNous n\u2019avions pas imagin\u00e9 les Pyr\u00e9n\u00e9es aussi sauvages\u201d"},"content":{"rendered":"\n<p>Henri IV \u00e9tait proche de son peuple, nous explique la guide du ch\u00e2teau en nous montrant un tableau o\u00f9 l\u2019on voit l\u2019ambassadeur d\u2019Espagne h\u00e9sitant au moment de s\u2019incliner devant le souverain. \u201cUn bon roi\u201d, r\u00e9sume-t-elle en fermant avec recueillement la chambre du ch\u00e2teau [de Pau] dans laquelle l\u2019enfant de la ville est venu au monde, le 13\u00a0d\u00e9cembre 1553, avant de nous raccompagner, boulevard des Pyr\u00e9n\u00e9es. Agr\u00e9ment\u00e9e de bancs, de palmiers, et de petits parterres o\u00f9 les jardiniers sont en train de planter des fleurs, cette promenade en balcon est majestueuse. Une statue en l\u2019honneur du \u201cVert-Galant\u201d [le surnom d\u2019Henri IV] se dresse au milieu du boulevard.<\/p>\n<p>Le regard se porte naturellement vers la balustrade en pierre de la promenade, derri\u00e8re laquelle la cha\u00eene des Pyr\u00e9n\u00e9es se d\u00e9roule \u00e0 la mani\u00e8re d\u2019une tapisserie tout en nuances, allant du vert au gris perle. C\u2019est dans ces montagnes que nous voulons aller marcher, en passant par le col du Somport, jusqu\u2019au l\u00e9gendaire monast\u00e8re de Saint-Jean-de la-Pe\u00f1a, o\u00f9 fut, dit-on, conserv\u00e9 le Saint-Graal, puis \u00e0 travers l\u2019Aragon, jusqu\u2019\u00e0 Pampelune. Soit 250\u00a0kilom\u00e8tres en tout.<\/p>\n<p>Le pied encore l\u00e9ger, nous passons devant le v\u00e9n\u00e9rable funiculaire avant de d\u00e9couvrir, en contrebas du boulevard, une rue particuli\u00e8rement pentue sur laquelle les Palois o<\/p>\n<p>                          Offres sp\u00e9ciales  <\/p>\n<p><strong>Pour lire la suite de cet article, abonnez-vous<\/strong><\/p>\n<p class=\"paywall-text\">Acc\u00e9dez \u00e0\u00a0l\u2019int\u00e9gralit\u00e9 de\u00a0nos contenus sur le\u00a0site et\u00a0l\u2019application en\u00a0vous abonnant \u00e0\u00a0<strong>l\u2019offre sp\u00e9ciale.<\/strong><\/p>\n<p class=\"price\">D\u00e8s <strong>2,99\u00a0\u20ac<\/strong>\/mois<\/p>\n<p> Sans engagement \u2022 R\u00e9siliable en ligne                             Offres sp\u00e9ciales  <\/p>\n<p class=\"popin-title\"> <strong>Profitez d\u2019un acc\u00e8s illimit\u00e9 (-57%)<\/strong> <\/p>\n<p>    <img loading=\"lazy\" decoding=\"async\" class=\"popin-img\" src=\"https:\/\/www.europesays.com\/fr\/wp-content\/uploads\/2026\/08\/1788096505_407_fe6cca3_upload-1-y50fm5af5abj-pop-in.png\"  alt=\"\" width=\"300\" height=\"250\"\/>    <\/p>\n<p class=\"price\"> 2,99 \u20ac par mois <\/p>\n<p class=\"popin-engagement\">En\u00a0tant qu\u2019abonn\u00e9, acc\u00e9dez \u00e0\u00a0l\u2019int\u00e9gralit\u00e9 des contenus de\u00a0Courrier international.<\/p>\n<p>  <a class=\"ithal-element\" href=\"https:\/\/macommande.courrierinternational.com\/account\/create\/CWADIMENS299PRIO\/CW365N3600ADD1FPRIO?marketing=RCWSITEDISPLAY01\" data-model=\"button\" data-ithal=\"popin_offre_speciale\" data-ithalc=\"[cta_abo]\" id=\"click_popin_offre_speciale\" rel=\"nofollow noopener\" target=\"_blank\">J\u2019en profite<\/a>                <\/p>\n<p class=\"article-vo\"><a href=\"https:\/\/www.faz.net\/aktuell\/reise\/spektakulaere-wanderung-ueber-die-pyrenaeen-accg-200830351.html\" rel=\"noopener nofollow\" target=\"_blank\">Lire l\u2019article original<\/a><\/p>\n<p>Source de l\u2019article<\/p>\n<p>   <img decoding=\"async\" class=\"source-logo\" src=\"https:\/\/www.europesays.com\/fr\/wp-content\/uploads\/2025\/07\/f025cfe_1643653622002-faz.jpg\"  alt=\"\" loading=\"lazy\" width=\"32\" height=\"32\"\/>  Frankfurter Allgemeine Zeitung  (Francfort)       <\/p>\n<p>Fond\u00e9e en 1949\u00a0et g\u00e9r\u00e9e par un comit\u00e9 \u00e9ditorial, la\u00a0Frankfurter Allgemeine Zeitung (surnomm\u00e9e FAZ), est le journal conservateur et lib\u00e9ral de r\u00e9f\u00e9rence dans les milieux d\u2019affaires et intellectuels allemands. <\/p>\n<p>Plus de 350 r\u00e9dacteurs et pr\u00e8s de 90 correspondants nationaux et internationaux participent \u00e0 son \u00e9laboration. Une place importante y est accord\u00e9e au traitement de l\u2019information internationale et \u00e9conomique. La fondation Fazit, une fondation \u00e0 but non lucratif cr\u00e9\u00e9e par ses journalistes, en d\u00e9tient la majorit\u00e9 des parts, ce qui rend la FAZ largement ind\u00e9pendante. <\/p>\n<p>Consid\u00e9r\u00e9e comme l\u2019un des plus grands quotidiens d\u2019Allemagne, elle s\u2019inscrit dans la lign\u00e9e de grands titres anglophones comme\u00a0The New York Times\u00a0et le\u00a0Financial Times, et a remport\u00e9 plus de 1200\u00a0prix de journalisme au fil des ans. Malgr\u00e9 une diffusion en baisse ces derni\u00e8res ann\u00e9es, la Frankfurter Allgemeine Zeitung reste une r\u00e9f\u00e9rence du paysage m\u00e9diatique d\u2019outre-Rhin. <\/p>\n<p>      <a href=\"https:\/\/www.courrierinternational.com\/notule-source\/frankfurter-allgemeine-zeitung\" class=\"source-link\" rel=\"nofollow noopener\" target=\"_blank\">Lire la suite<\/a>                  <\/p>\n<p>Nos services<\/p>\n","protected":false},"excerpt":{"rendered":"Henri IV \u00e9tait proche de son peuple, nous explique la guide du ch\u00e2teau en nous montrant un tableau&hellip;\n","protected":false},"author":2,"featured_media":1157842,"comment_status":"","ping_status":"","sticky":false,"template":"","format":"standard","meta":{"footnotes":"","_share_on_mastodon":"0"},"categories":[1587],"tags":[11,672,1804,1805,1803,1777,674,1801,12,1802],"class_list":["post-1157841","post","type-post","status-publish","format-standard","has-post-thumbnail","category-allemagne","tag-actualites","tag-allemagne","tag-bundesrepublik-deutschland","tag-de","tag-deutschland","tag-eu","tag-europe","tag-germany","tag-news","tag-republique-federale-dallemagne"],"share_on_mastodon":{"url":"","error":""},"_links":{"self":[{"href":"https:\/\/www.europesays.com\/fr\/wp-json\/wp\/v2\/posts\/1157841","targetHints":{"allow":["GET"]}}],"collection":[{"href":"https:\/\/www.europesays.com\/fr\/wp-json\/wp\/v2\/posts"}],"about":[{"href":"https:\/\/www.europesays.com\/fr\/wp-json\/wp\/v2\/types\/post"}],"author":[{"embeddable":true,"href":"https:\/\/www.europesays.com\/fr\/wp-json\/wp\/v2\/users\/2"}],"replies":[{"embeddable":true,"href":"https:\/\/www.europesays.com\/fr\/wp-json\/wp\/v2\/comments?post=1157841"}],"version-history":[{"count":0,"href":"https:\/\/www.europesays.com\/fr\/wp-json\/wp\/v2\/posts\/1157841\/revisions"}],"wp:featuredmedia":[{"embeddable":true,"href":"https:\/\/www.europesays.com\/fr\/wp-json\/wp\/v2\/media\/1157842"}],"wp:attachment":[{"href":"https:\/\/www.europesays.com\/fr\/wp-json\/wp\/v2\/media?parent=1157841"}],"wp:term":[{"taxonomy":"category","embeddable":true,"href":"https:\/\/www.europesays.com\/fr\/wp-json\/wp\/v2\/categories?post=1157841"},{"taxonomy":"post_tag","embeddable":true,"href":"https:\/\/www.europesays.com\/fr\/wp-json\/wp\/v2\/tags?post=1157841"}],"curies":[{"name":"wp","href":"https:\/\/api.w.org\/{rel}","templated":true}]}}