{"id":1157859,"date":"2026-08-30T19:11:11","date_gmt":"2026-08-30T19:11:11","guid":{"rendered":"https:\/\/www.europesays.com\/fr\/1157859\/"},"modified":"2026-08-30T19:11:11","modified_gmt":"2026-08-30T19:11:11","slug":"mercato-le-fc-nantes-se-prepare-a-un-lundi-agite","status":"publish","type":"post","link":"https:\/\/www.europesays.com\/fr\/1157859\/","title":{"rendered":"Mercato. Le FC Nantes se pr\u00e9pare \u00e0 un lundi agit\u00e9"},"content":{"rendered":"<p data-ofstats-scroll=\"read_depth_20\">Antoine Joujou et <a href=\"https:\/\/www.ouest-france.fr\/sport\/football\/fc-nantes\/fc-nantes-mercato-une-nouvelle-recrue-polyvalente-vient-renforcer-les-canaris-4d78135a-a1fb-11f1-bba4-fb5ac80a227f\" target=\"_self\" rel=\"nofollow noopener\">Ryad Hachem<\/a> sont<a href=\"https:\/\/www.ouest-france.fr\/sport\/football\/ligue-2\/direct-ea-guingamp-nantes-suivez-le-match-de-la-4e-journee-de-ligue-2-en-live-d9169918-2835-49b2-a142-ec7881e2f1d5\" target=\"_self\" rel=\"nofollow noopener\"> les deux derni\u00e8res recrues \u00e0 avoir int\u00e9gr\u00e9 le groupe du FC Nantes, samedi soir, au Roudourou.<\/a> Avec succ\u00e8s pour l\u2019ancien havrais, auteur du troisi\u00e8me but, dix minutes apr\u00e8s son entr\u00e9e en jeu. <a href=\"https:\/\/www.ouest-france.fr\/sport\/football\/fc-nantes\/guingamp-nantes-il-ne-faut-jamais-lacher-insiste-gregory-poirier-903e3a1a-a3e6-11f1-8465-547a0964275c\" target=\"_self\" rel=\"nofollow noopener\">Gr\u00e9gory Poirier attend d\u2019autres renforts<\/a>, autant pour mettre en place son 3-5-2\u00a0que pour muscler des secteurs de jeu en d\u00e9ficit d\u2019\u00e9l\u00e9ments, notamment devant.<\/p>\n<p data-ofstats-scroll=\"read_depth_50\">Amin Cherni doit ainsi s\u2019engager avec les Canari sous la forme d\u2019un pr\u00eat avec option d\u2019achat en provenance de G\u00f6ztepe\u00a0(Turquie). L\u2019international tunisien\u00a0(3\u00a0s\u00e9lections), qui a fait les beaux jours du Stade Lavallois\u00a0(2023-2024), est appel\u00e9 \u00e0 tenir le couloir gauche, un secteur dans lequel peut aussi \u00e9voluer le polyvalent Ryad Hachem. Les dirigeants nantais s\u2019activent aussi pour d\u00e9nicher le pendant \u00e0 droite, mais c\u2019est surtout devant qu\u2019ils concentrent leurs efforts. Apr\u00e8s les blessures de Ganago et Killian Corredor, Gr\u00e9gory Poirier devra se passer des services du remuant<a href=\"https:\/\/www.ouest-france.fr\/sport\/football\/fc-nantes\/mercato-herba-guirassy-file-en-suisse-1f4e86ca-a477-11f1-94d9-ff4da0548a19\" target=\"_self\" rel=\"nofollow noopener\"> Herba Guirassy, d\u00e9finitivement transf\u00e9r\u00e9 aux Young Boys de Berne.<\/a><\/p>\n<p>        Quel avenir pour Bahmed Deuff\u00a0?<\/p>\n<p data-ofstats-scroll=\"read_depth_80\">Le club suisse a rehauss\u00e9 son offre \u00e0 5\u00a0millions d\u2019euros pour \u00e9carter la concurrence anglaise\u00a0(Birmingham, Burnley\u2026). Le FCN discute toujours avec Dunkerque pour enr\u00f4ler Thomas Robinet, 30\u00a0ans, qui sort de la meilleure saison de sa carri\u00e8re\u00a0(15\u00a0buts en 30\u00a0apparitions). Premier joueur de la g\u00e9n\u00e9ration 2006 \u00e0 quitter la Joneli\u00e8re, Herba Guirassy n\u2019est peut-\u00eatre pas le dernier.<a href=\"https:\/\/www.ouest-france.fr\/sport\/football\/fc-nantes\/fc-nantes-mercato-ce-lieutenant-de-gregory-poirier-au-red-star-devrait-finalement-bien-sengager-avec-les-canaris-0413820c-a2ab-11f1-8465-547a0964275c\" target=\"_self\" rel=\"nofollow noopener\"> L\u2019arriv\u00e9e de Balthazar Pierret,<\/a> 26\u00a0ans\u00a0(Red Star), cr\u00e9e un embouteillage au milieu de terrain\u00a0(12\u00a0\u00e9l\u00e9ments). Il faudra surveiller les situations de Bahmed Deuff et Louis Leroux, \u00e0 la recherche de temps de jeu, et dot\u00e9s d\u2019une bonne cote sur le march\u00e9.<\/p>\n<\/p>\n<p data-ofstats-scroll=\"read_depth_90\">Ces deux derniers jours seront anim\u00e9s dans le sens des d\u00e9parts. Il y a les situations des ind\u00e9sirables\u00a0(Benhattab, Diack), des joueurs dont l\u2019horizon s\u2019est obstru\u00e9\u00a0(M. Gomes, Doucour\u00e9). Parmi ces derniers, le lat\u00e9ral Hugo Lamy dispose de contacts avanc\u00e9s avec un club de Ligue 3.<\/p>\n<p data-ofstats-scroll=\"read_depth_100\">Enfin, les cas de<a href=\"https:\/\/www.ouest-france.fr\/sport\/football\/fc-nantes\/fc-nantes-la-direction-a-refuse-une-offre-de-naples-pour-tylel-tati-3105adb4-a155-11f1-a9be-af36b8f2f435\" target=\"_self\" rel=\"nofollow noopener\"> Tylel Tati<\/a> et de Johann Lepenant suscitent toujours de l\u2019int\u00e9r\u00eat. Ils poss\u00e8dent, aussi, une valeur marchande non n\u00e9gligeable pour le FC Nantes.<\/p>\n","protected":false},"excerpt":{"rendered":"Antoine Joujou et Ryad Hachem sont les deux derni\u00e8res recrues \u00e0 avoir int\u00e9gr\u00e9 le groupe du FC Nantes,&hellip;\n","protected":false},"author":2,"featured_media":1157860,"comment_status":"","ping_status":"","sticky":false,"template":"","format":"standard","meta":{"footnotes":"","_share_on_mastodon":"0"},"categories":[1410],"tags":[814,462,63,1011,27,446,3047,766,517,60,97298],"class_list":["post-1157859","post","type-post","status-publish","format-standard","has-post-thumbnail","category-football","tag-direct","tag-fc-nantes","tag-football","tag-fr","tag-france","tag-ligue-2","tag-loire-atlantique","tag-nantes","tag-sport","tag-sports","tag-transferts-mercato"],"share_on_mastodon":{"url":"https:\/\/pubeurope.com\/@fr\/117186047756598126","error":""},"_links":{"self":[{"href":"https:\/\/www.europesays.com\/fr\/wp-json\/wp\/v2\/posts\/1157859","targetHints":{"allow":["GET"]}}],"collection":[{"href":"https:\/\/www.europesays.com\/fr\/wp-json\/wp\/v2\/posts"}],"about":[{"href":"https:\/\/www.europesays.com\/fr\/wp-json\/wp\/v2\/types\/post"}],"author":[{"embeddable":true,"href":"https:\/\/www.europesays.com\/fr\/wp-json\/wp\/v2\/users\/2"}],"replies":[{"embeddable":true,"href":"https:\/\/www.europesays.com\/fr\/wp-json\/wp\/v2\/comments?post=1157859"}],"version-history":[{"count":0,"href":"https:\/\/www.europesays.com\/fr\/wp-json\/wp\/v2\/posts\/1157859\/revisions"}],"wp:featuredmedia":[{"embeddable":true,"href":"https:\/\/www.europesays.com\/fr\/wp-json\/wp\/v2\/media\/1157860"}],"wp:attachment":[{"href":"https:\/\/www.europesays.com\/fr\/wp-json\/wp\/v2\/media?parent=1157859"}],"wp:term":[{"taxonomy":"category","embeddable":true,"href":"https:\/\/www.europesays.com\/fr\/wp-json\/wp\/v2\/categories?post=1157859"},{"taxonomy":"post_tag","embeddable":true,"href":"https:\/\/www.europesays.com\/fr\/wp-json\/wp\/v2\/tags?post=1157859"}],"curies":[{"name":"wp","href":"https:\/\/api.w.org\/{rel}","templated":true}]}}