{"id":1157869,"date":"2026-08-30T19:18:23","date_gmt":"2026-08-30T19:18:23","guid":{"rendered":"https:\/\/www.europesays.com\/fr\/1157869\/"},"modified":"2026-08-30T19:18:23","modified_gmt":"2026-08-30T19:18:23","slug":"dijon-visionner-les-huit-films-harry-potter-en-deux-jours-eux-lont-fait","status":"publish","type":"post","link":"https:\/\/www.europesays.com\/fr\/1157869\/","title":{"rendered":"Dijon. Visionner les huit films Harry Potter en deux jours\u2026 Eux l\u2019ont fait"},"content":{"rendered":"<p>Il est pr\u00e8s de 10 heures, et le Cin\u00e9ville de l\u2019avenue Foch \u00e0 Dijon va bient\u00f4t ouvrir. \u00c0 l\u2019entr\u00e9e, sont mass\u00e9es une vingtaine de personnes qui s\u2019appr\u00eatent \u00e0 aller regarder les quatre derniers films de la saga Harry Potter , rediffus\u00e9s \u00e0 l\u2019occasion d\u2019un marathon. Certains spectateurs se sont amus\u00e9s \u00e0 rev\u00eatir des robes, ou encore \u00e0 apporter des baguettes. Et pour l\u2019occasion, le cin\u00e9ma a jou\u00e9 le jeu en redoublant d\u2019efforts pour recr\u00e9er les ambiances des films, \u00e0 grand renfort de clin d\u2019\u0153il et d\u2019animations.<\/p>\n<p>Morgane et Micha\u00ebl, 26 ans, sont venus ensemble pour assister aux quatre derniers volets de <a href=\"https:\/\/www.bienpublic.com\/culture-loisirs\/2025\/02\/14\/la-boutique-dediee-a-harry-potter-va-fermer\" target=\"_blank\" rel=\"nofollow noopener\">Harry Potter<\/a>. Chacun a son film pr\u00e9f\u00e9r\u00e9, notamment Le Prisonnier d\u2019Azkaban ou Le Prince de Sang-M\u00eal\u00e9 pour la jeune&#8230;<\/p>\n","protected":false},"excerpt":{"rendered":"Il est pr\u00e8s de 10 heures, et le Cin\u00e9ville de l\u2019avenue Foch \u00e0 Dijon va bient\u00f4t ouvrir. \u00c0&hellip;\n","protected":false},"author":2,"featured_media":1157870,"comment_status":"","ping_status":"","sticky":false,"template":"","format":"standard","meta":{"footnotes":"","_share_on_mastodon":"0"},"categories":[1354],"tags":[650,1687,2930,8587,58,8588,59,107,1346,1011,27,1360],"class_list":["post-1157869","post","type-post","status-publish","format-standard","has-post-thumbnail","category-films","tag-cinema","tag-culture-loisirs","tag-dijon","tag-dijon-ville","tag-divertissement","tag-edition-dijon-et-son-agglomeration","tag-entertainment","tag-fil-info","tag-films","tag-fr","tag-france","tag-movies"],"share_on_mastodon":{"url":"https:\/\/pubeurope.com\/@fr\/117186075952422279","error":""},"_links":{"self":[{"href":"https:\/\/www.europesays.com\/fr\/wp-json\/wp\/v2\/posts\/1157869","targetHints":{"allow":["GET"]}}],"collection":[{"href":"https:\/\/www.europesays.com\/fr\/wp-json\/wp\/v2\/posts"}],"about":[{"href":"https:\/\/www.europesays.com\/fr\/wp-json\/wp\/v2\/types\/post"}],"author":[{"embeddable":true,"href":"https:\/\/www.europesays.com\/fr\/wp-json\/wp\/v2\/users\/2"}],"replies":[{"embeddable":true,"href":"https:\/\/www.europesays.com\/fr\/wp-json\/wp\/v2\/comments?post=1157869"}],"version-history":[{"count":0,"href":"https:\/\/www.europesays.com\/fr\/wp-json\/wp\/v2\/posts\/1157869\/revisions"}],"wp:featuredmedia":[{"embeddable":true,"href":"https:\/\/www.europesays.com\/fr\/wp-json\/wp\/v2\/media\/1157870"}],"wp:attachment":[{"href":"https:\/\/www.europesays.com\/fr\/wp-json\/wp\/v2\/media?parent=1157869"}],"wp:term":[{"taxonomy":"category","embeddable":true,"href":"https:\/\/www.europesays.com\/fr\/wp-json\/wp\/v2\/categories?post=1157869"},{"taxonomy":"post_tag","embeddable":true,"href":"https:\/\/www.europesays.com\/fr\/wp-json\/wp\/v2\/tags?post=1157869"}],"curies":[{"name":"wp","href":"https:\/\/api.w.org\/{rel}","templated":true}]}}