{"id":1157881,"date":"2026-08-30T19:24:19","date_gmt":"2026-08-30T19:24:19","guid":{"rendered":"https:\/\/www.europesays.com\/fr\/1157881\/"},"modified":"2026-08-30T19:24:19","modified_gmt":"2026-08-30T19:24:19","slug":"insoutenable-des-chefs-militaires-americains-alertent-le-secretaire-a-la-defense-sur-la-situation-en-iran","status":"publish","type":"post","link":"https:\/\/www.europesays.com\/fr\/1157881\/","title":{"rendered":"\u00ab\u00a0Insoutenable\u00a0\u00bb\u00a0: des chefs militaires am\u00e9ricains alertent le secr\u00e9taire \u00e0 la D\u00e9fense sur la situation en Iran"},"content":{"rendered":"<p class=\"ap-StoryElement ap-StoryElement--mb ap-StoryText\"><a href=\"https:\/\/www.lalibre.be\/international\/moyen-orient\/iran\/2026\/08\/30\/a-court-terme-les-iraniens-vont-tenir-a-plus-long-terme-ca-va-etre-catastrophique-L2SENO555VANZFENC4GURBX5DU\/\" target=\"_blank\" rel=\"noreferrer noopener nofollow\">Les \u00c9tats-Unis ont r\u00e9cemment sorti diverses sanctions afin d'\u00a0\u00bb asphyxier\u00a0\u00bb financi\u00e8rement l&rsquo;Iran<\/a>. De son c\u00f4t\u00e9, le pr\u00e9sident iranien a affirm\u00e9 que Washington n&rsquo;obtiendrait \u00ab\u00a0rien de sa pression \u00e9conomique \u00e0 ce stade, tout comme il n&rsquo;avait rien obtenu pendant la guerre\u00a0\u00bb. Dans une vid\u00e9o, le r\u00e9gime iranien a promis 10 millions de dollars en \u00e9change de la t\u00eate de Barron Trump.<\/p>\n<p><a href=\"https:\/\/www.lalibre.be\/international\/moyen-orient\/iran\/2026\/08\/30\/a-court-terme-les-iraniens-vont-tenir-a-plus-long-terme-ca-va-etre-catastrophique-L2SENO555VANZFENC4GURBX5DU\/\" target=\"_self\" class=\"ap-StoryInterstitialLink ap-StoryElement ap-StoryElement--mb\" rel=\"nofollow noopener\">\u00ab\u00a0\u00c0 court terme, les Iraniens vont tenir. \u00c0 plus long terme, \u00e7a va \u00eatre catastrophique\u00a0\u00bb<\/a><\/p>\n<p class=\"ap-StoryElement ap-StoryElement--mb ap-StoryText\">Nos confr\u00e8res de <a href=\"https:\/\/www.hln.be\/buitenland\/amerikaanse-militaire-leiders-waarschuwen-dat-doorzetten-van-oorlog-tegen-iran-onhoudbaar-is~ac0d467e\/\" target=\"_blank\" rel=\"noreferrer noopener nofollow\">HLN <\/a>relaient ce dimanche des informations du Washington Post. Selon celles-ci, plusieurs chefs militaires am\u00e9ricains ont alert\u00e9 le secr\u00e9taire \u00e0 la D\u00e9fense <a href=\"https:\/\/www.lalibre.be\/international\/amerique\/2026\/04\/02\/pete-hegseth-demande-au-chef-detat-major-de-larmee-de-terre-de-demissionner-D4LWMJM4SRAEFBTXTMOMOUUMEI\/\" target=\"_self\" rel=\"nofollow noopener\">Pete Hegseth<\/a> sur la situation en Iran. Selon eux, prolonger des op\u00e9rations \u00e0 grande \u00e9chelle contre l&rsquo;Iran serait \u00ab\u00a0insoutenable\u00a0\u00bb pour les \u00c9tats-Unis. Ils auraient expliqu\u00e9 que poursuivre la guerre risquerait de r\u00e9duire la capacit\u00e9 des \u00c9tats-Unis \u00e0 faire face aux menaces venues d&rsquo;ailleurs. De son c\u00f4t\u00e9, Donald Trump continue de faire pression sur T\u00e9h\u00e9ran pour rouvrir le d\u00e9troit d&rsquo;Ormuz.<\/p>\n","protected":false},"excerpt":{"rendered":"Les \u00c9tats-Unis ont r\u00e9cemment sorti diverses sanctions afin d&rsquo;\u00a0\u00bb asphyxier\u00a0\u00bb financi\u00e8rement l&rsquo;Iran. De son c\u00f4t\u00e9, le pr\u00e9sident iranien&hellip;\n","protected":false},"author":2,"featured_media":1157882,"comment_status":"","ping_status":"","sticky":false,"template":"","format":"standard","meta":{"footnotes":"","_share_on_mastodon":"0"},"categories":[5],"tags":[11,75,1011,27,14,3019,12,28],"class_list":["post-1157881","post","type-post","status-publish","format-standard","has-post-thumbnail","category-international","tag-actualites","tag-donald-trump","tag-fr","tag-france","tag-international","tag-iran","tag-news","tag-world"],"share_on_mastodon":{"url":"https:\/\/pubeurope.com\/@fr\/117186098824509196","error":""},"_links":{"self":[{"href":"https:\/\/www.europesays.com\/fr\/wp-json\/wp\/v2\/posts\/1157881","targetHints":{"allow":["GET"]}}],"collection":[{"href":"https:\/\/www.europesays.com\/fr\/wp-json\/wp\/v2\/posts"}],"about":[{"href":"https:\/\/www.europesays.com\/fr\/wp-json\/wp\/v2\/types\/post"}],"author":[{"embeddable":true,"href":"https:\/\/www.europesays.com\/fr\/wp-json\/wp\/v2\/users\/2"}],"replies":[{"embeddable":true,"href":"https:\/\/www.europesays.com\/fr\/wp-json\/wp\/v2\/comments?post=1157881"}],"version-history":[{"count":0,"href":"https:\/\/www.europesays.com\/fr\/wp-json\/wp\/v2\/posts\/1157881\/revisions"}],"wp:featuredmedia":[{"embeddable":true,"href":"https:\/\/www.europesays.com\/fr\/wp-json\/wp\/v2\/media\/1157882"}],"wp:attachment":[{"href":"https:\/\/www.europesays.com\/fr\/wp-json\/wp\/v2\/media?parent=1157881"}],"wp:term":[{"taxonomy":"category","embeddable":true,"href":"https:\/\/www.europesays.com\/fr\/wp-json\/wp\/v2\/categories?post=1157881"},{"taxonomy":"post_tag","embeddable":true,"href":"https:\/\/www.europesays.com\/fr\/wp-json\/wp\/v2\/tags?post=1157881"}],"curies":[{"name":"wp","href":"https:\/\/api.w.org\/{rel}","templated":true}]}}