{"id":1157898,"date":"2026-08-30T19:38:14","date_gmt":"2026-08-30T19:38:14","guid":{"rendered":"https:\/\/www.europesays.com\/fr\/1157898\/"},"modified":"2026-08-30T19:38:14","modified_gmt":"2026-08-30T19:38:14","slug":"eau-quel-weekend-rentree-festive-au-domaine-de-vizille","status":"publish","type":"post","link":"https:\/\/www.europesays.com\/fr\/1157898\/","title":{"rendered":"\u00ab\u00a0Eau, quel weekend\u00a0!\u00a0\u00bb\u00a0 Rentr\u00e9e festive au Domaine de Vizille"},"content":{"rendered":"<p>Pour mieux conna\u00eetre le parc qui accueille ces festivit\u00e9s, des visites flash de 20 minutes auront lieu en continu tout le weekend de 11h \u00e0 17h, dont une visite \u00ab\u00a0hydro\u00a0\u00bb sp\u00e9cifique sur le syst\u00e8me de canaux qui l\u2019irrigue depuis le 17\u00e8me si\u00e8cle, \u00e0 11h30 (dur\u00e9e : 1h).<\/p>\n<p>Et pour les amoureux.ses de nature, des temps d\u2019observation des \u00e9tangs et des canaux sont propos\u00e9es\u00a0 pour devenir incollables sur la faune sous-marine.<\/p>\n<p>Enfin, tout est pr\u00e9vu pour faciliter votre venue\u00a0: buvette, food trucks vous permettront de vous hydrater et de vous sustenter, sans sortir du domaine.<\/p>\n<p>Un bar \u00e0 eaux vous invite m\u00eame \u00e0 d\u00e9velopper vos papilles les plus subtiles\u00a0: guid\u00e9\u2022es par une sommeli\u00e8re, vous deviendrez expert\u2022es des diverses saveurs du pr\u00e9cieux breuvage, et pourrez remporter des lots.<\/p>\n<p>En cas de\u2026pluie (\u00a0!), le programme est susceptible d\u2019\u00eatre modifi\u00e9, on vous invite \u00e0 suivre la page Instagram @culture.isere pour conna\u00eetre les derni\u00e8res infos.<\/p>\n<p>\u00ab\u00a0Eau, quel weekend\u00a0\u00bb\u2026 pour une rentr\u00e9e qui ressource\u00a0!<\/p>\n","protected":false},"excerpt":{"rendered":"Pour mieux conna\u00eetre le parc qui accueille ces festivit\u00e9s, des visites flash de 20 minutes auront lieu en&hellip;\n","protected":false},"author":2,"featured_media":1157899,"comment_status":"","ping_status":"","sticky":false,"template":"","format":"standard","meta":{"footnotes":"","_share_on_mastodon":"0"},"categories":[9566],"tags":[1111,11,2430,1777,674,1011,27,2731,12,25],"class_list":["post-1157898","post","type-post","status-publish","format-standard","has-post-thumbnail","category-grenoble","tag-actu","tag-actualites","tag-auvergne-rhone-alpes","tag-eu","tag-europe","tag-fr","tag-france","tag-grenoble","tag-news","tag-republique-francaise"],"share_on_mastodon":{"url":"https:\/\/pubeurope.com\/@fr\/117186153998901456","error":""},"_links":{"self":[{"href":"https:\/\/www.europesays.com\/fr\/wp-json\/wp\/v2\/posts\/1157898","targetHints":{"allow":["GET"]}}],"collection":[{"href":"https:\/\/www.europesays.com\/fr\/wp-json\/wp\/v2\/posts"}],"about":[{"href":"https:\/\/www.europesays.com\/fr\/wp-json\/wp\/v2\/types\/post"}],"author":[{"embeddable":true,"href":"https:\/\/www.europesays.com\/fr\/wp-json\/wp\/v2\/users\/2"}],"replies":[{"embeddable":true,"href":"https:\/\/www.europesays.com\/fr\/wp-json\/wp\/v2\/comments?post=1157898"}],"version-history":[{"count":0,"href":"https:\/\/www.europesays.com\/fr\/wp-json\/wp\/v2\/posts\/1157898\/revisions"}],"wp:featuredmedia":[{"embeddable":true,"href":"https:\/\/www.europesays.com\/fr\/wp-json\/wp\/v2\/media\/1157899"}],"wp:attachment":[{"href":"https:\/\/www.europesays.com\/fr\/wp-json\/wp\/v2\/media?parent=1157898"}],"wp:term":[{"taxonomy":"category","embeddable":true,"href":"https:\/\/www.europesays.com\/fr\/wp-json\/wp\/v2\/categories?post=1157898"},{"taxonomy":"post_tag","embeddable":true,"href":"https:\/\/www.europesays.com\/fr\/wp-json\/wp\/v2\/tags?post=1157898"}],"curies":[{"name":"wp","href":"https:\/\/api.w.org\/{rel}","templated":true}]}}