{"id":1157900,"date":"2026-08-30T19:40:54","date_gmt":"2026-08-30T19:40:54","guid":{"rendered":"https:\/\/www.europesays.com\/fr\/1157900\/"},"modified":"2026-08-30T19:40:54","modified_gmt":"2026-08-30T19:40:54","slug":"grenoble-il-faudra-attendre-le-12-septembre-pour-se-baigner-dans-lisere","status":"publish","type":"post","link":"https:\/\/www.europesays.com\/fr\/1157900\/","title":{"rendered":"Grenoble\u00a0: il faudra attendre le 12 septembre pour se baigner dans l&rsquo;Is\u00e8re"},"content":{"rendered":"<p>Pr\u00e9vue initialement ce dimanche 30 ao\u00fbt, la mairie annonce son report en raison d&rsquo;une qualit\u00e9 de l&rsquo;eau non conforme aux normes. <\/p>\n<p>C&rsquo;\u00e9tait une proposition de la candidate Laurence Ruffin\u00a0: donner la possibilit\u00e9 aux Grenoblois de se baigner dans l&rsquo;Is\u00e8re. Pr\u00e9vue ce dimanche 30 ao\u00fbt, la baignade dans l\u2019Is\u00e8re est finalement report\u00e9e au samedi 12 septembre annonce dans un communiqu\u00e9 la Ville de Grenoble. La raison\u00a0? L&rsquo;eau n&rsquo;est pas d&rsquo;assez bonne qualit\u00e9. \u00ab\u00a0Plusieurs analyses microbiologiques r\u00e9alis\u00e9es au cours de l\u2019\u00e9t\u00e9 ont pr\u00e9sent\u00e9 des r\u00e9sultats conformes, souligne le communiqu\u00e9. La qualit\u00e9 chimique de l\u2019eau est par ailleurs g\u00e9n\u00e9ralement stable et les donn\u00e9es disponibles sont globalement favorables \u00e0 une baignade dans l\u2019Is\u00e8re. Toutefois, <strong>les derni\u00e8res analyses microbiologiques r\u00e9alis\u00e9es en cette fin de semaine par un laboratoire ind\u00e9pendant montrent un d\u00e9passement du seuil recommand\u00e9 par l\u2019Agence r\u00e9gionale de sant\u00e9<\/strong> (ARS).\u00a0\u00bb Une animation est toutefois pr\u00e9vue le 30 ao\u00fbt\u00a0: \u00ab\u00a0les associations et collectifs partenaires, le Collectif des gens qui ont chaud et le Parlement de la rivi\u00e8re Is\u00e8re, seront pr\u00e9sents sur le site pr\u00e9vu pour informer le public sur la baignade, la rivi\u00e8re et les conditions d\u2019une pratique responsable\u00a0\u00bb poursuit le communiqu\u00e9 avant de donner rendez-vous le 12 ao\u00fbt.<\/p>\n","protected":false},"excerpt":{"rendered":"Pr\u00e9vue initialement ce dimanche 30 ao\u00fbt, la mairie annonce son report en raison d&rsquo;une qualit\u00e9 de l&rsquo;eau non&hellip;\n","protected":false},"author":2,"featured_media":1153534,"comment_status":"","ping_status":"","sticky":false,"template":"","format":"standard","meta":{"footnotes":"","_share_on_mastodon":"0"},"categories":[9566],"tags":[1111,11,2430,1777,674,1011,27,2731,12,25],"class_list":["post-1157900","post","type-post","status-publish","format-standard","has-post-thumbnail","category-grenoble","tag-actu","tag-actualites","tag-auvergne-rhone-alpes","tag-eu","tag-europe","tag-fr","tag-france","tag-grenoble","tag-news","tag-republique-francaise"],"share_on_mastodon":{"url":"https:\/\/pubeurope.com\/@fr\/117186165742501469","error":""},"_links":{"self":[{"href":"https:\/\/www.europesays.com\/fr\/wp-json\/wp\/v2\/posts\/1157900","targetHints":{"allow":["GET"]}}],"collection":[{"href":"https:\/\/www.europesays.com\/fr\/wp-json\/wp\/v2\/posts"}],"about":[{"href":"https:\/\/www.europesays.com\/fr\/wp-json\/wp\/v2\/types\/post"}],"author":[{"embeddable":true,"href":"https:\/\/www.europesays.com\/fr\/wp-json\/wp\/v2\/users\/2"}],"replies":[{"embeddable":true,"href":"https:\/\/www.europesays.com\/fr\/wp-json\/wp\/v2\/comments?post=1157900"}],"version-history":[{"count":0,"href":"https:\/\/www.europesays.com\/fr\/wp-json\/wp\/v2\/posts\/1157900\/revisions"}],"wp:featuredmedia":[{"embeddable":true,"href":"https:\/\/www.europesays.com\/fr\/wp-json\/wp\/v2\/media\/1153534"}],"wp:attachment":[{"href":"https:\/\/www.europesays.com\/fr\/wp-json\/wp\/v2\/media?parent=1157900"}],"wp:term":[{"taxonomy":"category","embeddable":true,"href":"https:\/\/www.europesays.com\/fr\/wp-json\/wp\/v2\/categories?post=1157900"},{"taxonomy":"post_tag","embeddable":true,"href":"https:\/\/www.europesays.com\/fr\/wp-json\/wp\/v2\/tags?post=1157900"}],"curies":[{"name":"wp","href":"https:\/\/api.w.org\/{rel}","templated":true}]}}