{"id":1157907,"date":"2026-08-30T19:49:31","date_gmt":"2026-08-30T19:49:31","guid":{"rendered":"https:\/\/www.europesays.com\/fr\/1157907\/"},"modified":"2026-08-30T19:49:31","modified_gmt":"2026-08-30T19:49:31","slug":"un-homme-se-noie-sous-les-yeux-de-son-fils-au-large-de-nice","status":"publish","type":"post","link":"https:\/\/www.europesays.com\/fr\/1157907\/","title":{"rendered":"Un homme se noie sous les yeux de son fils au large de Nice"},"content":{"rendered":"<p>Un homme d\u2019environ 45 ans est mort noy\u00e9 ce samedi au large des plages de La R\u00e9serve et de Coco Beach, \u00e0 Nice, malgr\u00e9 les tentatives de r\u00e9animation des pompiers.<\/p>\n<p>Les sapeurs-pompiers de <a href=\"https:\/\/www.bfmtv.com\/cote-d-azur\/replay-emissions\/bonsoir-cote-d-azur\/video-le-plan-climatisation-de-la-ville-de-nice-deploye-dans-les-ecoles-nicoises_VN-202608250644.html\" title=\"Le plan climatisation de la ville de Nice d\u00e9ploy\u00e9 dans les \u00e9coles ni\u00e7oises\" class=\"internal_link\" rel=\"nofollow noopener\" target=\"_blank\">Nice<\/a> ont re\u00e7u ce samedi 29 ao\u00fbt, vers 15h, un appel signalant qu\u2019un homme d\u2019environ 45 ans flottait et ne bougeait plus, \u00e0 une trentaine de m\u00e8tres du bord, au large des plages de La R\u00e9serve et de Coco Beach.<\/p>\n<p>\u00c0 leur arriv\u00e9e sur place, les <a href=\"https:\/\/www.bfmtv.com\/societe\/les-sapeurs-pompiers-annoncent-le-depot-d-un-preavis-de-greve-du-8-septembre-au-20-octobre_AD-202608280569.html\" title=\"Les sapeurs-pompiers annoncent le d\u00e9p\u00f4t d&#039;un pr\u00e9avis de gr\u00e8ve du 8 septembre au 20 octobre\" class=\"internal_link\" rel=\"nofollow noopener\" target=\"_blank\">pompiers<\/a> ont tent\u00e9 de r\u00e9animer la victime, qui \u00e9tait en arr\u00eat cardiorespiratoire. Malgr\u00e9 leurs efforts, l\u2019homme est malheureusement d\u00e9c\u00e9d\u00e9, a appris BFM Nice C\u00f4te d\u2019Azur aupr\u00e8s des pompiers.<\/p>\n<p>Cette sc\u00e8ne dramatique s\u2019est d\u00e9roul\u00e9e alors que son fils, \u00e2g\u00e9 d\u2019une dizaine d\u2019ann\u00e9es, se trouvait sur la plage.<\/p>\n<p>La baignade interdite sur plusieurs plages de Nice<\/p>\n<p>Six v\u00e9hicules de pompiers et douze sapeurs-pompiers, dont une \u00e9quipe de secours aquatique, ont \u00e9t\u00e9 mobilis\u00e9s. La police municipale et la police nationale \u00e9taient aussi pr\u00e9sentes sur les lieux.<\/p>\n<p>La houle \u00e9tant particuli\u00e8rement importante sur plusieurs plages de l\u2019est de la commune, le drapeau rouge, interdisant la baignade, a \u00e9t\u00e9 hiss\u00e9 sur plusieurs postes de secours.<\/p>\n<p><img loading=\"lazy\" decoding=\"async\" src=\"https:\/\/www.europesays.com\/fr\/wp-content\/uploads\/2026\/08\/placeholder_lcp_video.96eed35e85390f3458d7c37050ae758e.webp\" width=\"16\" height=\"9\" alt=\"placeholder video\" class=\"bitmovin-placeholder\"\/><\/p>\n<p>D\u2019apr\u00e8s le dernier bilan de Sant\u00e9 publique France, 925 noyades ont \u00e9t\u00e9 recens\u00e9es entre le 1er mai et le 15 juillet 2026. Un nombre en augmentation de 14% par rapport \u00e0 2025 pour la m\u00eame p\u00e9riode.<\/p>\n","protected":false},"excerpt":{"rendered":"Un homme d\u2019environ 45 ans est mort noy\u00e9 ce samedi au large des plages de La R\u00e9serve et&hellip;\n","protected":false},"author":2,"featured_media":1157908,"comment_status":"","ping_status":"","sticky":false,"template":"","format":"standard","meta":{"footnotes":"","_share_on_mastodon":"0"},"categories":[2819],"tags":[1111,11,1777,674,1011,27,12,2401,882,25],"class_list":["post-1157907","post","type-post","status-publish","format-standard","has-post-thumbnail","category-nice","tag-actu","tag-actualites","tag-eu","tag-europe","tag-fr","tag-france","tag-news","tag-nice","tag-provence-alpes-cote-dazur","tag-republique-francaise"],"share_on_mastodon":{"url":"https:\/\/pubeurope.com\/@fr\/117186198836186881","error":""},"_links":{"self":[{"href":"https:\/\/www.europesays.com\/fr\/wp-json\/wp\/v2\/posts\/1157907","targetHints":{"allow":["GET"]}}],"collection":[{"href":"https:\/\/www.europesays.com\/fr\/wp-json\/wp\/v2\/posts"}],"about":[{"href":"https:\/\/www.europesays.com\/fr\/wp-json\/wp\/v2\/types\/post"}],"author":[{"embeddable":true,"href":"https:\/\/www.europesays.com\/fr\/wp-json\/wp\/v2\/users\/2"}],"replies":[{"embeddable":true,"href":"https:\/\/www.europesays.com\/fr\/wp-json\/wp\/v2\/comments?post=1157907"}],"version-history":[{"count":0,"href":"https:\/\/www.europesays.com\/fr\/wp-json\/wp\/v2\/posts\/1157907\/revisions"}],"wp:featuredmedia":[{"embeddable":true,"href":"https:\/\/www.europesays.com\/fr\/wp-json\/wp\/v2\/media\/1157908"}],"wp:attachment":[{"href":"https:\/\/www.europesays.com\/fr\/wp-json\/wp\/v2\/media?parent=1157907"}],"wp:term":[{"taxonomy":"category","embeddable":true,"href":"https:\/\/www.europesays.com\/fr\/wp-json\/wp\/v2\/categories?post=1157907"},{"taxonomy":"post_tag","embeddable":true,"href":"https:\/\/www.europesays.com\/fr\/wp-json\/wp\/v2\/tags?post=1157907"}],"curies":[{"name":"wp","href":"https:\/\/api.w.org\/{rel}","templated":true}]}}