{"id":1157909,"date":"2026-08-30T19:51:21","date_gmt":"2026-08-30T19:51:21","guid":{"rendered":"https:\/\/www.europesays.com\/fr\/1157909\/"},"modified":"2026-08-30T19:51:21","modified_gmt":"2026-08-30T19:51:21","slug":"coulibaly-titulaire-detourbet-sur-le-banc-decouvrez-la-composition-de-las-monaco-pour-la-reception-de-lom","status":"publish","type":"post","link":"https:\/\/www.europesays.com\/fr\/1157909\/","title":{"rendered":"Coulibaly titulaire, Detourbet sur le banc : d\u00e9couvrez la composition de l\u2019AS Monaco pour la r\u00e9ception de l\u2019OM"},"content":{"rendered":"<p>Jamais deux sans trois. L\u2019AS Monaco re\u00e7oit l\u2019Olympique de Marseille, ce dimanche soir au stade Louis-II, et se pr\u00e9sentara avec le m\u00eame 11\u00a0de d\u00e9part que lors de ses deux matchs pr\u00e9c\u00e9dents.<\/p>\n<p>Pas illogique puisqu\u2019il s\u2019agissait de deux victoires. Jeudi soir, \u00e0 l\u2019issue de la victoire face \u00e0 Zabrze en barrage retour de Conference League, <strong>Filipe Luis avait en plus laiss\u00e9 entendre que les joueurs pouvaient (et devaient) encha\u00eener.<\/strong><\/p>\n<p><strong>Il a donc opt\u00e9 pour la continuit\u00e9<\/strong>, malgr\u00e9 <a href=\"https:\/\/www.nicematin.com\/sports\/football\/le-monegasque-matthis-abline-sera-disponible-pour-la-reception-de-marseille-ce-dimanche-10713901\" rel=\"nofollow noopener\" target=\"_blank\">le retour dans le groupe de Matthis Abline<\/a> (remis de sa blessure au pied). Potentiellement partant d\u2019ici la fin du mercato, Lamine Camara est bien titulaire au milieu de terrain et fera la paire avec Denis Zakaria.<\/p>\n<p>        <img id=\"article-thumbnail-5\" src=\"https:\/\/www.europesays.com\/fr\/wp-content\/uploads\/2026\/08\/ARTVIEW-10713965-1200-800-676232a_ftp-1-tobahn7qrkym-00767430-000010.jpg\"   width=\"600\" height=\"400\" loading=\"lazy\" decoding=\"async\" alt=\"Brunner et les Mon\u00e9gasques re\u00e7oivent l\u2019OM pour leur match le plus relev\u00e9 du d\u00e9but de saison.\" class=\"img-fluid position-absolute w-100 h-100 object-fit-cover rounded-2\"\/><\/p>\n<p class=\"fs-5 \">Dans le couloir gauche de la d\u00e9fense, <strong>Flavio Nazinho est de nouveau pr\u00e9f\u00e9r\u00e9 \u00e0 Christian Mawissa. <\/strong>Mamadou Coulibaly, lui, encha\u00eene en tant que milieu offensif droit et Mathys Detourbet d\u00e9bute une troisi\u00e8me fois de suite sur le banc.<\/p>\n<p class=\"fs-5 \"><strong>La composition : <\/strong>Hradecky &#8211; Vanderson, San\u00e9, Dier, Nazinho &#8211; Camara, Zakaria (c) &#8211; Coulibaly, Golovin, Idumbo &#8211; Brunner.<\/p>\n","protected":false},"excerpt":{"rendered":"Jamais deux sans trois. L\u2019AS Monaco re\u00e7oit l\u2019Olympique de Marseille, ce dimanche soir au stade Louis-II, et se&hellip;\n","protected":false},"author":2,"featured_media":1157910,"comment_status":"","ping_status":"","sticky":false,"template":"","format":"standard","meta":{"footnotes":"","_share_on_mastodon":"0"},"categories":[2819],"tags":[1111,11,2266,1777,674,1011,27,12,2401,882,25],"class_list":["post-1157909","post","type-post","status-publish","format-standard","has-post-thumbnail","category-nice","tag-actu","tag-actualites","tag-as-monaco","tag-eu","tag-europe","tag-fr","tag-france","tag-news","tag-nice","tag-provence-alpes-cote-dazur","tag-republique-francaise"],"share_on_mastodon":{"url":"","error":""},"_links":{"self":[{"href":"https:\/\/www.europesays.com\/fr\/wp-json\/wp\/v2\/posts\/1157909","targetHints":{"allow":["GET"]}}],"collection":[{"href":"https:\/\/www.europesays.com\/fr\/wp-json\/wp\/v2\/posts"}],"about":[{"href":"https:\/\/www.europesays.com\/fr\/wp-json\/wp\/v2\/types\/post"}],"author":[{"embeddable":true,"href":"https:\/\/www.europesays.com\/fr\/wp-json\/wp\/v2\/users\/2"}],"replies":[{"embeddable":true,"href":"https:\/\/www.europesays.com\/fr\/wp-json\/wp\/v2\/comments?post=1157909"}],"version-history":[{"count":0,"href":"https:\/\/www.europesays.com\/fr\/wp-json\/wp\/v2\/posts\/1157909\/revisions"}],"wp:featuredmedia":[{"embeddable":true,"href":"https:\/\/www.europesays.com\/fr\/wp-json\/wp\/v2\/media\/1157910"}],"wp:attachment":[{"href":"https:\/\/www.europesays.com\/fr\/wp-json\/wp\/v2\/media?parent=1157909"}],"wp:term":[{"taxonomy":"category","embeddable":true,"href":"https:\/\/www.europesays.com\/fr\/wp-json\/wp\/v2\/categories?post=1157909"},{"taxonomy":"post_tag","embeddable":true,"href":"https:\/\/www.europesays.com\/fr\/wp-json\/wp\/v2\/tags?post=1157909"}],"curies":[{"name":"wp","href":"https:\/\/api.w.org\/{rel}","templated":true}]}}