{"id":1157911,"date":"2026-08-30T19:52:20","date_gmt":"2026-08-30T19:52:20","guid":{"rendered":"https:\/\/www.europesays.com\/fr\/1157911\/"},"modified":"2026-08-30T19:52:20","modified_gmt":"2026-08-30T19:52:20","slug":"francois-ruffin-saffiche-aux-cotes-dolivier-faure-et-de-johanna-rolland-aux-journees-du-ps","status":"publish","type":"post","link":"https:\/\/www.europesays.com\/fr\/1157911\/","title":{"rendered":"Fran\u00e7ois Ruffin s\u2019affiche aux c\u00f4t\u00e9s d\u2019Olivier Faure et de Johanna Rolland aux journ\u00e9es du PS"},"content":{"rendered":"<p>Le chef-lieu du Loir-et-Cher accueille militants, \u00e9lus et sympathisants du Parti socialiste du 28 au 29\u00a0ao\u00fbt 2026. Parmi les invit\u00e9s, Fran\u00e7ois Ruffin, d\u00e9put\u00e9 de gauche et candidat \u00e0 la pr\u00e9sidentielle au nom de son petit parti Debout\u00a0!.<\/p>\n<p>L\u2019\u00e9lu de la Somme est arriv\u00e9 au c\u00f4t\u00e9 d\u2019Oliver Faure et de la maire de Nantes <a href=\"https:\/\/nantes.maville.com\/actu\/actudet_-projet-de-centre-de-retention-administrative-je-suis-visceralement-contre-dit-johanna-rolland-maire-ps-de-nantes_52716-7453681_actu.Htm\" target=\"_self\" rel=\"nofollow noopener\">Johanna Rolland<\/a> pour participer \u00e0 un d\u00e9bat sur le travail. Le premier a salu\u00e9 sa venue au campus socialiste, assurant sur ses r\u00e9seaux sociaux qu\u2019il serait toujours le bienvenu chez les socialistes, \u00e0 Blois comme ailleurs\u00a0\u00bb.<\/p>\n<blockquote class=\"twitter-tweet\" wp_automatic_readability=\"5.2323232323232\">\n<p lang=\"fr\" dir=\"ltr\">Merci Fran\u00e7ois pour ta venue au <a href=\"https:\/\/x.com\/hashtag\/CamPuS26?src=hash&amp;ref_src=twsrc%5Etfw\" rel=\"nofollow\">#CamPuS26<\/a> ! Tu seras toujours le bienvenu chez les socialistes, \u00e0 Blois comme ailleurs ! <a href=\"https:\/\/t.co\/htTVi9KfYd\" rel=\"nofollow\">pic.twitter.com\/htTVi9KfYd<\/a><\/p>\n<p>\u2014 Olivier Faure (@faureolivier) <a href=\"https:\/\/x.com\/faureolivier\/status\/2093658032353804480?ref_src=twsrc%5Etfw\" rel=\"nofollow\">August 29, 2026<\/a><\/p><\/blockquote>\n<blockquote class=\"twitter-tweet\" wp_automatic_readability=\"2.6050420168067\">\n<p lang=\"fr\" dir=\"ltr\">Bienvenue au campus <a href=\"https:\/\/x.com\/Francois_Ruffin?ref_src=twsrc%5Etfw\" rel=\"nofollow\">@Francois_Ruffin<\/a> ! <a href=\"https:\/\/t.co\/amRavLUGbm\" rel=\"nofollow\">pic.twitter.com\/amRavLUGbm<\/a><\/p>\n<p>\u2014 Johanna Rolland (@Johanna_Rolland) <a href=\"https:\/\/x.com\/Johanna_Rolland\/status\/2093632157902164411?ref_src=twsrc%5Etfw\" rel=\"nofollow\">August 29, 2026<\/a><\/p><\/blockquote>\n<p>La primaire, \u00ab\u00a0un suffrage censitaire\u00a0\u00bb<\/p>\n<p>Fran\u00e7ois Ruffin en a profit\u00e9 pour fustiger la primaire socialiste et d\u00e9mocratique entre le PS et Place publique. Donc il y a un regret, plus qu\u2019un regret de ce c\u00f4t\u00e9-l\u00e0, a-t-il dit devant la presse, comparant la primaire \u00e0 l\u2019entr\u00e9e d\u2019une bo\u00eete de nuit o\u00f9 il y a un videur qui vient vous dire\u00a0: \u201cNon, tu n\u2019as pas la bonne gueule\u201d.<\/p>\n<p>Lui plaidait pour une primaire large de la gauche et des \u00c9cologistes, avec les anciens Insoumis. Une position partag\u00e9e par le premier secr\u00e9taire du PS, Olivier Faure, ou la secr\u00e9taire nationale des \u00c9cologistes, Marine Tondelier,<\/p>\n<p>Il a regrett\u00e9 que la primaire soit un suffrage censitaire et qu\u2019\u00e0 la place de chercher \u00e0 l\u2019\u00e9largir au maximum, on ait une d\u00e9marche qui soit presque antipopulaire. <\/p>\n<p><a href=\"https:\/\/nantes.maville.com\/actu\/actudet_-canicule-francois-ruffin-en-loire-atlantique-pour-presenter-son-plan-national-contre-les-fortes-chaleurs-_52716-7402870_actu.Htm\" target=\"_self\" rel=\"nofollow noopener\"> <strong>\u00c0 LIRE AUSSI. Canicule\u00a0: Fran\u00e7ois Ruffin en Loire-Atlantique pour pr\u00e9senter son plan national contre les fortes chaleurs<\/strong> <\/a><\/p>\n<p>\u00ab\u00a0Un obstacle au vote des gens\u00a0\u00bb<\/p>\n<p>Selon lui, on cherche \u00e0 mettre un obstacle au vote des gens, plus qu\u2019\u00e0 les attirer, a-t-il encore d\u00e9velopp\u00e9, estimant que ce n\u2019est pas ce que doit faire la gauche aujourd\u2019hui. Il a ajout\u00e9\u00a0: Je pense qu\u2019Olivier\u00a0(Faure) et Johanna\u00a0(Rolland) en sont tout \u00e0 fait conscients.<\/p>\n<p>Fran\u00e7ois Ruffin dit ne pas vouloir des gauches irr\u00e9conciliables ou plus exactement [des] gauches qui ne veulent pas se r\u00e9concilier et qui se partagent le petit g\u00e2teau comme des parts de march\u00e9.<\/p>\n<p>Changement climatique<\/p>\n<p>Les d\u00e9bats entre chercheurs, \u00e9lus, syndicalistes ou militants se terminent \u00e0 Blois ce samedi 29\u00a0ao\u00fbt 2026. La premi\u00e8re \u00e9dile de Nantes participait notamment au d\u00e9bat \u00ab\u00a0Sommes-nous pr\u00eats \u00e0 un monde \u00e0 +\u00a04\u00a0\u00b0C\u00a0?\u00a0\u00bb.<\/p>\n<p>Cet \u00e9t\u00e9 a d\u00e9voil\u00e9 au grand jour le d\u00e9calage entre les besoins et les moyens pour faire face aux crises climatiques\u00a0\u00bb, a dit Johanna Rolland d\u00e9fendant les id\u00e9es d\u2019un \u00c9tat strat\u00e8ge et d\u2019une \u00e9cologie sociale pour r\u00e9pondre au changement climatique.<\/p>\n<p>\u00a0<\/p>\n<p>\t\t<script async src=\"https:\/\/platform.twitter.com\/widgets.js\" charset=\"utf-8\"><\/script><\/p>\n","protected":false},"excerpt":{"rendered":"Le chef-lieu du Loir-et-Cher accueille militants, \u00e9lus et sympathisants du Parti socialiste du 28 au 29\u00a0ao\u00fbt 2026. Parmi&hellip;\n","protected":false},"author":2,"featured_media":1157912,"comment_status":"","ping_status":"","sticky":false,"template":"","format":"standard","meta":{"footnotes":"","_share_on_mastodon":"0"},"categories":[2818],"tags":[1111,11,2084,19502,1777,674,13700,1011,27,11846,36294,23216,766,12,1766,2636,429,25,36295,53974],"class_list":["post-1157911","post","type-post","status-publish","format-standard","has-post-thumbnail","category-nantes","tag-actu","tag-actualites","tag-affiche","tag-cotes","tag-eu","tag-europe","tag-faure","tag-fr","tag-france","tag-francois","tag-johanna","tag-journees","tag-nantes","tag-news","tag-olivier","tag-pays-de-la-loire","tag-ps","tag-republique-francaise","tag-rolland","tag-ruffin"],"share_on_mastodon":{"url":"https:\/\/pubeurope.com\/@fr\/117186209078618359","error":""},"_links":{"self":[{"href":"https:\/\/www.europesays.com\/fr\/wp-json\/wp\/v2\/posts\/1157911","targetHints":{"allow":["GET"]}}],"collection":[{"href":"https:\/\/www.europesays.com\/fr\/wp-json\/wp\/v2\/posts"}],"about":[{"href":"https:\/\/www.europesays.com\/fr\/wp-json\/wp\/v2\/types\/post"}],"author":[{"embeddable":true,"href":"https:\/\/www.europesays.com\/fr\/wp-json\/wp\/v2\/users\/2"}],"replies":[{"embeddable":true,"href":"https:\/\/www.europesays.com\/fr\/wp-json\/wp\/v2\/comments?post=1157911"}],"version-history":[{"count":0,"href":"https:\/\/www.europesays.com\/fr\/wp-json\/wp\/v2\/posts\/1157911\/revisions"}],"wp:featuredmedia":[{"embeddable":true,"href":"https:\/\/www.europesays.com\/fr\/wp-json\/wp\/v2\/media\/1157912"}],"wp:attachment":[{"href":"https:\/\/www.europesays.com\/fr\/wp-json\/wp\/v2\/media?parent=1157911"}],"wp:term":[{"taxonomy":"category","embeddable":true,"href":"https:\/\/www.europesays.com\/fr\/wp-json\/wp\/v2\/categories?post=1157911"},{"taxonomy":"post_tag","embeddable":true,"href":"https:\/\/www.europesays.com\/fr\/wp-json\/wp\/v2\/tags?post=1157911"}],"curies":[{"name":"wp","href":"https:\/\/api.w.org\/{rel}","templated":true}]}}