{"id":1157936,"date":"2026-08-30T20:09:16","date_gmt":"2026-08-30T20:09:16","guid":{"rendered":"https:\/\/www.europesays.com\/fr\/1157936\/"},"modified":"2026-08-30T20:09:16","modified_gmt":"2026-08-30T20:09:16","slug":"faure-candidat-a-la-primaire-lislande-dit-non-a-lue-agression-homophobe-a-paris-cinq-infos-a-retenir-du-week-end","status":"publish","type":"post","link":"https:\/\/www.europesays.com\/fr\/1157936\/","title":{"rendered":"Faure candidat \u00e0 la primaire, l\u2019Islande dit \u00ab\u00a0non\u00a0\u00bb \u00e0 l\u2019UE, agression homophobe \u00e0 Paris\u2026 Cinq infos \u00e0 retenir du week-end"},"content":{"rendered":"<p class=\"mb-4 text-lg md:leading-8 break-words\">Vous avez d\u00e9croch\u00e9 de l&rsquo;actualit\u00e9 ces deux derniers jours\u00a0? \u00ab\u00a0Le Nouvel Obs\u00a0\u00bb vous propose un r\u00e9sum\u00e9 des principales informations \u00e0 retenir de ces samedi\u00a029\u00a0et dimanche 30\u00a0ao\u00fbt.<\/p>\n<p>\u2022 Faure se lance dans la primaire socialiste<\/p>\n<p class=\"mb-4 text-lg md:leading-8 break-words\">Le <a data-ylk=\"slk:premier secr\u00e9taire du PS, Olivier Faure;elm:context_link;itc:0;sec:content-canvas;\" data-yga=\"{&quot;yLinkElement&quot;:&quot;link&quot;,&quot;yLinkElementType&quot;:&quot;article_link&quot;}\" href=\"https:\/\/www.nouvelobs.com\/politique\/20260828.OBS117735\/il-n-a-aucune-chance-il-va-y-aller-pour-defendre-sa-ligne-olivier-faure-le-patron-du-ps-a-t-il-deja-perdu-la-primaire.html\" rel=\"noopener noreferrer nofollow\" target=\"_blank\">premier secr\u00e9taire du PS, Olivier Faure<\/a>, a \u00ab\u00a0pris la d\u00e9cision\u00a0\u00bb de se pr\u00e9senter \u00e0 la primaire de la gauche, a-t-il annonc\u00e9 dans la nuit de samedi \u00e0 ce dimanche aux d\u00e9put\u00e9s de son groupe. Il officialisera sa candidature ce dimanche au 20-heures de TF1. \u00ab\u00a0J&rsquo;ai beaucoup travaill\u00e9, j&rsquo;ai beaucoup \u00e9cout\u00e9, beaucoup r\u00e9fl\u00e9chi, je suis pr\u00eat\u00a0\u00bb, <a data-ylk=\"slk:a-t-il confi\u00e9 \u00e0 \u00ab\u00a0La Tribune Dimanche\u00a0\u00bb;elm:context_link;itc:0;sec:content-canvas;\" data-yga=\"{&quot;yLinkElement&quot;:&quot;link&quot;,&quot;yLinkElementType&quot;:&quot;article_link&quot;}\" href=\"https:\/\/www.latribune.fr\/article\/la-tribune-dimanche\/politique\/86786299751786\/je-suis-pret-olivier-faure-les-coulisses-d-une-candidature-imminente\" rel=\"noopener noreferrer nofollow\" target=\"_blank\">a-t-il confi\u00e9 \u00e0 \u00ab\u00a0La Tribune Dimanche\u00a0\u00bb<\/a>.<\/p>\n<p class=\"mb-4 text-lg md:leading-8 break-words\">C&rsquo;\u00e9tait un secret de polichinelle. Olivier Faure, 58\u00a0ans, ne faisait gu\u00e8re myst\u00e8re, ces derniers jours, de son intention de concourir au sein de la primaire de la gauche de l&rsquo;arc social-d\u00e9mocrate, lanc\u00e9e par son parti et Place publique. Il devra notamment affronter <a data-ylk=\"slk:l&#039;eurod\u00e9put\u00e9 Rapha\u00ebl Glucksmann;elm:context_link;itc:0;sec:content-canvas;\" data-yga=\"{&quot;yLinkElement&quot;:&quot;link&quot;,&quot;yLinkElementType&quot;:&quot;article_link&quot;}\" href=\"https:\/\/www.nouvelobs.com\/politique\/20260824.OBS117620\/raphael-glucksmann-face-a-la-presidentielle-2027-remporter-la-primaire-rassembler-la-gauche-installer-ses-idees-les-defis-qui-attendent-le-candidat.html\" rel=\"noopener noreferrer nofollow\" target=\"_blank\">l&rsquo;eurod\u00e9put\u00e9 Rapha\u00ebl Glucksmann<\/a>, qui fait figure de favori.<\/p>\n<p class=\"mb-4 text-lg md:leading-8 break-words\"><a data-ylk=\"slk:Glucksmann vraiment favori\u00a0? Faure d\u00e9j\u00e0 battu\u00a0? Qui votera\u00a0?\u2026 Les cinq inconnues de la primaire socialiste;elm:context_link;itc:0;sec:content-canvas;\" data-yga=\"{&quot;yLinkElement&quot;:&quot;link&quot;,&quot;yLinkElementType&quot;:&quot;article_link&quot;}\" href=\"https:\/\/www.nouvelobs.com\/politique\/20260830.OBS117776\/glucksmann-vraiment-favori-faure-deja-battu-qui-votera-les-cinq-inconnues-de-la-primaire-socialiste.html\" rel=\"noopener noreferrer nofollow\" target=\"_blank\">Glucksmann vraiment favori\u00a0? Faure d\u00e9j\u00e0 battu\u00a0? Qui votera\u00a0?\u2026 Les cinq inconnues de la primaire socialiste<\/a><\/p>\n<p class=\"mb-4 text-lg md:leading-8 break-words\">Sur une ligne de rassemblement de la gauche et des Ecologistes depuis qu&rsquo;il a pris le parti en\u00a02018, le premier secr\u00e9taire devrait poursuivre sur cette orientation et tabler sur l&rsquo;envie d&rsquo;unit\u00e9 du peuple de gauche. Il entend ainsi jouer de sa proximit\u00e9 avec les Ecologistes et rappeler que les socialistes ne pourront pas partir seuls aux l\u00e9gislatives, au risque de perdre de nombreux si\u00e8ges.<\/p>\n<p>\u2022 L&rsquo;Islande refuse d&rsquo;adh\u00e9rer \u00e0 l&rsquo;UE<\/p>\n<p class=\"mb-4 text-lg md:leading-8 break-words\">Les Islandais ont rejet\u00e9 <a data-ylk=\"slk:par r\u00e9f\u00e9rendum;elm:context_link;itc:0;sec:content-canvas;\" data-yga=\"{&quot;yLinkElement&quot;:&quot;link&quot;,&quot;yLinkElementType&quot;:&quot;article_link&quot;}\" href=\"https:\/\/www.nouvelobs.com\/monde\/20260829.OBS117753\/l-islande-en-route-vers-l-ue-un-referendum-avec-trump-en-epouvantail-et-une-population-fracturee.html\" rel=\"noopener noreferrer nofollow\" target=\"_blank\">par r\u00e9f\u00e9rendum<\/a> une reprise des n\u00e9gociations d&rsquo;adh\u00e9sion \u00e0 l&rsquo;Union europ\u00e9enne (UE), un coup dur pour Bruxelles qui aurait vu d&rsquo;un bon \u0153il une candidature de la riche \u00eele de l&rsquo;Atlantique Nord. A la question \u00ab\u00a0L&rsquo;Islande doit-elle rouvrir les n\u00e9gociations d&rsquo;adh\u00e9sion avec l&rsquo;Union europ\u00e9enne\u00a0?\u00a0\u00bb, 52,8\u00a0% des Islandais ont r\u00e9pondu \u00ab\u00a0non\u00a0\u00bb et 47,2\u00a0% \u00ab\u00a0oui\u00a0\u00bb lors d&rsquo;une consultation samedi.<\/p>\n<p class=\"mb-4 text-lg md:leading-8 break-words\"><a data-ylk=\"slk:Les Islandais disent \u00ab\u00a0non\u00a0\u00bb \u00e0 l&#039;UE par r\u00e9f\u00e9rendum, avec un basculement du vote des jeunes;elm:context_link;itc:0;sec:content-canvas;\" data-yga=\"{&quot;yLinkElement&quot;:&quot;link&quot;,&quot;yLinkElementType&quot;:&quot;article_link&quot;}\" href=\"https:\/\/www.nouvelobs.com\/monde\/20260830.OBS117782\/les-islandais-disent-non-a-l-ue-par-referendum-avec-un-basculement-du-vote-des-jeunes.html\" rel=\"noopener noreferrer nofollow\" target=\"_blank\">Les Islandais disent \u00ab\u00a0non\u00a0\u00bb \u00e0 l&rsquo;UE par r\u00e9f\u00e9rendum, avec un basculement du vote des jeunes<\/a><\/p>\n<p class=\"mb-4 text-lg md:leading-8 break-words\">Ce r\u00e9sultat, apr\u00e8s une campagne tr\u00e8s mobilisatrice et une participation \u00e9lev\u00e9e, devrait geler toute discussion sur une adh\u00e9sion islandaise au moins jusqu&rsquo;en 2028. La Premi\u00e8re ministre islandaise Kristrun Frostadottir, partisane du \u00ab\u00a0oui\u00a0\u00bb, a affirm\u00e9 ce dimanche que le r\u00e9sultat n&rsquo;\u00e9tait \u00ab\u00a0pas un revers\u00a0\u00bb mais \u00ab\u00a0une victoire pour la d\u00e9mocratie\u00a0\u00bb. \u00ab\u00a0Je veux \u00eatre absolument claire\u00a0: ce gouvernement ne reprendra pas les n\u00e9gociations d&rsquo;adh\u00e9sion au cours de cette l\u00e9gislature\u00a0\u00bb qui court jusqu&rsquo;en 2028, a aussi r\u00e9p\u00e9t\u00e9 la dirigeante sociale-d\u00e9mocrate.<\/p>\n<p>\u2022 Agression homophobe \u00e0 Paris<\/p>\n<p class=\"mb-4 text-lg md:leading-8 break-words\">Le pr\u00e9sident de l&rsquo;association LGBT + des policiers et fonctionnaires de justice a \u00e9t\u00e9 gri\u00e8vement bless\u00e9 dans <a data-ylk=\"slk:une agression dans la nuit de vendredi \u00e0 samedi \u00e0 Paris;elm:context_link;itc:0;sec:content-canvas;\" data-yga=\"{&quot;yLinkElement&quot;:&quot;link&quot;,&quot;yLinkElementType&quot;:&quot;article_link&quot;}\" href=\"https:\/\/www.nouvelobs.com\/justice\/20260830.OBS117788\/ce-que-l-on-sait-de-l-agression-homophobe-contre-le-president-de-l-association-flag-dans-le-marais.html\" rel=\"noopener noreferrer nofollow\" target=\"_blank\">une agression dans la nuit de vendredi \u00e0 samedi \u00e0 Paris<\/a>, a-t-on appris ce dimanche aupr\u00e8s de Stop Homophobie. Une enqu\u00eate pour \u00ab\u00a0violence suivie d&rsquo;incapacit\u00e9 sup\u00e9rieure \u00e0 huit jours commise en raison de l&rsquo;orientation sexuelle de la victime\u00a0\u00bb a \u00e9t\u00e9 ouverte, a indiqu\u00e9 \u00e0 l&rsquo;AFP le parquet de Paris, qui a pr\u00e9cis\u00e9 que l&rsquo;auteur pr\u00e9sum\u00e9 avait \u00e9t\u00e9 interpell\u00e9. Le parquet a pr\u00e9cis\u00e9 qu&rsquo;il est n\u00e9 en\u00a02006, a son casier judiciaire vierge, et qu&rsquo;il \u00e9tait alcoolis\u00e9 au moment des faits.<\/p>\n<p class=\"mb-4 text-lg md:leading-8 break-words\"><a data-ylk=\"slk:Les guets-apens homophobes, des agressions courantes et ultraviolentes\u00a0: \u00ab\u00a0Tout avait l&#039;air normal, sa photo n&#039;\u00e9tait pas suspecte\u2026\u00a0\u00bb;elm:context_link;itc:0;sec:content-canvas;\" data-yga=\"{&quot;yLinkElement&quot;:&quot;link&quot;,&quot;yLinkElementType&quot;:&quot;article_link&quot;}\" href=\"https:\/\/www.nouvelobs.com\/justice\/20251130.OBS110234\/les-guets-apens-homophobes-des-agressions-courantes-et-ultraviolentes-tout-avait-l-air-normal-sa-photo-n-etait-pas-suspecte.html\" rel=\"noopener noreferrer nofollow\" target=\"_blank\">Les guets-apens homophobes, des agressions courantes et ultraviolentes\u00a0: \u00ab\u00a0Tout avait l&rsquo;air normal, sa photo n&rsquo;\u00e9tait pas suspecte\u2026\u00a0\u00bb<\/a><\/p>\n<p class=\"mb-4 text-lg md:leading-8 break-words\">Agress\u00e9 un peu avant 4\u00a0heures du matin samedi \u00e0 la sortie d&rsquo;un bar dans le quartier du Marais, au c\u0153ur de la capitale, il pr\u00e9sente de nombreuses traces de blessures (h\u00e9morragie interne, cr\u00e2ne ouvert\u2026), \u00e0 la suite notamment d&rsquo;un jet de bouteille, pr\u00e9cise le parquet. Dans sa plainte, la victime a indiqu\u00e9 que l&rsquo;auteur de l&rsquo;agression l&rsquo;avait trait\u00e9 de \u00ab\u00a0sale p\u00e9d\u00e9\u00a0\u00bb \u00e0 plusieurs reprises, d\u00e9taille le parquet. \u00ab\u00a0Elle lui a d\u00e9clin\u00e9 sa qualit\u00e9 de policier imm\u00e9diatement tout en lui montrant sa carte professionnelle, sans dissuader le mis en cause de s&rsquo;en prendre \u00e0 elle\u00a0\u00bb.<\/p>\n<p>\u2022 Pr\u00e8s de 800\u00a0morts dans les crues au N\u00e9pal<\/p>\n<p class=\"mb-4 text-lg md:leading-8 break-words\">Le bilan provisoire de la crue d\u00e9vastatrice survenue mercredi au N\u00e9pal, \u00e0 la fronti\u00e8re avec la Chine, est pass\u00e9 \u00e0 781\u00a0morts et 2\u00a0502\u00a0disparus, a annonc\u00e9 ce dimanche l&rsquo;autorit\u00e9 n\u00e9palaise charg\u00e9e de la gestion des situations d&rsquo;urgence. Les m\u00e9dias d&rsquo;Etat chinois ont fait \u00e9tat de 16\u00a0morts et 546\u00a0disparus sur leur territoire, portant le total provisoire des victimes de la catastrophe \u00e0 797\u00a0morts et 3\u00a0048\u00a0disparus. <a data-ylk=\"slk:Quatre Fran\u00e7ais notamment sont port\u00e9s disparus;elm:context_link;itc:0;sec:content-canvas;\" data-yga=\"{&quot;yLinkElement&quot;:&quot;link&quot;,&quot;yLinkElementType&quot;:&quot;article_link&quot;}\" href=\"https:\/\/www.nouvelobs.com\/monde\/20260828.OBS117749\/crues-meurtrieres-au-nepal-ce-que-l-on-sait-des-quatre-francais-portes-disparus.html\" rel=\"noopener noreferrer nofollow\" target=\"_blank\">Quatre Fran\u00e7ais notamment sont port\u00e9s disparus<\/a>.<\/p>\n<p class=\"mb-4 text-lg md:leading-8 break-words\"><a data-ylk=\"slk:Humanitaire, sanitaire, \u00e9nerg\u00e9tique\u2026 Les d\u00e9fis qui attendent le N\u00e9pal apr\u00e8s la crue d\u00e9vastatrice;elm:context_link;itc:0;sec:content-canvas;\" data-yga=\"{&quot;yLinkElement&quot;:&quot;link&quot;,&quot;yLinkElementType&quot;:&quot;article_link&quot;}\" href=\"https:\/\/www.nouvelobs.com\/monde\/20260829.OBS117759\/humanitaire-sanitaire-energetique-les-defis-qui-attendent-le-nepal-apres-la-crue-devastatrice.html\" rel=\"noopener noreferrer nofollow\" target=\"_blank\">Humanitaire, sanitaire, \u00e9nerg\u00e9tique\u2026 Les d\u00e9fis qui attendent le N\u00e9pal apr\u00e8s la crue d\u00e9vastatrice<\/a><\/p>\n<p class=\"mb-4 text-lg md:leading-8 break-words\">Les op\u00e9rations de secours progressent pas \u00e0 pas, dans des conditions p\u00e9rilleuses, pour tenter de retrouver des survivants. Les sauveteurs sont contraints d&rsquo;op\u00e9rer sous la menace permanente d&rsquo;un nouveau d\u00e9cha\u00eenement naturel. Une nouvelle fois ce dimanche, les autorit\u00e9s n\u00e9palaises les ont appel\u00e9s \u00e0 la \u00ab\u00a0prudence\u00a0\u00bb en raison de l&rsquo;augmentation du d\u00e9bit de la rivi\u00e8re Bhotekoshi, dans le district de Rasuwa. A pied d&rsquo;\u0153uvre depuis vendredi, les sauveteurs &#8211; environ 80\u00a0N\u00e9palais d\u00e9sormais assist\u00e9s d&rsquo;experts d&rsquo;Inde, de Chine et de Cor\u00e9e du Sud &#8211; avaient suspendu leurs op\u00e9rations samedi en raison des pluies et de la mont\u00e9e des eaux.<\/p>\n<p>\u2022 Lecornu avance ses pions sur le budget 2027<\/p>\n<p class=\"mb-4 text-lg md:leading-8 break-words\">Le Premier ministre a commenc\u00e9 \u00e0 esquisser ce week-end plusieurs pistes pour le budget 2027. Dans un entretien au \u00ab\u00a0Parisien\u00a0\u00bb, reprenant les m\u00eames mots que lors d&rsquo;un d\u00e9bat avec l&rsquo;ex-ministre Jean-Michel Blanquer \u00e0 Sens, S\u00e9bastien Lecornu a estim\u00e9 qu&rsquo;une absence de budget viendrait \u00ab\u00a0rajouter un d\u00e9sordre domestique au d\u00e9sordre international\u00a0\u00bb ce qui \u00ab\u00a0nous mettrait dans une situation gravissime\u00a0\u00bb sur le plan financier.<\/p>\n<p class=\"mb-4 text-lg md:leading-8 break-words\"><a data-ylk=\"slk:Face \u00e0 l&#039;\u00e9preuve du budget 2027, S\u00e9bastien Lecornu avance ses premiers pions;elm:context_link;itc:0;sec:content-canvas;\" data-yga=\"{&quot;yLinkElement&quot;:&quot;link&quot;,&quot;yLinkElementType&quot;:&quot;article_link&quot;}\" href=\"https:\/\/www.nouvelobs.com\/politique\/20260830.OBS117785\/face-a-l-epreuve-du-budget-2027-sebastien-lecornu-avance-ses-premiers-pions.html\" rel=\"noopener noreferrer nofollow\" target=\"_blank\">Face \u00e0 l&rsquo;\u00e9preuve du budget 2027, S\u00e9bastien Lecornu avance ses premiers pions<\/a><\/p>\n<p class=\"mb-4 text-lg md:leading-8 break-words\">Faute de majorit\u00e9 et \u00e0 moins de huit mois du premier tour de la pr\u00e9sidentielle, il a promis un budget \u00ab\u00a0avec des mesures, pour beaucoup, r\u00e9versibles, par la nouvelle majorit\u00e9 qui sortira des urnes\u00a0\u00bb, donc \u00ab\u00a0un budget de premier semestre\u00a0\u00bb uniquement. Face \u00e0 cette crise, il confirme d&rsquo;ailleurs vouloir \u00ab\u00a0prolonger\u00a0\u00bb les aides au carburant. De la m\u00eame mani\u00e8re, il annonce \u00ab\u00a0un plan de soutien et de sauvetage\u00a0\u00bb pour aider les agriculteurs \u00e0 \u00ab\u00a0passer l&rsquo;hiver\u00a0\u00bb apr\u00e8s un \u00e9t\u00e9 de s\u00e9cheresse, puis \u00ab\u00a0un plan de relance pour 2027\u00a0\u00bb. Pour le reste, au menu du budget, des \u00ab\u00a0mesures difficiles\u00a0\u00bb mais pas \u00ab\u00a0brutales\u00a0\u00bb.<\/p>\n","protected":false},"excerpt":{"rendered":"Vous avez d\u00e9croch\u00e9 de l&rsquo;actualit\u00e9 ces deux derniers jours\u00a0? \u00ab\u00a0Le Nouvel Obs\u00a0\u00bb vous propose un r\u00e9sum\u00e9 des principales&hellip;\n","protected":false},"author":2,"featured_media":1157937,"comment_status":"","ping_status":"","sticky":false,"template":"","format":"standard","meta":{"footnotes":"","_share_on_mastodon":"0"},"categories":[1888],"tags":[5734,21202,58784,118783,118658,118784,118769,118787,1111,1928,11,1927,118761,118762,118753,118780,118779,118751,3469,118781,118785,118775,118678,118786,118757,118759,118777,118773,118760,64129,118766,1777,674,118750,1011,27,118680,118767,118768,118771,118774,118433,118764,118754,118752,118755,118778,118770,12,1926,4393,626,118756,1925,118776,118765,429,118782,118763,25,11067,41134,118772,118758],"class_list":["post-1157936","post","type-post","status-publish","format-standard","has-post-thumbnail","category-paris","tag-5734","tag-21202","tag-58784","tag-3-048-disparus","tag-30-aout","tag-546-disparus","tag-58-ans","tag-781-morts","tag-actu","tag-actu-paris","tag-actualites","tag-actualites-paris","tag-afp-vous-avez","tag-annonce-ce-dimanche-lautorite","tag-apres-une-campagne","tag-avance-ses","tag-avance-ses-pions-sur-le","tag-beaucoup-reflechi","tag-blois","tag-casier-judiciaire-vierge","tag-chargee-de-la-gestion-des-situations-durgence","tag-confie-a-la-tribune","tag-crane-ouvert","tag-doperer-sous-la-menace-permanente","tag-dans-sa-plainte","tag-dans-un-entretien-au-parisien","tag-de-la-meme-maniere","tag-deputes-de-son-groupe","tag-devrait-geler","tag-difficiles","tag-dur-pour-bruxelles-qui-aurait-vu-dun-bon-oeil-une","tag-eu","tag-europe","tag-faure-deja-battu","tag-fr","tag-france","tag-hemorragie-interne","tag-ile-de-latlantique-nord","tag-jai-beaucoup-ecoute","tag-jean-michel-blanquer-a-sens","tag-jeunes-ce-resultat","tag-kristrun-frostadottir","tag-lance-dans-la-primaire-socialiste-le","tag-les-defis-qui","tag-les-islandais","tag-les-operations-de-secours","tag-mercredi-au-nepal","tag-ne-faisait-guere-mystere","tag-news","tag-news-paris","tag-olivier-faure","tag-paris","tag-paris-le-president-de-lassociation","tag-paris-news","tag-partisane-du-oui","tag-pris-le-parti-en-2018","tag-ps","tag-quatre-francais","tag-qui-votera","tag-republique-francaise","tag-sebastien-lecornu","tag-semestre","tag-social-democrate","tag-une-nouvelle-fois-ce-dimanche"],"share_on_mastodon":{"url":"","error":"Validation failed: Text character limit of 500 exceeded"},"_links":{"self":[{"href":"https:\/\/www.europesays.com\/fr\/wp-json\/wp\/v2\/posts\/1157936","targetHints":{"allow":["GET"]}}],"collection":[{"href":"https:\/\/www.europesays.com\/fr\/wp-json\/wp\/v2\/posts"}],"about":[{"href":"https:\/\/www.europesays.com\/fr\/wp-json\/wp\/v2\/types\/post"}],"author":[{"embeddable":true,"href":"https:\/\/www.europesays.com\/fr\/wp-json\/wp\/v2\/users\/2"}],"replies":[{"embeddable":true,"href":"https:\/\/www.europesays.com\/fr\/wp-json\/wp\/v2\/comments?post=1157936"}],"version-history":[{"count":0,"href":"https:\/\/www.europesays.com\/fr\/wp-json\/wp\/v2\/posts\/1157936\/revisions"}],"wp:featuredmedia":[{"embeddable":true,"href":"https:\/\/www.europesays.com\/fr\/wp-json\/wp\/v2\/media\/1157937"}],"wp:attachment":[{"href":"https:\/\/www.europesays.com\/fr\/wp-json\/wp\/v2\/media?parent=1157936"}],"wp:term":[{"taxonomy":"category","embeddable":true,"href":"https:\/\/www.europesays.com\/fr\/wp-json\/wp\/v2\/categories?post=1157936"},{"taxonomy":"post_tag","embeddable":true,"href":"https:\/\/www.europesays.com\/fr\/wp-json\/wp\/v2\/tags?post=1157936"}],"curies":[{"name":"wp","href":"https:\/\/api.w.org\/{rel}","templated":true}]}}