{"id":115794,"date":"2025-05-21T02:36:10","date_gmt":"2025-05-21T02:36:10","guid":{"rendered":"https:\/\/www.europesays.com\/fr\/115794\/"},"modified":"2025-05-21T02:36:10","modified_gmt":"2025-05-21T02:36:10","slug":"heureux-qui-comme-ulysse-a-fait-un-beau-voyage","status":"publish","type":"post","link":"https:\/\/www.europesays.com\/fr\/115794\/","title":{"rendered":"heureux qui comme Ulysse a fait un beau voyage\u2026"},"content":{"rendered":"<p style=\"text-align: justify;\"><strong>Aux prochaines \u00e9lections municipales, il y aura-t-il une liste ou deux \u00e0 gauche \u00e0 Rennes ? C\u2019est-\u00e0-dire une liste avec les Insoumis et les \u00e9colos et une seconde b\u00e2tie autour de Nathalie App\u00e9r\u00e9 (PS), la maire sortante. On peut parier qu\u2019au final ce sont les sondages portant sur les intentions de vote qui d\u00e9cideront de la marche \u00e0 suivre.<\/strong><\/p>\n<p style=\"text-align: justify;\">Beaucoup de choses s\u00e9parent les \u00e9colos et les Insoumis : l\u2019Europe, le nucl\u00e9aire, la d\u00e9centralisation\u2026 Pourtant, en vue des prochaines \u00e9lections municipales, des rapprochements sont en cours ; on se dirige m\u00eame \u00a0vers une forme de marchandage. Effectivement, s\u2019ils veulent s\u2019imposer et dicter leurs conditions aux maires sortants socialistes, une esp\u00e8ce d\u2019arrangement s\u2019impose. Ou bien liste unique au premier tour, ou bien fusion au second ; de toute mani\u00e8re, \u201cfoutre la trouille\u201c aux socialistes peut \u00eatre utile si les sondages portant sur les intentions de vote sont d\u00e9favorables \u00e0 l\u2019op\u00e9ration \u00ab \u00e9colos-insoumis \u00bb ; il serait alors pr\u00e9f\u00e9rable de n\u00e9gocier des places \u00e9ligibles avec les socialistes sur une liste d\u2019\u00ab union \u00bb. \u00a0Pour l\u2019instant, les Insoumis annoncent\u00a0 leur \u00ab tarif \u00bb aux \u00e9colos : \u00ab\u00a0Lyon, Tours, Bordeaux, Grenoble, Strasbourg\u2026 On veut bien les soutenir dans ces villes, mais ce n\u2019est pas gratuit. Il faudra qu\u2019ils renvoient l\u2019ascenseur \u00e0 Toulouse, Nantes, Rennes, Lille\u2026\u00a0\u00bb, pr\u00e9vient Manon Aubry (LFI), d\u00e9put\u00e9 europ\u00e9en (Marianne, 7 mai 2025). \u00ab\u00a0Comme toujours, le bras de fer est totalement assum\u00e9\u00a0\u00bb\u00a0: \u00ab\u00a0On ne veut pas emmerder les \u00e9colos, on veut les inciter \u00e0 gouverner plus \u00e0 gauche\u00a0\u00bb souligne un lieutenant de Jean-Luc M\u00e9lenchon.\u00a0\u00bb (Marianne, 7 mai 2025). Aucune surprise \u00e0 la v\u00e9rit\u00e9 puisque cela fait plusieurs mois que M\u00e9lenchon \u00ab\u00a0annonce qu\u2019il lancera aux municipales de 2026 des candidats LFI contre les maires PS hostiles \u00e0 sa personne et \u00e0 son mouvement\u00a0\u00bb (Le Point, 28 novembre 2024)<\/p>\n<p style=\"text-align: justify;\">A Rennes, chez les Insoumis, deux personnes se verraient bien devenir maire. En premier lieu Ulysse Rabat\u00e9, professeur de sciences politiques, s\u2019il n\u2019est pas encore candidat, il y songe\u00a0: \u00ab\u00a0Aujourd\u2019hui, c\u2019est un peut t\u00f4t pour parler de candidature, m\u00eame si, \u00e9videmment, des r\u00e9flexions sont en cours. Avec l\u2019association Rennes commune, on porte un travail ouvertement municipal. On rencontre des Rennaises et des Rennais qui ont envie que les choses changent, qui ont envie d\u2019un projet plus marqu\u00e9 \u00e0 gauche sur certaines questions pour cette ville. Aujourd\u2019hui, mon travail est de construire une \u00e9quipe, un projet, un rassemblement pour porter cela aux municipales de 2026.\u00a0\u00bb \u00ab\u00a0Il y a beaucoup de facteurs qui entrent en ligne de compte. La question des services publics, de l\u2019am\u00e9nagement\u00a0 des quartiers, l\u2019accompagnement des jeunes\u2026 Tous ces sujets-l\u00e0, on ne peut pas les passer \u00e0 la trappe. Une liste insoumise ou une liste \u00e0 gauche de la majorit\u00e9 municipale en 2026 sera capable de les porter\u00bb, poursuit-il (Le Mensuel de Rennes, d\u00e9cembre 2024). Fort bien. Mais le prof r\u00eave\u2026 Ainsi lorsqu\u2019il rappelle que \u00ab\u00a0les scores de Jean-Luc M\u00e9lenchon \u00e0 la pr\u00e9sidentielle ont progress\u00e9, Le contexte a compl\u00e8tement chang\u00e9\u00a0\u00bb, il a partiellement raison. Effectivement, au premier tour de la pr\u00e9sidentielle de 2022, \u00e0 Rennes, M\u00e9luche arrive en t\u00eate : 36,31 % (33\u00a0469 voix), alors que Yannick Jadot \u00a0n\u2019occupe que la troisi\u00e8me place (9\u00a0182 voix, 9,96 %). Quant \u00e0 Anne Hidalgo (PS), elle est carr\u00e9ment dans les choux\u00a0: septi\u00e8me position, 2\u00a0775 voix, 3,01 %. Les choses sont claires\u00a0: le Lider Maximo a siphonn\u00e9 l\u2019\u00e9lectorat socialiste.<\/p>\n<p><strong>Jean-Luc M\u00e9lenchon n\u2019est plus \u00e0 la mode<\/strong><\/p>\n<p style=\"text-align: justify;\">Changement de programme aux \u00e9lections europ\u00e9ennes de juin 2024. A Rennes, Rapha\u00ebl Glucksmann (PS) termine premier\u00a0: 17\u00a0772 voix, 24,93 %. Manon Aubry (LFI) se contentant de la seconde place (12\u00a0727 voix, 17,85 %) et Marie Toussaint (\u00e9colo) de la quatri\u00e8me (10\u00a0265 voix, 14,40 %). Conclusion\u00a0: ce qui \u00e9tait vrai en 2022 ne l\u2019est plus en 2024. D\u2019autant plus que la cote de Jean-Luc M\u00e9lenchon a consid\u00e9rablement faibli\u00a0; c\u2019est ce que montrent les enqu\u00eates d\u2019opinion. Ainsi, \u00e0 la question \u00ab\u00a0Pour chacune des personnalit\u00e9s suivantes, souhaitez-vous lui voir jouer un r\u00f4le important au cours des mois et des ann\u00e9es \u00e0 venir\u00a0?\u00a0\u00bb, seules 13 % des personnes interrog\u00e9es soutiennent M\u00e9lenchon (Verian, Le Figaro Magazine, 2 mai 2025). Dans un autre sondage, ce dernier est class\u00e9 45e sur 50\u00a0: \u00ab\u00a0Pour chacune des personnalit\u00e9s suivantes, dites-moi si vous en avez une excellente opinion, une bonne opinion, une mauvaise opinion, une tr\u00e8s mauvaise opinion, si vous ne le connaissez pas suffisamment.\u00a0\u00bb R\u00e9ponse\u00a0: 29 % des personnes interrog\u00e9es ont une bonne opinion du leader de LFI (Ifop-Fiducial, Paris Match, 15 mai 2025) \u00ab\u00a0Attaqu\u00e9 dans un livre-enqu\u00eate (\u00ab\u00a0La Meute\u00a0\u00bb, Flammarion), Jean-Luc M\u00e9lenchon affiche une importante impopularit\u00e9 (71 % de mauvaise opinion), mais son socle tient (82 % chez LFI, 45 % chez les moins de 35 %), note Fr\u00e9d\u00e9ric Dabi, directeur g\u00e9n\u00e9ral de l\u2019Ifop (Paris Match, 15 mai 2025)<\/p>\n<p style=\"text-align: justify;\">La crainte de Rabat\u00e9 fait sourire\u00a0: \u00ab\u00a0On est dans une opposition bloc contre bloc. La menace de l\u2019extr\u00eame droite est beaucoup plus pressante.\u00a0\u00bb (Le Mensuel de Rennes, d\u00e9cembre2 024). Pourtant le professeur conna\u00eet les chiffres qui montrent qu\u2019\u00e0 Rennes \u2013 comme \u00e0 Nantes \u2013 le poids \u00e9lectoral du Rassemblement national est faible \u2013 pour des raisons sociologiques. Au premier tour de l\u2019\u00e9lection pr\u00e9sidentielle de 2022, Marine Le Pen n\u2019obtient que 7,29 % des suffrages exprim\u00e9s (6\u00a0722 voix) et 15,85 % (12\u00a0920 voix) au second. Aux \u00e9lections europ\u00e9ennes de juin 2024, la liste conduite par Jordan Bardella ne fait gu\u00e8re mieux\u00a0: 9,42 % (6\u00a0717 voix). On ne peut pas dire qu\u2019\u00e0 Rennes, \u00ab\u00a0la menace de l\u2019extr\u00eame droite est beaucoup plus pressante\u00a0\u00bb\u2026 Sauf dans les r\u00eaves de Rabat\u00e9\u00a0\u2026<\/p>\n<p style=\"text-align: justify;\">Une autre insoumise se verrait bien maire\u00a0: Marie Mesmeur, d\u00e9put\u00e9e de Rennes-Bruz, \u00e9lue dans une triangulaire.\u00a0 Elle poss\u00e8de une carte ma\u00eetresse\u00a0: elle est \u00ab\u00a0tr\u00e8s\u00a0\u00bb proche de Louis Boyard\u2026 Elle aussi\u00a0 songe \u00e0 devenir t\u00eate de liste, voire maire\u00a0: \u00ab Je pourrais, oui. Vu le contexte rennais, \u00e7a m\u00e9rite d\u2019y r\u00e9fl\u00e9chir.\u00a0\u00bb\u00a0 (Ouest-France, Rennes, 15-16 mars 2025). Evidemment, elle a raison d\u2019affirmer\u00a0: \u00ab\u00a0C\u2019est une anomalie qu\u2019il n\u2019y ait pas d\u2019\u00e9lu insoumis au conseil municipal de Renne.\u00a0\u00bb Pour l\u2019instant, elle se contente de tourner autour du pot\u00a0: \u00ab\u00a0Je n\u2019ai pas dit que j\u2019\u00e9tais candidate\u2026 mais je n\u2019ai pas dit que je ne l\u2019\u00e9tais pas. Toutes les hypoth\u00e8ses sont sur la table.\u00a0\u00bb (Ouest-France, Rennes, mercredi 7 mai 2025)<\/p>\n<p><strong>Ga\u00eblle Rougier veut \u00ab\u00a0jouer un r\u00f4le\u00a0\u00bb<\/strong><\/p>\n<p style=\"text-align: justify;\">Premier objectif\u00a0: d\u00e9signer un chef de file\u00a0; le \u00ab\u00a0comit\u00e9 \u00e9lectoral\u00a0\u00bb, l\u2019entit\u00e9 nationale du parti d\u00e9signera les candidats car les 80 militants insoumis r\u00e9unis en une\u00a0 \u00ab\u00a0assembl\u00e9e municipale\u00a0\u00bb le 14 mars ne sont pas parvenus \u00e0 d\u00e9gager un consensus (Ouest-France, Rennes, mercredi 7 mai 2025). Autant dire qu\u2019il y a concurrence entre Mesmeur et Rabat\u00e9.<\/p>\n<p style=\"text-align: justify;\">\u00a0Chez les \u00e9colos, la situation semble plus claire. D\u00e9but mars, Priscilla Zamord et Ga\u00eblle Rougier ont \u00e9t\u00e9 d\u00e9sign\u00e9es porte-parole\u00a0 de l\u2019association \u00ab\u00a0Confluences\u00a0\u00bb, dont le r\u00f4le est de pr\u00e9parer la campagne des \u00e9cologistes aux \u00e9lections municipales. A la grande question\u00a0: \u00ab\u00a0Allez-vous \u00eatre candidate face \u00e0 Nathalie App\u00e9r\u00e9\u00a0?\u00a0\u00bb, Ga\u00eblle Rougier, adjointe au maire charg\u00e9e de l\u2019\u00e9ducation, botte en touche\u00a0: \u00ab\u00a0C\u2019est trop t\u00f4t pour le dire.\u00a0\u00bb Elle pr\u00e9f\u00e8re sortir le truc habituel\u00a0: \u00ab\u00a0L\u2019id\u00e9e, c\u2019est de construire un projet.\u00a0\u00bb Et de jouer la professionnelle\u00a0: \u00ab\u00a0Le combat\u00a0? J\u2019y suis d\u00e9j\u00e0. Cela fait deux mandats que je porte des combats. Aujourd\u2019hui, j\u2019ai aussi l\u2019intention de porter un projet \u00e9cologiste pour Rennes. Evidemment, si je me suis pr\u00e9sent\u00e9e pour \u00eatre porte-parole, avec Priscilla Zamord, c\u2019est que j\u2019ai envie de jouer un r\u00f4le. Maintenant, quel sera mon r\u00f4le exactement\u00a0? Oui, je ne m\u2019interdis pas de m\u2019imaginer maire. Mais, vous avez bien compris que je n\u2019en suis pas l\u00e0, que nous n\u2019en sommes pas l\u00e0.\u00a0\u00bb (Le Mensuel de Rennes, mai 2025).<\/p>\n<p style=\"text-align: justify;\">Les r\u00e9sultats de l\u2019\u00e9lection pr\u00e9sidentielle et des \u00e9lections europ\u00e9ennes montrent qu\u2019\u00e0 Rennes, les Insoumis dominent les \u00e9colos. Dans ces conditions, s\u2019il doit y avoir un accord \u2013 forc\u00e9ment national -d\u00e9bouchant sur une liste unique, la locomotive ne peut qu\u2019appartenir \u00e0 LFI. Mesmeur ou Rabat\u00e9\u00a0?<\/p>\n<p style=\"text-align: justify;\">Bernard Morvan<\/p>\n<p>Cr\u00e9dit photo : DR<br \/>[cc] Breizh-info.com, 2025, d\u00e9p\u00eaches libres de copie et de diffusion sous r\u00e9serve de mention et de lien vers la source d\u2019origine<\/p>\n","protected":false},"excerpt":{"rendered":"Aux prochaines \u00e9lections municipales, il y aura-t-il une liste ou deux \u00e0 gauche \u00e0 Rennes ? C\u2019est-\u00e0-dire une&hellip;\n","protected":false},"author":2,"featured_media":115795,"comment_status":"","ping_status":"","sticky":false,"template":"","format":"standard","meta":{"footnotes":""},"categories":[2821],"tags":[1111,11,829,1777,674,1011,27,3434,12,584,25],"class_list":{"0":"post-115794","1":"post","2":"type-post","3":"status-publish","4":"format-standard","5":"has-post-thumbnail","7":"category-rennes","8":"tag-actu","9":"tag-actualites","10":"tag-bretagne","11":"tag-eu","12":"tag-europe","13":"tag-fr","14":"tag-france","15":"tag-municipales-2026","16":"tag-news","17":"tag-rennes","18":"tag-republique-francaise"},"share_on_mastodon":{"url":"https:\/\/pubeurope.com\/@fr\/114543498611194628","error":""},"_links":{"self":[{"href":"https:\/\/www.europesays.com\/fr\/wp-json\/wp\/v2\/posts\/115794","targetHints":{"allow":["GET"]}}],"collection":[{"href":"https:\/\/www.europesays.com\/fr\/wp-json\/wp\/v2\/posts"}],"about":[{"href":"https:\/\/www.europesays.com\/fr\/wp-json\/wp\/v2\/types\/post"}],"author":[{"embeddable":true,"href":"https:\/\/www.europesays.com\/fr\/wp-json\/wp\/v2\/users\/2"}],"replies":[{"embeddable":true,"href":"https:\/\/www.europesays.com\/fr\/wp-json\/wp\/v2\/comments?post=115794"}],"version-history":[{"count":0,"href":"https:\/\/www.europesays.com\/fr\/wp-json\/wp\/v2\/posts\/115794\/revisions"}],"wp:featuredmedia":[{"embeddable":true,"href":"https:\/\/www.europesays.com\/fr\/wp-json\/wp\/v2\/media\/115795"}],"wp:attachment":[{"href":"https:\/\/www.europesays.com\/fr\/wp-json\/wp\/v2\/media?parent=115794"}],"wp:term":[{"taxonomy":"category","embeddable":true,"href":"https:\/\/www.europesays.com\/fr\/wp-json\/wp\/v2\/categories?post=115794"},{"taxonomy":"post_tag","embeddable":true,"href":"https:\/\/www.europesays.com\/fr\/wp-json\/wp\/v2\/tags?post=115794"}],"curies":[{"name":"wp","href":"https:\/\/api.w.org\/{rel}","templated":true}]}}