{"id":1157947,"date":"2026-08-30T20:17:18","date_gmt":"2026-08-30T20:17:18","guid":{"rendered":"https:\/\/www.europesays.com\/fr\/1157947\/"},"modified":"2026-08-30T20:17:18","modified_gmt":"2026-08-30T20:17:18","slug":"le-carnaval-de-notting-hill-fete-de-rue-engagee-devenue-machine-a-cash-celebre-ses-60-ans","status":"publish","type":"post","link":"https:\/\/www.europesays.com\/fr\/1157947\/","title":{"rendered":"Le carnaval de Notting Hill, f\u00eate de rue engag\u00e9e devenue machine \u00e0 cash, c\u00e9l\u00e8bre ses 60 ans"},"content":{"rendered":"\n<p>\u201cLe carnaval c\u2019est amusant, c\u2019est la libert\u00e9, c\u2019est l\u2019\u00e9mancipation, c\u2019est une manifestation, c\u2019est une r\u00e9volte\u201d, s\u2019enthousiasme le DJ Bradley Zero, habitu\u00e9 des rues de Notting Hill, <a href=\"https:\/\/www.ft.com\/content\/cfa26a77-d8d2-4e0c-a374-546642b440be\" rel=\"nofollow noopener\" target=\"_blank\">dans le <strong>Financial Times<\/strong><\/a><strong>.<\/strong> Chaque ann\u00e9e \u00e0 la fin du mois d\u2019ao\u00fbt, ce quartier de l\u2019Ouest londonien prend des allures de piste de danse g\u00e9ante, battant au rythme de la musique antillaise, dans un cadre color\u00e9 par des costumes flamboyants et des parades spectaculaires.<\/p>\n<p>Une effusion de joie \u2013\u00a0auxquelles deux millions de personnes devraient participer les dimanche\u00a030\u00a0et lundi 31\u00a0ao\u00fbt\u00a0\u2013, n\u00e9e dans la violence voil\u00e0 tout juste soixante\u00a0ans.<\/p>\n<p>Dans les ann\u00e9es 1950, le quartier de Notting Hill abritait <a href=\"https:\/\/www.courrierinternational.com\/article\/scandale-windrush-le-gouvernement-britannique-arrondit-les-angles\" rel=\"nofollow noopener\" target=\"_blank\">la \u201cg\u00e9n\u00e9ration Windrush\u201d<\/a>, communaut\u00e9 carib\u00e9enne arriv\u00e9e \u00e0 Londres dans l\u2019apr\u00e8s-guerre. En 1958, une bagarre teint\u00e9e de racisme d\u00e9g\u00e9n\u00e8re dans ce quartier d\u00e9favoris\u00e9, cibl\u00e9 par des groupes d\u2019extr\u00eame droite\u00a0: elle marque le point de d\u00e9part de \u201ccertaines des pires nuits de violences raciales jamais vues au Royaume-Uni\u201d, <a class=\"ithalc\" data-ithal=\"lien_externe\" data-ithalc=\"[nav_article]\" target=\"_blank\" href=\"https:\/\/www.standard.co.uk\/going-out\/attractions\/notting-hill-carnival-forgotten-racial-history-police-b1021012.html\" rel=\"nofollow noopener\">rappelle le m\u00e9dia londonien <strong>The Standard<\/strong><\/a><strong>.<\/strong><\/p>\n<p> Les violentes \u00e9meutes de 1976 <\/p>\n<p>L\u2019ann\u00e9e suivante, dans le but d\u2019apaiser les tensions, la militante d\u2019origine trinidadienne Claudia Jones organise un carnaval carib\u00e9en \u00e0 St Pancras, souvent consid\u00e9r\u00e9 comme le pr\u00e9curseur du carnaval d\u2019aujourd\u2019hui. Mais quelques mois <\/p>\n","protected":false},"excerpt":{"rendered":"\u201cLe carnaval c\u2019est amusant, c\u2019est la libert\u00e9, c\u2019est l\u2019\u00e9mancipation, c\u2019est une manifestation, c\u2019est une r\u00e9volte\u201d, s\u2019enthousiasme le DJ&hellip;\n","protected":false},"author":2,"featured_media":1157948,"comment_status":"","ping_status":"","sticky":false,"template":"","format":"standard","meta":{"footnotes":"","_share_on_mastodon":"0"},"categories":[1588],"tags":[11,1777,674,12,473,1853,1851,1850,1852],"class_list":["post-1157947","post","type-post","status-publish","format-standard","has-post-thumbnail","category-royaume-uni","tag-actualites","tag-eu","tag-europe","tag-news","tag-royaume-uni","tag-royaume-uni-de-grande-bretagne-et-dirlande-du-nord","tag-uk","tag-united-kingdom","tag-united-kingdom-of-great-britain-and-northern-ireland"],"share_on_mastodon":{"url":"https:\/\/pubeurope.com\/@fr\/117186307337086027","error":""},"_links":{"self":[{"href":"https:\/\/www.europesays.com\/fr\/wp-json\/wp\/v2\/posts\/1157947","targetHints":{"allow":["GET"]}}],"collection":[{"href":"https:\/\/www.europesays.com\/fr\/wp-json\/wp\/v2\/posts"}],"about":[{"href":"https:\/\/www.europesays.com\/fr\/wp-json\/wp\/v2\/types\/post"}],"author":[{"embeddable":true,"href":"https:\/\/www.europesays.com\/fr\/wp-json\/wp\/v2\/users\/2"}],"replies":[{"embeddable":true,"href":"https:\/\/www.europesays.com\/fr\/wp-json\/wp\/v2\/comments?post=1157947"}],"version-history":[{"count":0,"href":"https:\/\/www.europesays.com\/fr\/wp-json\/wp\/v2\/posts\/1157947\/revisions"}],"wp:featuredmedia":[{"embeddable":true,"href":"https:\/\/www.europesays.com\/fr\/wp-json\/wp\/v2\/media\/1157948"}],"wp:attachment":[{"href":"https:\/\/www.europesays.com\/fr\/wp-json\/wp\/v2\/media?parent=1157947"}],"wp:term":[{"taxonomy":"category","embeddable":true,"href":"https:\/\/www.europesays.com\/fr\/wp-json\/wp\/v2\/categories?post=1157947"},{"taxonomy":"post_tag","embeddable":true,"href":"https:\/\/www.europesays.com\/fr\/wp-json\/wp\/v2\/tags?post=1157947"}],"curies":[{"name":"wp","href":"https:\/\/api.w.org\/{rel}","templated":true}]}}