{"id":1157949,"date":"2026-08-30T20:18:21","date_gmt":"2026-08-30T20:18:21","guid":{"rendered":"https:\/\/www.europesays.com\/fr\/1157949\/"},"modified":"2026-08-30T20:18:21","modified_gmt":"2026-08-30T20:18:21","slug":"allemagne-merz-predit-des-dommages-considerables-en-cas-de-victoire-de-lafd-dans-le-land-de-saxe-anhalt","status":"publish","type":"post","link":"https:\/\/www.europesays.com\/fr\/1157949\/","title":{"rendered":"Allemagne : Merz pr\u00e9dit des \u00abdommages consid\u00e9rables\u00bb en cas de victoire de l&rsquo;AfD dans le Land de Saxe-Anhalt"},"content":{"rendered":"<p>\n    Le chancelier allemand a assur\u00e9 que son parti mettrait \u00e0 profit la derni\u00e8re semaine de campagne pour les \u00e9lections r\u00e9gionales afin de \u00abtout mettre en \u0153uvre\u00bb pour emp\u00eacher la perspective d\u2019un gouvernement d\u2019extr\u00eame droite.<\/p>\n<p class=\"fig-paragraph\">Le chancelier allemand\u00a0<a href=\"http:\/\/www.lefigaro.fr\/conjoncture\/ue-les-six-etats-frugaux-appellent-a-reduire-drastiquement-le-budget-propose-par-bruxelles-20260827\" data-fig-type=\"NewsFlash\" data-gtm-custom-categorie=\"navigation\" data-gtm-custom-action=\"crossclick\" data-gtm-custom-label=\"Contextuel\" data-gtm-event=\"customEventSPE\" data-fig-domain=\"LEFIGARO\" rel=\"nofollow noopener\" target=\"_blank\">Friedrich Merz<\/a>\u00a0a estim\u00e9 dimanche que le Land de Saxe-Anhalt, dans l&rsquo;est du pays, subirait des \u00abdommages consid\u00e9rables\u00bb en cas de formation d&rsquo;un gouvernement d&rsquo;extr\u00eame droite, une semaine avant les \u00e9lections dans cette r\u00e9gion. L&rsquo;Alternative pour l&rsquo;Allemagne (AfD), parti antimigrants, russophile et pro-Trump, dispose d&rsquo;une avance confortable dans les sondages et pourrait former son tout premier gouvernement r\u00e9gional.<\/p>\n<p class=\"fig-paragraph\">\u00abJe ne peux pas imaginer que des investisseurs internationaux aient envie de venir inaugurer une nouvelle usine aux c\u00f4t\u00e9s d&rsquo;un ministre-pr\u00e9sident de l&rsquo;AfD\u00bb, a d\u00e9clar\u00e9 Friedrich Merz lors d&rsquo;une interview \u00e0 la cha\u00eene ARD, ajoutant qu&rsquo;il s&rsquo;agissait d&rsquo;une \u00abd\u00e9cision que les \u00e9lecteurs (devaient) prendre\u00bb. Actuellement, la Saxe-Anhalt est dirig\u00e9e par la CDU (centre-droit) de Merz, en coalition avec les sociaux-d\u00e9mocrates (SPD, centre-gauche) et le FDP (lib\u00e9ral).<\/p>\n<p>                                            <a class=\"fig-a11y-skip\" href=\"#fig-a11y-skip-main-inarticle\" is=\"fig-a11y-skip\" data-trigger-mode=\"visible-once\"><br \/>\n    Passer la publicit\u00e9<br \/>\n<\/a>            <\/p>\n<p>                                            L\u2019AfD loin devant dans les sondages<\/p>\n<p class=\"fig-paragraph\">Friedrich Merz a assur\u00e9 que son parti mettrait \u00e0 profit la derni\u00e8re semaine de campagne pour \u00abtout mettre en \u0153uvre afin d&#8217;emp\u00eacher\u00bb la perspective d&rsquo;un gouvernement AfD, jugeant que la \u00abgouvernabilit\u00e9\u00bb de la r\u00e9gion \u00e9tait menac\u00e9e. Il a admis que son parti \u00e9tait confront\u00e9 \u00e0 des \u00abconditions difficiles\u00bb dans ce Land. Un sondage publi\u00e9 vendredi donnait la CDU \u00e0 23% et\u00a0<a href=\"http:\/\/www.lefigaro.fr\/international\/en-allemagne-l-afd-en-embuscade-apres-l-attentat-islamiste-de-berlin-20260728\" data-fig-type=\"Article\" data-gtm-custom-categorie=\"navigation\" data-gtm-custom-action=\"crossclick\" data-gtm-custom-label=\"Contextuel\" data-gtm-event=\"customEventSPE\" data-fig-domain=\"LEFIGARO\" rel=\"nofollow noopener\" target=\"_blank\">l&rsquo;AfD<\/a>\u00a0\u00e0 40%.<\/p>\n<p class=\"fig-paragraph\">L&rsquo;arriv\u00e9e au pouvoir de l&rsquo;AfD au niveau r\u00e9gional pour la premi\u00e8re fois conf\u00e9rerait au parti des pouvoirs \u00e9tendus dans des domaines tels que la sant\u00e9, l&rsquo;\u00e9ducation, voire la politique d&rsquo;immigration et de s\u00e9curit\u00e9. Si l&rsquo;AfD ne parvient pas \u00e0 obtenir la majorit\u00e9 absolue en Saxe-Anhalt, la CDU pourrait tenter de former un gouvernement avec d&rsquo;autres partis situ\u00e9s \u00e0 sa gauche, tels que le SPD et les Verts. Un tel accord n\u00e9cessiterait probablement le soutien du parti de gauche radicale\u00a0<a href=\"http:\/\/www.lefigaro.fr\/international\/allemagne-un-depute-de-gauche-de-die-linke-remet-en-cause-le-drapeau-et-l-hymne-nationale-20250905\" data-fig-type=\"Article\" data-gtm-custom-categorie=\"navigation\" data-gtm-custom-action=\"crossclick\" data-gtm-custom-label=\"Contextuel\" data-gtm-event=\"customEventSPE\" data-fig-domain=\"LEFIGARO\" rel=\"nofollow noopener\" target=\"_blank\">Die Linke<\/a>, avec lequel la CDU s&rsquo;est \u00e9galement engag\u00e9e \u00e0 ne pas coop\u00e9rer.<\/p>\n","protected":false},"excerpt":{"rendered":"Le chancelier allemand a assur\u00e9 que son parti mettrait \u00e0 profit la derni\u00e8re semaine de campagne pour les&hellip;\n","protected":false},"author":2,"featured_media":1157950,"comment_status":"","ping_status":"","sticky":false,"template":"","format":"standard","meta":{"footnotes":"","_share_on_mastodon":"0"},"categories":[1587],"tags":[11,672,1804,1805,1803,1777,674,4710,1801,12,1802],"class_list":["post-1157949","post","type-post","status-publish","format-standard","has-post-thumbnail","category-allemagne","tag-actualites","tag-allemagne","tag-bundesrepublik-deutschland","tag-de","tag-deutschland","tag-eu","tag-europe","tag-friedrich-merz","tag-germany","tag-news","tag-republique-federale-dallemagne"],"share_on_mastodon":{"url":"https:\/\/pubeurope.com\/@fr\/117186311244059836","error":""},"_links":{"self":[{"href":"https:\/\/www.europesays.com\/fr\/wp-json\/wp\/v2\/posts\/1157949","targetHints":{"allow":["GET"]}}],"collection":[{"href":"https:\/\/www.europesays.com\/fr\/wp-json\/wp\/v2\/posts"}],"about":[{"href":"https:\/\/www.europesays.com\/fr\/wp-json\/wp\/v2\/types\/post"}],"author":[{"embeddable":true,"href":"https:\/\/www.europesays.com\/fr\/wp-json\/wp\/v2\/users\/2"}],"replies":[{"embeddable":true,"href":"https:\/\/www.europesays.com\/fr\/wp-json\/wp\/v2\/comments?post=1157949"}],"version-history":[{"count":0,"href":"https:\/\/www.europesays.com\/fr\/wp-json\/wp\/v2\/posts\/1157949\/revisions"}],"wp:featuredmedia":[{"embeddable":true,"href":"https:\/\/www.europesays.com\/fr\/wp-json\/wp\/v2\/media\/1157950"}],"wp:attachment":[{"href":"https:\/\/www.europesays.com\/fr\/wp-json\/wp\/v2\/media?parent=1157949"}],"wp:term":[{"taxonomy":"category","embeddable":true,"href":"https:\/\/www.europesays.com\/fr\/wp-json\/wp\/v2\/categories?post=1157949"},{"taxonomy":"post_tag","embeddable":true,"href":"https:\/\/www.europesays.com\/fr\/wp-json\/wp\/v2\/tags?post=1157949"}],"curies":[{"name":"wp","href":"https:\/\/api.w.org\/{rel}","templated":true}]}}