{"id":1157959,"date":"2026-08-30T20:23:18","date_gmt":"2026-08-30T20:23:18","guid":{"rendered":"https:\/\/www.europesays.com\/fr\/1157959\/"},"modified":"2026-08-30T20:23:18","modified_gmt":"2026-08-30T20:23:18","slug":"coupe-de-france-istres-une-qualification-pour-lancer-la-saison","status":"publish","type":"post","link":"https:\/\/www.europesays.com\/fr\/1157959\/","title":{"rendered":"Coupe de France : Istres\u00a0: une qualification pour lancer la saison"},"content":{"rendered":"<p>Avant de reprendre le chemin du championnat, Istres avait rendez-vous ce dimanche \u00e0 Dijon pour son premier match officiel de la saison. <a href=\"https:\/\/www.laprovence.com\/article\/sports\/4145763635754814\/handball-istres-pres-de-lexploit-a-chambery-mais-relegue-en-proligue\" target=\"_self\" rel=\"nofollow noopener\">Un duel entre rel\u00e9gu\u00e9s de Starligue<\/a> dans un palais des Sports d\u00e9sert\u00e9 par son public. A ce petit jeu, les Istr\u00e9ens ont \u00e9t\u00e9 ma\u00eetres des \u00e9v\u00e9nements et du d\u00e9roulement de la rencontre.<\/p>\n<p>Seulement emb\u00eat\u00e9s pendant un quart d&rsquo;heure par le duo de petits gabarits Alexandre-Aho (10-5, 16e), les hommes de Bastien Cismondo se sont ensuite repris gr\u00e2ce \u00e0 des tirs d&rsquo;orf\u00e8vrerie de Guenole Gaillard et Assar Kammenhed (10-10, 22e).<\/p>\n<p>Un jeu \u00e0 sept productif<\/p>\n<p>La deuxi\u00e8me p\u00e9riode a laiss\u00e9 gu\u00e8re de suspense. Robin Dourte a fil\u00e9 la migraine \u00e0 la d\u00e9fense bourguignonne en donnant un avantage qui s&rsquo;av\u00e9rera d\u00e9<\/p>\n<p>finitif (21-22). Istres ne sera plus rejoint.<\/p>\n<p>Derri\u00e8re Dijon coule, perd des ballons et le jeu \u00e0 7 propos\u00e9 par le banc istr\u00e9en fait mouche (26-33). \u00ab\u00a0On a fait un match appliqu\u00e9, on avait la volont\u00e9 d&rsquo;\u00eatre ensemble dans ce qu&rsquo;on propose dans le jeu d\u00e9fensif qu&rsquo;on a bien boss\u00e9 cette semaine. Je suis content de ce qu&rsquo;on a propos\u00e9. Offensivement \u00e7a demande encore un peu de travail, on s&rsquo;en sort par notre jeu \u00e0 7. Notre jeu 6 contre 6 est \u00e0 perfectionner tout le long de la saison. Mais aujourd&rsquo;hui l&rsquo;essentiel a \u00e9t\u00e9 assur\u00e9\u00a0\u00bb, appr\u00e9cie l&rsquo;entra\u00eeneur Bastien Cismondo.<\/p>\n","protected":false},"excerpt":{"rendered":"Avant de reprendre le chemin du championnat, Istres avait rendez-vous ce dimanche \u00e0 Dijon pour son premier match&hellip;\n","protected":false},"author":2,"featured_media":1157960,"comment_status":"","ping_status":"","sticky":false,"template":"","format":"standard","meta":{"footnotes":"","_share_on_mastodon":"0"},"categories":[4],"tags":[5734,11,615,2930,2823,1011,27,1792,34592,12,8713,25,60],"class_list":["post-1157959","post","type-post","status-publish","format-standard","has-post-thumbnail","category-france","tag-5734","tag-actualites","tag-coupe","tag-dijon","tag-face","tag-fr","tag-france","tag-handball","tag-istres","tag-news","tag-qualifie","tag-republique-francaise","tag-sports"],"share_on_mastodon":{"url":"https:\/\/pubeurope.com\/@fr\/117186331102042456","error":""},"_links":{"self":[{"href":"https:\/\/www.europesays.com\/fr\/wp-json\/wp\/v2\/posts\/1157959","targetHints":{"allow":["GET"]}}],"collection":[{"href":"https:\/\/www.europesays.com\/fr\/wp-json\/wp\/v2\/posts"}],"about":[{"href":"https:\/\/www.europesays.com\/fr\/wp-json\/wp\/v2\/types\/post"}],"author":[{"embeddable":true,"href":"https:\/\/www.europesays.com\/fr\/wp-json\/wp\/v2\/users\/2"}],"replies":[{"embeddable":true,"href":"https:\/\/www.europesays.com\/fr\/wp-json\/wp\/v2\/comments?post=1157959"}],"version-history":[{"count":0,"href":"https:\/\/www.europesays.com\/fr\/wp-json\/wp\/v2\/posts\/1157959\/revisions"}],"wp:featuredmedia":[{"embeddable":true,"href":"https:\/\/www.europesays.com\/fr\/wp-json\/wp\/v2\/media\/1157960"}],"wp:attachment":[{"href":"https:\/\/www.europesays.com\/fr\/wp-json\/wp\/v2\/media?parent=1157959"}],"wp:term":[{"taxonomy":"category","embeddable":true,"href":"https:\/\/www.europesays.com\/fr\/wp-json\/wp\/v2\/categories?post=1157959"},{"taxonomy":"post_tag","embeddable":true,"href":"https:\/\/www.europesays.com\/fr\/wp-json\/wp\/v2\/tags?post=1157959"}],"curies":[{"name":"wp","href":"https:\/\/api.w.org\/{rel}","templated":true}]}}