{"id":115796,"date":"2025-05-21T02:37:20","date_gmt":"2025-05-21T02:37:20","guid":{"rendered":"https:\/\/www.europesays.com\/fr\/115796\/"},"modified":"2025-05-21T02:37:20","modified_gmt":"2025-05-21T02:37:20","slug":"dimanche-25-mai-dix-points-de-depart-pour-une-grande-velorution-a-strasbourg","status":"publish","type":"post","link":"https:\/\/www.europesays.com\/fr\/115796\/","title":{"rendered":"Dimanche 25 mai, dix points de d\u00e9part pour une grande v\u00e9lorution \u00e0 Strasbourg"},"content":{"rendered":"<p class=\"wp-block-post-excerpt__excerpt\">Dimanche 25 mai, des cyclistes manifestent \u00e0 v\u00e9lo pour r\u00e9clamer plus de s\u00e9curit\u00e9 et d\u2019am\u00e9nagements \u00e0 Strasbourg. Avec dix itin\u00e9raires pr\u00e9vus, les cyclistes de toute l\u2019Eurom\u00e9tropole sont appel\u00e9s \u00e0 converger vers le centre-ville. <\/p>\n<p class=\"font-sans\">\n\t\t\tCet article est en acc\u00e8s libre. Pour soutenir Rue89 Strasbourg,<br \/>\n\t\t\t<a class=\"underline\" href=\"https:\/\/www.rue89strasbourg.com\/abonnement\" target=\"_blank\" rel=\"noopener\">abonnez-vous<\/a>.\n\t\t<\/p>\n<p>Camille Balzinger<\/p>\n<p>Publi\u00e9 le 20 mai 2025\u00a0\u00a0\u00b7\u00a0\u00a0<\/p>\n<p>Imprim\u00e9 le 21 mai 2025 \u00e0 04h29\u00a0\u00a0\u00b7\u00a0\u00a0<\/p>\n<p>\t\t\t\t\t2\u00a0minutes\n<\/p>\n<p>L\u2019association Strasbourg \u00e0 V\u00e9lo (SAV) organise dimanche 25 mai la deuxi\u00e8me \u00e9dition de sa grande v\u00e9lorution convergente, en direction de Strasbourg. Cette manifestation de cyclistes veut promouvoir les am\u00e9nagements cyclables \u00ab\u00a0continus, s\u00e9curis\u00e9s et qualitatifs\u00a0\u00bb. <\/p>\n<p><a href=\"https:\/\/www.rue89strasbourg.com\/abonnement\" target=\"_blank\" rel=\"noopener\"><img loading=\"lazy\" decoding=\"async\" width=\"970\" height=\"250\" src=\"https:\/\/www.europesays.com\/fr\/wp-content\/uploads\/2025\/05\/bannie\u0300re-autopromo-2025-desktop-1.gif\" alt=\"\" class=\"wp-image-343590\" style=\"width:792px\"\/><\/a><\/p>\n<p><a href=\"https:\/\/www.rue89strasbourg.com\/abonnement\" target=\"_blank\" rel=\"noopener\"><img loading=\"lazy\" decoding=\"async\" width=\"300\" height=\"300\" src=\"https:\/\/www.europesays.com\/fr\/wp-content\/uploads\/2025\/05\/bannieres@2x.png\" alt=\"\" class=\"wp-image-341656\"  \/><\/a><\/p>\n<p>Dix points de d\u00e9part<\/p>\n<p>Des d\u00e9parts sont pr\u00e9vus de dix endroits diff\u00e9rents pour une arriv\u00e9e commune place Broglie, au centre-ville de Strasbourg, \u00e0 15h. \u00c0 partir de la place Broglie, manifestantes et manifestants chemineront ensuite ensemble d\u00e8s 15h30 en suivant un itin\u00e9raire dans la Neustadt. Le trajet pr\u00e9cis est en cours d\u2019\u00e9laboration avec la pr\u00e9fecture.<\/p>\n<p>Les dix points de d\u00e9part sont les suivants\u00a0:<\/p>\n<ul class=\"wp-block-list\">\n<li>13h, <strong>Offenbourg<\/strong>, B\u00fcrgerpark<\/li>\n<li>13h45, <strong>Reichstett<\/strong>, mairie\u00a0\u2013 24 rue de la Wantzenau<\/li>\n<li>14h, <strong>Cronenbourg<\/strong>, Square St Florent<\/li>\n<li>14h, <strong>Lingolsheim<\/strong>, m\u00e9diath\u00e8que Gis\u00e8le Halimi\u00a0\u2013 8 rue de la Biblioth\u00e8que<\/li>\n<li>14h, <strong>Souffelwersheim<\/strong>, mairie\u00a0\u2013 1 place du Gal de Gaulle<\/li>\n<li>14h15, <strong>Hoenheim<\/strong>, mairie\u00a0\u2013 28 rue de la R\u00e9publique<\/li>\n<li>14h30, <strong>Koenigshoffen<\/strong>, place Gruber\u00a0\u2013 91 route des Romains<\/li>\n<li>14h30, <strong>Bischheim<\/strong>, mairie\u00a0\u2013 37 route de Bischwiller<\/li>\n<li>14h30, <strong>Montage Verte<\/strong>, place d\u2019Ostwald<\/li>\n<li>14h40, <strong>Schiltigheim<\/strong>, mairie\u00a0\u2013 110 route de Bischwiller<\/li>\n<\/ul>\n<p>\t\tTrois objectifs<\/p>\n<p>La manifestation poursuit trois objectifs. Le premier est de promouvoir le v\u00e9lo comme un mode de d\u00e9placement \u00e0 part enti\u00e8re. Le second but\u00a0: s\u00e9curiser les trajets \u00e0 v\u00e9lo, notamment ceux des coll\u00e9giens de l\u2019Eurom\u00e9tropole. Le troisi\u00e8me consiste \u00e0 mettre en avant l\u2019enqu\u00eate de la F\u00e9d\u00e9ration fran\u00e7aise des Usag\u00e8res et Usagers de la Bicyclette (FUB) <a href=\"https:\/\/www.barometre-velo.fr\/\" target=\"_blank\" rel=\"noreferrer noopener\">intitul\u00e9e \u00ab\u00a0barom\u00e8tre v\u00e9lo\u00a0\u00bb<\/a>. Celui-ci classe les villes de France en fonction de la s\u00e9curit\u00e9 des trajets \u00e0 v\u00e9lo. La FUB invite tous les cyclistes \u00e0 r\u00e9pondre \u00e0 son questionnaire ouvert disponible en ligne jusqu\u2019au 2 juin. Il faut environ 15 minutes pour r\u00e9pondre aux 30 questions r\u00e9parties en cinq cat\u00e9gories\u00a0(ressenti g\u00e9n\u00e9ral, s\u00e9curit\u00e9, confort, offre de services et engagement des collectivit\u00e9s).<\/p>\n<p>En 2024, une premi\u00e8re \u00e9dition de la v\u00e9lorution convergente organis\u00e9e par l\u2019association SAV avait r\u00e9uni plus de 700 personnes. Le trajet chemine entre 10 et 12 km\/h, afin d\u2019\u00eatre accessible au plus grand nombre possible de cyclistes.<\/p>\n<p>Y <strong>aller<\/strong><\/p>\n<p><strong>2\u00e8me \u00e9dition de la v\u00e9lorution convergente<\/strong>, dimanche 25 mai 2025, d\u00e9parts diff\u00e9r\u00e9s en fonction des quartiers, rendez-vous \u00e0 15h place Broglie, au centre-ville de Strasbourg pour la convergence, puis d\u00e9part commun \u00e0 15h30. Plus d\u2019informations <a href=\"https:\/\/www.strasbourgavelo.org\/convergence-strasbourgeoise-dimanche-25-mai\/\" target=\"_blank\" rel=\"noreferrer noopener\">sur le site web<\/a> de Strasbourg \u00e0 V\u00e9lo.<\/p>\n","protected":false},"excerpt":{"rendered":"Dimanche 25 mai, des cyclistes manifestent \u00e0 v\u00e9lo pour r\u00e9clamer plus de s\u00e9curit\u00e9 et d\u2019am\u00e9nagements \u00e0 Strasbourg. Avec&hellip;\n","protected":false},"author":2,"featured_media":115797,"comment_status":"","ping_status":"","sticky":false,"template":"","format":"standard","meta":{"footnotes":""},"categories":[2820],"tags":[1111,11,1777,674,1011,27,775,2088,12,25,640,23605,23606],"class_list":{"0":"post-115796","1":"post","2":"type-post","3":"status-publish","4":"format-standard","5":"has-post-thumbnail","7":"category-strasbourg","8":"tag-actu","9":"tag-actualites","10":"tag-eu","11":"tag-europe","12":"tag-fr","13":"tag-france","14":"tag-grand-est","15":"tag-manifestation","16":"tag-news","17":"tag-republique-francaise","18":"tag-strasbourg","19":"tag-strasbourg-a-velo","20":"tag-velorution"},"share_on_mastodon":{"url":"https:\/\/pubeurope.com\/@fr\/114543502524329669","error":""},"_links":{"self":[{"href":"https:\/\/www.europesays.com\/fr\/wp-json\/wp\/v2\/posts\/115796","targetHints":{"allow":["GET"]}}],"collection":[{"href":"https:\/\/www.europesays.com\/fr\/wp-json\/wp\/v2\/posts"}],"about":[{"href":"https:\/\/www.europesays.com\/fr\/wp-json\/wp\/v2\/types\/post"}],"author":[{"embeddable":true,"href":"https:\/\/www.europesays.com\/fr\/wp-json\/wp\/v2\/users\/2"}],"replies":[{"embeddable":true,"href":"https:\/\/www.europesays.com\/fr\/wp-json\/wp\/v2\/comments?post=115796"}],"version-history":[{"count":0,"href":"https:\/\/www.europesays.com\/fr\/wp-json\/wp\/v2\/posts\/115796\/revisions"}],"wp:featuredmedia":[{"embeddable":true,"href":"https:\/\/www.europesays.com\/fr\/wp-json\/wp\/v2\/media\/115797"}],"wp:attachment":[{"href":"https:\/\/www.europesays.com\/fr\/wp-json\/wp\/v2\/media?parent=115796"}],"wp:term":[{"taxonomy":"category","embeddable":true,"href":"https:\/\/www.europesays.com\/fr\/wp-json\/wp\/v2\/categories?post=115796"},{"taxonomy":"post_tag","embeddable":true,"href":"https:\/\/www.europesays.com\/fr\/wp-json\/wp\/v2\/tags?post=115796"}],"curies":[{"name":"wp","href":"https:\/\/api.w.org\/{rel}","templated":true}]}}