{"id":1157966,"date":"2026-08-30T20:31:31","date_gmt":"2026-08-30T20:31:31","guid":{"rendered":"https:\/\/www.europesays.com\/fr\/1157966\/"},"modified":"2026-08-30T20:31:31","modified_gmt":"2026-08-30T20:31:31","slug":"haute-loire-il-chute-dans-un-ravin-a-alleyras-un-vetetiste-helitreuille","status":"publish","type":"post","link":"https:\/\/www.europesays.com\/fr\/1157966\/","title":{"rendered":"Haute-Loire. Il chute dans un ravin \u00e0 Alleyras\u00a0: un v\u00e9t\u00e9tiste h\u00e9litreuill\u00e9"},"content":{"rendered":"<p>Un important dispositif de secours a \u00e9t\u00e9 d\u00e9ploy\u00e9 en fin de matin\u00e9e, ce dimanche 30\u00a0ao\u00fbt, dans la vall\u00e9e de l\u2019Allier, pour secourir un sportif en f\u00e2cheuse posture. Il effectuait une sortie \u00e0 VTT lorsqu\u2019il a chut\u00e9 dans un ravin particuli\u00e8rement difficile d\u2019acc\u00e8s aux Aurenches, lieu-dit rattach\u00e9 \u00e0 la commune d\u2019Alleyras.<\/p>\n<p>  Quinze pompiers mobilis\u00e9s<\/p>\n<p>Une quinzaine de sapeurs-pompiers de Saugues, Loudes, le Puy-en-Velay, Laussonne et le Monastier-sur-Gazeille, ainsi qu\u2019un \u00e9quipage du SMPM (Secours en milieu p\u00e9rilleux et montagne) ont secouru la victime, \u00e2g\u00e9e de 33 ans.<\/p>\n<p>L\u2019h\u00e9licopt\u00e8re de la s\u00e9curit\u00e9 civile du Puy-de-D\u00f4me, Dragon 63, est \u00e9galement intervenu pour h\u00e9litreuiller le sportif. Il a ensuite \u00e9t\u00e9 pris en charge en urgence relative et conduit par voie terrestre au centre hospitalier \u00c9mile-Roux.<\/p>\n","protected":false},"excerpt":{"rendered":"Un important dispositif de secours a \u00e9t\u00e9 d\u00e9ploy\u00e9 en fin de matin\u00e9e, ce dimanche 30\u00a0ao\u00fbt, dans la vall\u00e9e&hellip;\n","protected":false},"author":2,"featured_media":1157967,"comment_status":"","ping_status":"","sticky":false,"template":"","format":"standard","meta":{"footnotes":"","_share_on_mastodon":"0"},"categories":[1411],"tags":[119,118789,1154,207,274,107,1011,27,4002,60],"class_list":["post-1157966","post","type-post","status-publish","format-standard","has-post-thumbnail","category-cyclisme","tag-accident","tag-alleyras","tag-cycling","tag-cyclisme","tag-faits-divers-justice","tag-fil-info","tag-fr","tag-france","tag-haute-loire","tag-sports"],"share_on_mastodon":{"url":"https:\/\/pubeurope.com\/@fr\/117186362493697821","error":""},"_links":{"self":[{"href":"https:\/\/www.europesays.com\/fr\/wp-json\/wp\/v2\/posts\/1157966","targetHints":{"allow":["GET"]}}],"collection":[{"href":"https:\/\/www.europesays.com\/fr\/wp-json\/wp\/v2\/posts"}],"about":[{"href":"https:\/\/www.europesays.com\/fr\/wp-json\/wp\/v2\/types\/post"}],"author":[{"embeddable":true,"href":"https:\/\/www.europesays.com\/fr\/wp-json\/wp\/v2\/users\/2"}],"replies":[{"embeddable":true,"href":"https:\/\/www.europesays.com\/fr\/wp-json\/wp\/v2\/comments?post=1157966"}],"version-history":[{"count":0,"href":"https:\/\/www.europesays.com\/fr\/wp-json\/wp\/v2\/posts\/1157966\/revisions"}],"wp:featuredmedia":[{"embeddable":true,"href":"https:\/\/www.europesays.com\/fr\/wp-json\/wp\/v2\/media\/1157967"}],"wp:attachment":[{"href":"https:\/\/www.europesays.com\/fr\/wp-json\/wp\/v2\/media?parent=1157966"}],"wp:term":[{"taxonomy":"category","embeddable":true,"href":"https:\/\/www.europesays.com\/fr\/wp-json\/wp\/v2\/categories?post=1157966"},{"taxonomy":"post_tag","embeddable":true,"href":"https:\/\/www.europesays.com\/fr\/wp-json\/wp\/v2\/tags?post=1157966"}],"curies":[{"name":"wp","href":"https:\/\/api.w.org\/{rel}","templated":true}]}}