{"id":1157968,"date":"2026-08-30T20:33:13","date_gmt":"2026-08-30T20:33:13","guid":{"rendered":"https:\/\/www.europesays.com\/fr\/1157968\/"},"modified":"2026-08-30T20:33:13","modified_gmt":"2026-08-30T20:33:13","slug":"mercato-fc-nantes-un-canari-senvole-pour-la-roche-sur-yon","status":"publish","type":"post","link":"https:\/\/www.europesays.com\/fr\/1157968\/","title":{"rendered":"Mercato. FC Nantes\u00a0: un Canari s\u2019envole pour La Roche-sur-Yon"},"content":{"rendered":"<p data-ofstats-scroll=\"read_depth_50\">\u00c0 deux jours de la fin du mercato, <a href=\"https:\/\/www.ouest-france.fr\/sport\/football\/fc-nantes\/mercato-le-fc-nantes-se-prepare-a-un-lundi-agite-e12eb2cc-a49c-11f1-94d9-ff4da0548a19\" target=\"_self\" rel=\"nofollow noopener\">le FC Nantes s\u2019att\u00e8le \u00e0 r\u00e9duire son effectif<\/a> et all\u00e9ger les secteurs embouteill\u00e9s. Selon nos informations,<a href=\"https:\/\/www.ouest-france.fr\/sport\/football\/fc-nantes\/fc-nantes-hugo-lamy-linvite-surprise-de-la-rentree-31b9ad40-93cd-11f1-8bae-616c424ae7e0\" target=\"_self\" rel=\"nofollow noopener\"> Hugo Lamy<\/a> est en partance pour le Vend\u00e9e FC La Roche, surprenant promu en Ligue 3. Auteur d\u2019un d\u00e9but de saison canon et invaincu en quatre journ\u00e9es, <a href=\"https:\/\/www.ouest-france.fr\/sport\/football\/la-roche-vendee\/ligue-3-mansour-samb-un-piston-droit-a-quelle-fin-de-mercato-doit-on-sattendre-du-cote-du-vendee-fc-la-roche-afc923e6-a449-11f1-94d9-ff4da0548a19\" target=\"_self\" rel=\"nofollow noopener\">le club vend\u00e9en cherchait un piston droit.<\/a> Il pourrait l\u2019avoir trouv\u00e9 chez le voisin nantais, sous la forme d\u2019un pr\u00eat du franco-suisse. Lors de la pr\u00e9paration, Hugo Lamy, 22 ans, avait d\u2019ailleurs affront\u00e9 les Vend\u00e9ens \u00e0 ce poste\u00a0(1-1).<\/p>\n<p>        Un match en Ligue 2<\/p>\n<p data-ofstats-scroll=\"read_depth_70\">Arriv\u00e9 \u00e0 Nantes \u00e0 l\u2019\u00e9t\u00e9 2025, le natif de Lagny-sur-Marne\u00a0(Seine-et-Marne) s\u2019est impos\u00e9 comme un pilier de l\u2019\u00e9quipe r\u00e9serve\u00a0(N2) de St\u00e9phane Ziani la saison pass\u00e9e. Form\u00e9 au Paris SG, l\u2019ancien capitaine de Youth League ambitionnait de rebondir aux \u00e9tages sup\u00e9rieurs.<\/p>\n<p data-ofstats-scroll=\"read_depth_100\">Le FC Nantes lui avait ouvert une porte lors de son match d\u2019ouverture de la saison, contre le Red Star\u00a0(0-1), en Ligue 2. Elle s\u2019est referm\u00e9e avec les recrutements d\u2019Amin Chemi et Ryad Hachem, mais aussi la pr\u00e9sence de Kelvin Amian, Fr\u00e9d\u00e9ric Guilbert et Fabien Centonze.<\/p>\n","protected":false},"excerpt":{"rendered":"\u00c0 deux jours de la fin du mercato, le FC Nantes s\u2019att\u00e8le \u00e0 r\u00e9duire son effectif et all\u00e9ger&hellip;\n","protected":false},"author":2,"featured_media":1157969,"comment_status":"","ping_status":"","sticky":false,"template":"","format":"standard","meta":{"footnotes":"","_share_on_mastodon":"0"},"categories":[1410],"tags":[814,462,63,1011,27,13289,446,99914,3047,766,517,60,97298,88989],"class_list":["post-1157968","post","type-post","status-publish","format-standard","has-post-thumbnail","category-football","tag-direct","tag-fc-nantes","tag-football","tag-fr","tag-france","tag-la-roche-sur-yon","tag-ligue-2","tag-ligue-3","tag-loire-atlantique","tag-nantes","tag-sport","tag-sports","tag-transferts-mercato","tag-vendee-foot-club-la-roche"],"share_on_mastodon":{"url":"https:\/\/pubeurope.com\/@fr\/117186370268870215","error":""},"_links":{"self":[{"href":"https:\/\/www.europesays.com\/fr\/wp-json\/wp\/v2\/posts\/1157968","targetHints":{"allow":["GET"]}}],"collection":[{"href":"https:\/\/www.europesays.com\/fr\/wp-json\/wp\/v2\/posts"}],"about":[{"href":"https:\/\/www.europesays.com\/fr\/wp-json\/wp\/v2\/types\/post"}],"author":[{"embeddable":true,"href":"https:\/\/www.europesays.com\/fr\/wp-json\/wp\/v2\/users\/2"}],"replies":[{"embeddable":true,"href":"https:\/\/www.europesays.com\/fr\/wp-json\/wp\/v2\/comments?post=1157968"}],"version-history":[{"count":0,"href":"https:\/\/www.europesays.com\/fr\/wp-json\/wp\/v2\/posts\/1157968\/revisions"}],"wp:featuredmedia":[{"embeddable":true,"href":"https:\/\/www.europesays.com\/fr\/wp-json\/wp\/v2\/media\/1157969"}],"wp:attachment":[{"href":"https:\/\/www.europesays.com\/fr\/wp-json\/wp\/v2\/media?parent=1157968"}],"wp:term":[{"taxonomy":"category","embeddable":true,"href":"https:\/\/www.europesays.com\/fr\/wp-json\/wp\/v2\/categories?post=1157968"},{"taxonomy":"post_tag","embeddable":true,"href":"https:\/\/www.europesays.com\/fr\/wp-json\/wp\/v2\/tags?post=1157968"}],"curies":[{"name":"wp","href":"https:\/\/api.w.org\/{rel}","templated":true}]}}