{"id":1157972,"date":"2026-08-30T20:35:39","date_gmt":"2026-08-30T20:35:39","guid":{"rendered":"https:\/\/www.europesays.com\/fr\/1157972\/"},"modified":"2026-08-30T20:35:39","modified_gmt":"2026-08-30T20:35:39","slug":"quatre-photographes-exposent-jusquau-dimanche-6-septembre-a-la-chapl-a-concarneau","status":"publish","type":"post","link":"https:\/\/www.europesays.com\/fr\/1157972\/","title":{"rendered":"Quatre photographes exposent jusqu\u2019au dimanche 6\u00a0septembre \u00e0 la Chap\u2019L \u00e0 Concarneau"},"content":{"rendered":"<p>Plusieurs dizaines de photographies r\u00e9alis\u00e9es par quatre artistes du pays de Concarneau couvrent les murs de la Chap\u2019L, en Ville Close, \u00e0 Concarneau. L\u2019association locale Cam &amp; L\u00e9on organise, pour la deuxi\u00e8me ann\u00e9e cons\u00e9cutive, cette exposition qui a rencontr\u00e9 en 2025 un succ\u00e8s consid\u00e9rable. \u00ab\u00a0Depuis l\u2019ouverture jeudi, nous avons d\u00e9j\u00e0 accueilli des centaines de personnes\u00a0\u00bb, assure Marima, l\u2019une des organisatrices.<\/p>\n<p>Les photographes Veka, Tiska Louve, Laureen Keravec et Marima (alias Artsensiblement) ont chacun un univers diff\u00e9rent.<\/p>\n<p>Des ateliers et un spectacle d\u2019impro<\/p>\n<p>Deux ateliers autour de la d\u00e9couverte du polaro\u00efd et de la manipulation de vieux appareils photographiques seront propos\u00e9s, mercredi 2 septembre, de 11\u00a0h \u00e0 12\u00a0h et de 14\u00a0h \u00e0 15\u00a0h. Un spectacle d\u2019improvisation (1\u00a0h\u00a015) mis en sc\u00e8ne et jou\u00e9 par Mari-Ma\u00ebl Tanneau, accompagn\u00e9e de Fr\u00e9d\u00e9ric Pont, sera pr\u00e9sent\u00e9 samedi 5 septembre, \u00e0 20\u00a0h (jauge de 45 personnes).<\/p>\n<p>Pratique<\/p>\n<p class=\"note\">Exposition visible jusqu\u2019au dimanche 6 septembre, de 10\u00a0h \u00e0 17\u00a0h, \u00e0 la Chap\u2019L en Ville Close, \u00e0 Concarneau.<\/p>\n","protected":false},"excerpt":{"rendered":"Plusieurs dizaines de photographies r\u00e9alis\u00e9es par quatre artistes du pays de Concarneau couvrent les murs de la Chap\u2019L,&hellip;\n","protected":false},"author":2,"featured_media":1157973,"comment_status":"","ping_status":"","sticky":false,"template":"","format":"standard","meta":{"footnotes":"","_share_on_mastodon":"0"},"categories":[1358],"tags":[1063,1348,1384,1385,3322,1386,58,59,3293,1011,27,1393,1756],"class_list":["post-1157972","post","type-post","status-publish","format-standard","has-post-thumbnail","category-arts-et-design","tag-animations","tag-arts","tag-arts-and-design","tag-arts-et-design","tag-concarneau","tag-design","tag-divertissement","tag-entertainment","tag-exposition","tag-fr","tag-france","tag-loisirs","tag-photographie"],"share_on_mastodon":{"url":"https:\/\/pubeurope.com\/@fr\/117186378191579041","error":""},"_links":{"self":[{"href":"https:\/\/www.europesays.com\/fr\/wp-json\/wp\/v2\/posts\/1157972","targetHints":{"allow":["GET"]}}],"collection":[{"href":"https:\/\/www.europesays.com\/fr\/wp-json\/wp\/v2\/posts"}],"about":[{"href":"https:\/\/www.europesays.com\/fr\/wp-json\/wp\/v2\/types\/post"}],"author":[{"embeddable":true,"href":"https:\/\/www.europesays.com\/fr\/wp-json\/wp\/v2\/users\/2"}],"replies":[{"embeddable":true,"href":"https:\/\/www.europesays.com\/fr\/wp-json\/wp\/v2\/comments?post=1157972"}],"version-history":[{"count":0,"href":"https:\/\/www.europesays.com\/fr\/wp-json\/wp\/v2\/posts\/1157972\/revisions"}],"wp:featuredmedia":[{"embeddable":true,"href":"https:\/\/www.europesays.com\/fr\/wp-json\/wp\/v2\/media\/1157973"}],"wp:attachment":[{"href":"https:\/\/www.europesays.com\/fr\/wp-json\/wp\/v2\/media?parent=1157972"}],"wp:term":[{"taxonomy":"category","embeddable":true,"href":"https:\/\/www.europesays.com\/fr\/wp-json\/wp\/v2\/categories?post=1157972"},{"taxonomy":"post_tag","embeddable":true,"href":"https:\/\/www.europesays.com\/fr\/wp-json\/wp\/v2\/tags?post=1157972"}],"curies":[{"name":"wp","href":"https:\/\/api.w.org\/{rel}","templated":true}]}}