{"id":115798,"date":"2025-05-21T02:38:14","date_gmt":"2025-05-21T02:38:14","guid":{"rendered":"https:\/\/www.europesays.com\/fr\/115798\/"},"modified":"2025-05-21T02:38:14","modified_gmt":"2025-05-21T02:38:14","slug":"un-vaste-exercice-a-notre-dame","status":"publish","type":"post","link":"https:\/\/www.europesays.com\/fr\/115798\/","title":{"rendered":"un vaste exercice \u00e0 Notre-Dame"},"content":{"rendered":"<p>Un nuage de fausse fum\u00e9e blanche a marqu\u00e9 le d\u00e9but des op\u00e9rations, \u00e0 13\u00a0h\u00a035\u00a0: les alentours de la cath\u00e9drale de Strasbourg \u00e9taient en effervescence, ce mardi apr\u00e8s-midi. D&rsquo;importants moyens ont \u00e9t\u00e9 mobilis\u00e9s pour un vaste exercice de s\u00e9curit\u00e9 civile.\u00a0<\/p>\n<p>Sauvegarder les biens culturels en cas de \u00ab catastrophe\u00a0\u00bb<\/p>\n<p>Pilot\u00e9e par la pr\u00e9fecture du Bas-Rhin, cette manoeuvre avait notamment pour objectif de mettre \u00e0 l&rsquo;\u00e9preuve le \u00ab plan de sauvegarde des biens culturels de la cath\u00e9drale\u00a0\u00bb, qui vise \u00e0 pr\u00e9server les tr\u00e9sors abrit\u00e9s par Notre-Dame \u00ab\u00a0en cas de catastrophe ou de crise majeure\u00a0\u00bb.<\/p>\n<p>Outre les services d&rsquo;ordre et de secours, l&rsquo;exercice a mobilis\u00e9 ainsi la direction r\u00e9gionale des affaires culturelles (Drac), la Fondation de l\u2019Oeuvre Notre-Dame, la Ville et le conseil de fabrique.<\/p>\n<p>  Des restrictions de circulation<\/p>\n<p>Durant l&rsquo;exercice, qui devait durer jusqu&rsquo;\u00e0 18\u00a0h environ, l&rsquo;acc\u00e8s \u00e0 la zone d&rsquo;exercice, qui englobe la cath\u00e9drale, le parvis, la place du Ch\u00e2teau et la rue Merci\u00e8re, a \u00e9t\u00e9 ferm\u00e9 au public et d\u00e9limit\u00e9 par des barri\u00e8res, d\u00e9taille la pr\u00e9fecture. Les commerces, mus\u00e9es et le lyc\u00e9e Fustel de Coulanges restaient accessibles par voie pi\u00e9tonne d\u00e9limit\u00e9e.<\/p>\n<p>La rue de la Douane a \u00e9t\u00e9 interdite de circulation de 12\u00a0h\u00a030 \u00e0 15\u00a0h (exception faite pour les v\u00e9hicules du parking souterrain et du cabinet ophtalmologique).<\/p>\n","protected":false},"excerpt":{"rendered":"Un nuage de fausse fum\u00e9e blanche a marqu\u00e9 le d\u00e9but des op\u00e9rations, \u00e0 13\u00a0h\u00a035\u00a0: les alentours de la&hellip;\n","protected":false},"author":2,"featured_media":115799,"comment_status":"","ping_status":"","sticky":false,"template":"","format":"standard","meta":{"footnotes":""},"categories":[2820],"tags":[1111,11,2389,2649,1687,2880,1777,674,274,107,1011,27,775,12,25,640],"class_list":{"0":"post-115798","1":"post","2":"type-post","3":"status-publish","4":"format-standard","5":"has-post-thumbnail","7":"category-strasbourg","8":"tag-actu","9":"tag-actualites","10":"tag-alsace","11":"tag-bas-rhin","12":"tag-culture-loisirs","13":"tag-edition-strasbourg","14":"tag-eu","15":"tag-europe","16":"tag-faits-divers-justice","17":"tag-fil-info","18":"tag-fr","19":"tag-france","20":"tag-grand-est","21":"tag-news","22":"tag-republique-francaise","23":"tag-strasbourg"},"share_on_mastodon":{"url":"https:\/\/pubeurope.com\/@fr\/114543506471894096","error":""},"_links":{"self":[{"href":"https:\/\/www.europesays.com\/fr\/wp-json\/wp\/v2\/posts\/115798","targetHints":{"allow":["GET"]}}],"collection":[{"href":"https:\/\/www.europesays.com\/fr\/wp-json\/wp\/v2\/posts"}],"about":[{"href":"https:\/\/www.europesays.com\/fr\/wp-json\/wp\/v2\/types\/post"}],"author":[{"embeddable":true,"href":"https:\/\/www.europesays.com\/fr\/wp-json\/wp\/v2\/users\/2"}],"replies":[{"embeddable":true,"href":"https:\/\/www.europesays.com\/fr\/wp-json\/wp\/v2\/comments?post=115798"}],"version-history":[{"count":0,"href":"https:\/\/www.europesays.com\/fr\/wp-json\/wp\/v2\/posts\/115798\/revisions"}],"wp:featuredmedia":[{"embeddable":true,"href":"https:\/\/www.europesays.com\/fr\/wp-json\/wp\/v2\/media\/115799"}],"wp:attachment":[{"href":"https:\/\/www.europesays.com\/fr\/wp-json\/wp\/v2\/media?parent=115798"}],"wp:term":[{"taxonomy":"category","embeddable":true,"href":"https:\/\/www.europesays.com\/fr\/wp-json\/wp\/v2\/categories?post=115798"},{"taxonomy":"post_tag","embeddable":true,"href":"https:\/\/www.europesays.com\/fr\/wp-json\/wp\/v2\/tags?post=115798"}],"curies":[{"name":"wp","href":"https:\/\/api.w.org\/{rel}","templated":true}]}}