{"id":1157990,"date":"2026-08-30T20:47:16","date_gmt":"2026-08-30T20:47:16","guid":{"rendered":"https:\/\/www.europesays.com\/fr\/1157990\/"},"modified":"2026-08-30T20:47:16","modified_gmt":"2026-08-30T20:47:16","slug":"avec-sa-guerre-contre-liran-donald-trump-paracheve-le-recul-strategique-de-lamerique-au-moyen-orient","status":"publish","type":"post","link":"https:\/\/www.europesays.com\/fr\/1157990\/","title":{"rendered":"Avec sa guerre contre l\u2019Iran, Donald Trump parach\u00e8ve le recul strat\u00e9gique de l\u2019Am\u00e9rique au Moyen-Orient"},"content":{"rendered":"<p>\n    <strong>ANALYSE &#8211;<\/strong> Six mois apr\u00e8s son d\u00e9clenchement, l\u2019op\u00e9ration a tourn\u00e9 \u00e0 un match nul embarrassant pour les \u00c9tats-Unis, r\u00e9duisant leur prestige et donnant une vigueur nouvelle \u00e0 la R\u00e9publique islamique qui les d\u00e9fie depuis 47\u00a0ans.<\/p>\n<p class=\"fig-paragraph\">Six mois apr\u00e8s son d\u00e9clenchement, la campagne \u00e9clair de\u00a0<a href=\"http:\/\/www.lefigaro.fr\/conjoncture\/guerre-au-moyen-orient-donald-trump-aurait-il-vraiment-pu-taxer-les-navires-dans-le-detroit-d-ormuz-comme-il-l-envisageait-20260715\" data-fig-type=\"NewsFlash\" data-gtm-custom-categorie=\"navigation\" data-gtm-custom-action=\"crossclick\" data-gtm-custom-label=\"Contextuel\" data-gtm-event=\"customEventSPE\" data-fig-domain=\"LEFIGARO\" rel=\"nofollow noopener\" target=\"_blank\">Donald Trump<\/a>\u00a0a mut\u00e9 en une curieuse semi-guerre qui a transform\u00e9 le\u00a0<a href=\"http:\/\/www.lefigaro.fr\/societes\/les-aeroports-de-dubai-et-doha-durablement-affectes-par-le-conflit-au-moyen-orient-20260826\" data-fig-type=\"Article\" data-gtm-custom-categorie=\"navigation\" data-gtm-custom-action=\"crossclick\" data-gtm-custom-label=\"Contextuel\" data-gtm-event=\"customEventSPE\" data-fig-domain=\"LEFIGARO\" rel=\"nofollow noopener\" target=\"_blank\">Moyen-Orient<\/a>\u00a0de fa\u00e7on impr\u00e9vue. Les \u00c9tats-Unis, longtemps la puissance dominante dans la r\u00e9gion, sont dans une impasse strat\u00e9gique dont ils peinent \u00e0 s\u2019extraire. Au lieu de pr\u00e9cipiter la chute de la R\u00e9publique islamique iranienne, la guerre lui a ouvert de nouvelles perspectives pour d\u00e9fier l\u2019ordre international. Commenc\u00e9 autour de la question du programme nucl\u00e9aire iranien, le conflit est devenu une \u00e9preuve de force pour le contr\u00f4le du\u00a0<a href=\"http:\/\/www.lefigaro.fr\/international\/pour-contourner-le-blocage-du-detroit-d-ormuz-les-etats-unis-menent-une-operation-secrete-pour-transporter-du-petrole-revele-axios-20260820\" data-fig-type=\"NewsFlash\" data-gtm-custom-categorie=\"navigation\" data-gtm-custom-action=\"crossclick\" data-gtm-custom-label=\"Contextuel\" data-gtm-event=\"customEventSPE\" data-fig-domain=\"LEFIGARO\" rel=\"nofollow noopener\" target=\"_blank\">d\u00e9troit d\u2019Ormuz<\/a>, route maritime qui \u00e9tait encore ouverte la veille du d\u00e9but des op\u00e9rations. Entre un cessez-le-feu incertain et un accord de paix \u00e9lusif, le conflit d\u00e9clench\u00e9 par Trump ressemble assez \u00e0 l\u2019une de ces \u00ab\u00a0guerres sans fin\u00a0\u00bb que le pr\u00e9sident am\u00e9ricain a tant raill\u00e9 chez ses pr\u00e9d\u00e9cesseurs.<\/p>\n<p class=\"fig-paragraph\">Ormuz, d\u00e9troit strat\u00e9gique, est le nouvel enjeu r\u00e9gional.\u00a0<a href=\"http:\/\/www.lefigaro.fr\/vox\/monde\/yves-bomati-paris-teheran-quand-la-diplomatie-revele-les-crispations-d-un-regime-20260731\" data-fig-type=\"Article\" data-gtm-custom-categorie=\"navigation\" data-gtm-custom-action=\"crossclick\" data-gtm-custom-label=\"Contextuel\" data-gtm-event=\"customEventSPE\" data-fig-domain=\"LEFIGARO\" rel=\"nofollow noopener\" target=\"_blank\">T\u00e9h\u00e9ran<\/a>\u00a0est d\u00e9termin\u00e9 \u00e0 p\u00e9renniser son contr\u00f4le de fait sur ces eaux internationales\u2026<\/p>\n<p class=\"fig-premium-paywall__infos\">\n        Cet article est r\u00e9serv\u00e9 aux abonn\u00e9s.        Il vous reste 96% \u00e0 d\u00e9couvrir.\n    <\/p>\n<p>                <img  data- alt=\"Le Figaro\" class=\"fig-img--complete fig-img\"\/><\/p>\n<p class=\"fig-premium-paywall__title\">Vous avez envie de lire la suite ?<\/p>\n<p class=\"fig-premium-paywall__subtitle\">D\u00e9bloquez tous les articles imm\u00e9diatement.<\/p>\n<p class=\"fig-premium-paywall__connect\">\n                D\u00e9j\u00e0 abonn\u00e9\u00a0?                <a class=\"fig-premium-paywall__connect-link\" href=\"https:\/\/connect.lefigaro.fr\/login?client=horizon_web&amp;type=main&amp;redirect_uri=https%3A%2F%2Fwww.lefigaro.fr%2Finternational%2Favec-sa-guerre-contre-l-iran-donald-trump-paracheve-le-recul-strategique-de-l-amerique-au-moyen-orient-20260830\" data-js-gtm=\"{&quot;event&quot;:&quot;customEventGA4&quot;,&quot;eventName&quot;:&quot;click_action&quot;,&quot;feature&quot;:&quot;paywall&quot;,&quot;location&quot;:&quot;paywall&quot;,&quot;button_action&quot;:&quot;connect&quot;,&quot;click_text&quot;:&quot;Connectez-vous&quot;}\" rel=\"nofollow noopener\" target=\"_blank\"><br \/>\n                    Connectez-vous<br \/>\n                <\/a>\n            <\/p>\n","protected":false},"excerpt":{"rendered":"ANALYSE &#8211; Six mois apr\u00e8s son d\u00e9clenchement, l\u2019op\u00e9ration a tourn\u00e9 \u00e0 un match nul embarrassant pour les \u00c9tats-Unis,&hellip;\n","protected":false},"author":2,"featured_media":1157991,"comment_status":"","ping_status":"","sticky":false,"template":"","format":"standard","meta":{"footnotes":"","_share_on_mastodon":"0"},"categories":[5],"tags":[11,75,1011,27,85394,14,12,28],"class_list":["post-1157990","post","type-post","status-publish","format-standard","has-post-thumbnail","category-international","tag-actualites","tag-donald-trump","tag-fr","tag-france","tag-guerre-en-iran","tag-international","tag-news","tag-world"],"share_on_mastodon":{"url":"https:\/\/pubeurope.com\/@fr\/117186425433817669","error":""},"_links":{"self":[{"href":"https:\/\/www.europesays.com\/fr\/wp-json\/wp\/v2\/posts\/1157990","targetHints":{"allow":["GET"]}}],"collection":[{"href":"https:\/\/www.europesays.com\/fr\/wp-json\/wp\/v2\/posts"}],"about":[{"href":"https:\/\/www.europesays.com\/fr\/wp-json\/wp\/v2\/types\/post"}],"author":[{"embeddable":true,"href":"https:\/\/www.europesays.com\/fr\/wp-json\/wp\/v2\/users\/2"}],"replies":[{"embeddable":true,"href":"https:\/\/www.europesays.com\/fr\/wp-json\/wp\/v2\/comments?post=1157990"}],"version-history":[{"count":0,"href":"https:\/\/www.europesays.com\/fr\/wp-json\/wp\/v2\/posts\/1157990\/revisions"}],"wp:featuredmedia":[{"embeddable":true,"href":"https:\/\/www.europesays.com\/fr\/wp-json\/wp\/v2\/media\/1157991"}],"wp:attachment":[{"href":"https:\/\/www.europesays.com\/fr\/wp-json\/wp\/v2\/media?parent=1157990"}],"wp:term":[{"taxonomy":"category","embeddable":true,"href":"https:\/\/www.europesays.com\/fr\/wp-json\/wp\/v2\/categories?post=1157990"},{"taxonomy":"post_tag","embeddable":true,"href":"https:\/\/www.europesays.com\/fr\/wp-json\/wp\/v2\/tags?post=1157990"}],"curies":[{"name":"wp","href":"https:\/\/api.w.org\/{rel}","templated":true}]}}